{"id":949,"date":"2019-07-19T20:46:49","date_gmt":"2019-07-20T00:46:49","guid":{"rendered":"http:\/\/pmi-del.cebem.org\/?p=949"},"modified":"2019-07-19T20:46:50","modified_gmt":"2019-07-20T00:46:50","slug":"alcalde-destaca-apoyo-del-fcm-a-pailon-en-su-informe-publico-del-primer-semestre-2019","status":"publish","type":"post","link":"https:\/\/pmi-del.cebem.org\/?p=949","title":{"rendered":"Alcalde destaca apoyo del FCM a Pail\u00f3n, en su informe p\u00fablico del primer semestre 2019"},"content":{"rendered":"\n<p style=\"text-align:right\"> <strong>Por<\/strong>: Danny Mario Perez, comunicador del Municipio de Pail\u00f3n <\/p>\n\n\n\n<div class=\"wp-block-image\"><figure class=\"aligncenter\"><img data-attachment-id=\"950\" data-permalink=\"https:\/\/pmi-del.cebem.org\/?attachment_id=950\" data-orig-file=\"https:\/\/i0.wp.com\/pmi-del.cebem.org\/wp-content\/uploads\/2019\/07\/alcalde-informe-2019_1.jpeg?fit=1280%2C853&amp;ssl=1\" data-orig-size=\"1280,853\" data-comments-opened=\"1\" data-image-meta=\"{&quot;aperture&quot;:&quot;0&quot;,&quot;credit&quot;:&quot;&quot;,&quot;camera&quot;:&quot;&quot;,&quot;caption&quot;:&quot;&quot;,&quot;created_timestamp&quot;:&quot;0&quot;,&quot;copyright&quot;:&quot;&quot;,&quot;focal_length&quot;:&quot;0&quot;,&quot;iso&quot;:&quot;0&quot;,&quot;shutter_speed&quot;:&quot;0&quot;,&quot;title&quot;:&quot;&quot;,&quot;orientation&quot;:&quot;0&quot;}\" data-image-title=\"alcalde-informe-2019_1\" data-image-description=\"\" data-image-caption=\"\" data-medium-file=\"https:\/\/i0.wp.com\/pmi-del.cebem.org\/wp-content\/uploads\/2019\/07\/alcalde-informe-2019_1.jpeg?fit=300%2C200&amp;ssl=1\" data-large-file=\"https:\/\/i0.wp.com\/pmi-del.cebem.org\/wp-content\/uploads\/2019\/07\/alcalde-informe-2019_1.jpeg?fit=750%2C500&amp;ssl=1\" loading=\"lazy\" width=\"750\" height=\"500\" src=\"https:\/\/i0.wp.com\/pmi-del.cebem.org\/wp-content\/uploads\/2019\/07\/alcalde-informe-2019_1.jpeg?resize=750%2C500&#038;ssl=1\" alt=\"\" class=\"wp-image-950\" srcset=\"https:\/\/i0.wp.com\/pmi-del.cebem.org\/wp-content\/uploads\/2019\/07\/alcalde-informe-2019_1.jpeg?resize=1024%2C682&amp;ssl=1 1024w, https:\/\/i0.wp.com\/pmi-del.cebem.org\/wp-content\/uploads\/2019\/07\/alcalde-informe-2019_1.jpeg?resize=300%2C200&amp;ssl=1 300w, https:\/\/i0.wp.com\/pmi-del.cebem.org\/wp-content\/uploads\/2019\/07\/alcalde-informe-2019_1.jpeg?resize=768%2C512&amp;ssl=1 768w, https:\/\/i0.wp.com\/pmi-del.cebem.org\/wp-content\/uploads\/2019\/07\/alcalde-informe-2019_1.jpeg?w=1280&amp;ssl=1 1280w\" sizes=\"(max-width: 750px) 100vw, 750px\" data-recalc-dims=\"1\" \/><\/figure><\/div>\n\n\n\n<p>En el marco del programa <strong>Partenariados Municipales para la Innovaci\u00f3n en Desarrollo Econ\u00f3mico Local (PMI-DEL)<\/strong>, ante m\u00e1s de 200 personas, representantes de comunidades, instituciones y organizaciones sociales, el alcalde municipal de Pail\u00f3n, Marcial Cruz, destac\u00f3 el apoyo canadiense en su primera rendici\u00f3n de cuentas de este a\u00f1o.<\/p>\n\n\n\n<p>\u00abEstamos muy contento con nuestros amigos canadienses,\nquienes nos est\u00e1n ayudando a nutrir nuestros Desarrollo Econ\u00f3mico Local. Son\nm\u00e1s de 400.000 bolivianos que han destino a fomentar iniciativas a nuestros\nemprendedores\u00bb, manifest\u00f3 la autoridad edil.<\/p>\n\n\n\n<p>Tambi\u00e9n dio a conocer que se est\u00e1n desarrollando talleres y\ncapacitaciones dentro del partenariado con el municipio de Truro de Canad\u00e1.<\/p>\n\n\n\n<p>El informe del alcalde termin\u00f3 con la conformidad de todos\nlos presentes ya que no hubo ninguna cuestionante y se cerr\u00f3 la presentaci\u00f3n\ncon aplausos y felicitaciones.<\/p>\n\n\n\n<div class=\"wp-block-jetpack-slideshow aligncenter\" data-autoplay=\"true\" data-delay=\"3\" data-effect=\"slide\"><div class=\"wp-block-jetpack-slideshow_container swiper-container\"><ul class=\"wp-block-jetpack-slideshow_swiper-wrapper swiper-wrapper\"><li class=\"wp-block-jetpack-slideshow_slide swiper-slide\"><figure><img loading=\"lazy\" width=\"750\" height=\"563\" alt=\"\" class=\"wp-block-jetpack-slideshow_image wp-image-955\" data-id=\"955\" src=\"https:\/\/i0.wp.com\/pmi-del.cebem.org\/wp-content\/uploads\/2019\/07\/alcalde-informe-2019_6.jpeg?resize=750%2C563&#038;ssl=1\" srcset=\"https:\/\/i0.wp.com\/pmi-del.cebem.org\/wp-content\/uploads\/2019\/07\/alcalde-informe-2019_6.jpeg?w=1032&amp;ssl=1 1032w, https:\/\/i0.wp.com\/pmi-del.cebem.org\/wp-content\/uploads\/2019\/07\/alcalde-informe-2019_6.jpeg?resize=300%2C225&amp;ssl=1 300w, https:\/\/i0.wp.com\/pmi-del.cebem.org\/wp-content\/uploads\/2019\/07\/alcalde-informe-2019_6.jpeg?resize=768%2C576&amp;ssl=1 768w, https:\/\/i0.wp.com\/pmi-del.cebem.org\/wp-content\/uploads\/2019\/07\/alcalde-informe-2019_6.jpeg?resize=1024%2C768&amp;ssl=1 1024w, https:\/\/i0.wp.com\/pmi-del.cebem.org\/wp-content\/uploads\/2019\/07\/alcalde-informe-2019_6.jpeg?resize=135%2C100&amp;ssl=1 135w\" sizes=\"(max-width: 750px) 100vw, 750px\" data-recalc-dims=\"1\" \/><\/figure><\/li><li class=\"wp-block-jetpack-slideshow_slide swiper-slide\"><figure><img loading=\"lazy\" width=\"750\" height=\"750\" alt=\"\" class=\"wp-block-jetpack-slideshow_image wp-image-956\" data-id=\"956\" src=\"https:\/\/i0.wp.com\/pmi-del.cebem.org\/wp-content\/uploads\/2019\/07\/alcalde-informe-2019_7.jpeg?resize=750%2C750&#038;ssl=1\" srcset=\"https:\/\/i0.wp.com\/pmi-del.cebem.org\/wp-content\/uploads\/2019\/07\/alcalde-informe-2019_7.jpeg?w=1280&amp;ssl=1 1280w, https:\/\/i0.wp.com\/pmi-del.cebem.org\/wp-content\/uploads\/2019\/07\/alcalde-informe-2019_7.jpeg?resize=150%2C150&amp;ssl=1 150w, https:\/\/i0.wp.com\/pmi-del.cebem.org\/wp-content\/uploads\/2019\/07\/alcalde-informe-2019_7.jpeg?resize=300%2C300&amp;ssl=1 300w, https:\/\/i0.wp.com\/pmi-del.cebem.org\/wp-content\/uploads\/2019\/07\/alcalde-informe-2019_7.jpeg?resize=768%2C768&amp;ssl=1 768w, https:\/\/i0.wp.com\/pmi-del.cebem.org\/wp-content\/uploads\/2019\/07\/alcalde-informe-2019_7.jpeg?resize=1024%2C1024&amp;ssl=1 1024w\" sizes=\"(max-width: 750px) 100vw, 750px\" data-recalc-dims=\"1\" \/><\/figure><\/li><li class=\"wp-block-jetpack-slideshow_slide swiper-slide\"><figure><img loading=\"lazy\" width=\"750\" height=\"563\" alt=\"\" class=\"wp-block-jetpack-slideshow_image wp-image-954\" data-id=\"954\" src=\"https:\/\/i0.wp.com\/pmi-del.cebem.org\/wp-content\/uploads\/2019\/07\/alcalde-informe-2019_5.jpeg?resize=750%2C563&#038;ssl=1\" srcset=\"https:\/\/i0.wp.com\/pmi-del.cebem.org\/wp-content\/uploads\/2019\/07\/alcalde-informe-2019_5.jpeg?w=1032&amp;ssl=1 1032w, https:\/\/i0.wp.com\/pmi-del.cebem.org\/wp-content\/uploads\/2019\/07\/alcalde-informe-2019_5.jpeg?resize=300%2C225&amp;ssl=1 300w, https:\/\/i0.wp.com\/pmi-del.cebem.org\/wp-content\/uploads\/2019\/07\/alcalde-informe-2019_5.jpeg?resize=768%2C576&amp;ssl=1 768w, https:\/\/i0.wp.com\/pmi-del.cebem.org\/wp-content\/uploads\/2019\/07\/alcalde-informe-2019_5.jpeg?resize=1024%2C768&amp;ssl=1 1024w, https:\/\/i0.wp.com\/pmi-del.cebem.org\/wp-content\/uploads\/2019\/07\/alcalde-informe-2019_5.jpeg?resize=135%2C100&amp;ssl=1 135w\" sizes=\"(max-width: 750px) 100vw, 750px\" data-recalc-dims=\"1\" \/><\/figure><\/li><li class=\"wp-block-jetpack-slideshow_slide swiper-slide\"><figure><img loading=\"lazy\" width=\"750\" height=\"1000\" alt=\"\" class=\"wp-block-jetpack-slideshow_image wp-image-953\" data-id=\"953\" src=\"https:\/\/i0.wp.com\/pmi-del.cebem.org\/wp-content\/uploads\/2019\/07\/alcalde-informe-2019_4.jpeg?resize=750%2C1000&#038;ssl=1\" srcset=\"https:\/\/i0.wp.com\/pmi-del.cebem.org\/wp-content\/uploads\/2019\/07\/alcalde-informe-2019_4.jpeg?w=774&amp;ssl=1 774w, https:\/\/i0.wp.com\/pmi-del.cebem.org\/wp-content\/uploads\/2019\/07\/alcalde-informe-2019_4.jpeg?resize=225%2C300&amp;ssl=1 225w, https:\/\/i0.wp.com\/pmi-del.cebem.org\/wp-content\/uploads\/2019\/07\/alcalde-informe-2019_4.jpeg?resize=768%2C1024&amp;ssl=1 768w\" sizes=\"(max-width: 750px) 100vw, 750px\" data-recalc-dims=\"1\" \/><\/figure><\/li><li class=\"wp-block-jetpack-slideshow_slide swiper-slide\"><figure><img loading=\"lazy\" width=\"750\" height=\"563\" alt=\"\" class=\"wp-block-jetpack-slideshow_image wp-image-952\" data-id=\"952\" src=\"https:\/\/i0.wp.com\/pmi-del.cebem.org\/wp-content\/uploads\/2019\/07\/alcalde-informe-2019_3.jpeg?resize=750%2C563&#038;ssl=1\" srcset=\"https:\/\/i0.wp.com\/pmi-del.cebem.org\/wp-content\/uploads\/2019\/07\/alcalde-informe-2019_3.jpeg?w=1032&amp;ssl=1 1032w, https:\/\/i0.wp.com\/pmi-del.cebem.org\/wp-content\/uploads\/2019\/07\/alcalde-informe-2019_3.jpeg?resize=300%2C225&amp;ssl=1 300w, https:\/\/i0.wp.com\/pmi-del.cebem.org\/wp-content\/uploads\/2019\/07\/alcalde-informe-2019_3.jpeg?resize=768%2C576&amp;ssl=1 768w, https:\/\/i0.wp.com\/pmi-del.cebem.org\/wp-content\/uploads\/2019\/07\/alcalde-informe-2019_3.jpeg?resize=1024%2C768&amp;ssl=1 1024w, https:\/\/i0.wp.com\/pmi-del.cebem.org\/wp-content\/uploads\/2019\/07\/alcalde-informe-2019_3.jpeg?resize=135%2C100&amp;ssl=1 135w\" sizes=\"(max-width: 750px) 100vw, 750px\" data-recalc-dims=\"1\" \/><\/figure><\/li><li class=\"wp-block-jetpack-slideshow_slide swiper-slide\"><figure><img loading=\"lazy\" width=\"750\" height=\"563\" alt=\"\" class=\"wp-block-jetpack-slideshow_image wp-image-951\" data-id=\"951\" src=\"https:\/\/i0.wp.com\/pmi-del.cebem.org\/wp-content\/uploads\/2019\/07\/alcalde-informe-2019_2.jpeg?resize=750%2C563&#038;ssl=1\" srcset=\"https:\/\/i0.wp.com\/pmi-del.cebem.org\/wp-content\/uploads\/2019\/07\/alcalde-informe-2019_2.jpeg?w=1032&amp;ssl=1 1032w, https:\/\/i0.wp.com\/pmi-del.cebem.org\/wp-content\/uploads\/2019\/07\/alcalde-informe-2019_2.jpeg?resize=300%2C225&amp;ssl=1 300w, https:\/\/i0.wp.com\/pmi-del.cebem.org\/wp-content\/uploads\/2019\/07\/alcalde-informe-2019_2.jpeg?resize=768%2C576&amp;ssl=1 768w, https:\/\/i0.wp.com\/pmi-del.cebem.org\/wp-content\/uploads\/2019\/07\/alcalde-informe-2019_2.jpeg?resize=1024%2C768&amp;ssl=1 1024w, https:\/\/i0.wp.com\/pmi-del.cebem.org\/wp-content\/uploads\/2019\/07\/alcalde-informe-2019_2.jpeg?resize=135%2C100&amp;ssl=1 135w\" sizes=\"(max-width: 750px) 100vw, 750px\" data-recalc-dims=\"1\" \/><\/figure><\/li><\/ul><a class=\"wp-block-jetpack-slideshow_button-prev swiper-button-prev swiper-button-white\" role=\"button\"><\/a><a class=\"wp-block-jetpack-slideshow_button-next swiper-button-next swiper-button-white\" role=\"button\"><\/a><a aria-label=\"Pause Slideshow\" class=\"wp-block-jetpack-slideshow_button-pause\" role=\"button\"><\/a><div class=\"wp-block-jetpack-slideshow_pagination swiper-pagination swiper-pagination-white\"><\/div><\/div><\/div>\n","protected":false},"excerpt":{"rendered":"<p>Ante m\u00e1s de 200 personas, representantes de comunidades, instituciones y organizaciones sociales, el alcalde municipal de Pail\u00f3n, Marcial Cruz, destac\u00f3 el apoyo canadiense en su primera rendici\u00f3n de cuentas de este a\u00f1o.<\/p>\n","protected":false},"author":3,"featured_media":950,"comment_status":"closed","ping_status":"closed","sticky":false,"template":"","format":"standard","meta":{"jetpack_publicize_message":"Alcalde destaca apoyo del FCM a #Pail\u00f3n, en su informe p\u00fablico del primer semestre 2019","jetpack_is_tweetstorm":false,"jetpack_publicize_feature_enabled":true},"categories":[3],"tags":[17,5],"jetpack_publicize_connections":[],"jetpack_featured_media_url":"https:\/\/i0.wp.com\/pmi-del.cebem.org\/wp-content\/uploads\/2019\/07\/alcalde-informe-2019_1.jpeg?fit=1280%2C853&ssl=1","jetpack_sharing_enabled":true,"jetpack_shortlink":"https:\/\/wp.me\/p9d00R-fj","_links":{"self":[{"href":"https:\/\/pmi-del.cebem.org\/index.php?rest_route=\/wp\/v2\/posts\/949"}],"collection":[{"href":"https:\/\/pmi-del.cebem.org\/index.php?rest_route=\/wp\/v2\/posts"}],"about":[{"href":"https:\/\/pmi-del.cebem.org\/index.php?rest_route=\/wp\/v2\/types\/post"}],"author":[{"embeddable":true,"href":"https:\/\/pmi-del.cebem.org\/index.php?rest_route=\/wp\/v2\/users\/3"}],"replies":[{"embeddable":true,"href":"https:\/\/pmi-del.cebem.org\/index.php?rest_route=%2Fwp%2Fv2%2Fcomments&post=949"}],"version-history":[{"count":2,"href":"https:\/\/pmi-del.cebem.org\/index.php?rest_route=\/wp\/v2\/posts\/949\/revisions"}],"predecessor-version":[{"id":958,"href":"https:\/\/pmi-del.cebem.org\/index.php?rest_route=\/wp\/v2\/posts\/949\/revisions\/958"}],"wp:featuredmedia":[{"embeddable":true,"href":"https:\/\/pmi-del.cebem.org\/index.php?rest_route=\/wp\/v2\/media\/950"}],"wp:attachment":[{"href":"https:\/\/pmi-del.cebem.org\/index.php?rest_route=%2Fwp%2Fv2%2Fmedia&parent=949"}],"wp:term":[{"taxonomy":"category","embeddable":true,"href":"https:\/\/pmi-del.cebem.org\/index.php?rest_route=%2Fwp%2Fv2%2Fcategories&post=949"},{"taxonomy":"post_tag","embeddable":true,"href":"https:\/\/pmi-del.cebem.org\/index.php?rest_route=%2Fwp%2Fv2%2Ftags&post=949"}],"curies":[{"name":"wp","href":"https:\/\/api.w.org\/{rel}","templated":true}]}}