{"id":933,"date":"2019-07-05T11:30:19","date_gmt":"2019-07-05T15:30:19","guid":{"rendered":"http:\/\/pmi-del.cebem.org\/?p=933"},"modified":"2019-07-05T11:34:21","modified_gmt":"2019-07-05T15:34:21","slug":"iniciativa-municipal-de-pailon-busca-atender-mejor-a-sus-visitantes","status":"publish","type":"post","link":"https:\/\/pmi-del.cebem.org\/?p=933","title":{"rendered":"Iniciativa Municipal de Pail\u00f3n, busca atender mejor a sus visitantes"},"content":{"rendered":"\n<p>En el marco del programa <strong>Partenariados Municipales para la Innovaci\u00f3n en Desarrollo Econ\u00f3mico Local (PMI-DEL)<\/strong>  se llev\u00f3 a cabo un avance en el desarrollo del turismo.<\/p>\n\n\n\n<div class=\"wp-block-image\"><figure class=\"aligncenter is-resized\"><img data-attachment-id=\"934\" data-permalink=\"https:\/\/pmi-del.cebem.org\/?attachment_id=934\" data-orig-file=\"https:\/\/i0.wp.com\/pmi-del.cebem.org\/wp-content\/uploads\/2019\/07\/WhatsApp-Image-2019-07-04-at-10.10.07.jpeg?fit=1280%2C960&amp;ssl=1\" data-orig-size=\"1280,960\" data-comments-opened=\"1\" data-image-meta=\"{&quot;aperture&quot;:&quot;0&quot;,&quot;credit&quot;:&quot;&quot;,&quot;camera&quot;:&quot;&quot;,&quot;caption&quot;:&quot;&quot;,&quot;created_timestamp&quot;:&quot;0&quot;,&quot;copyright&quot;:&quot;&quot;,&quot;focal_length&quot;:&quot;0&quot;,&quot;iso&quot;:&quot;0&quot;,&quot;shutter_speed&quot;:&quot;0&quot;,&quot;title&quot;:&quot;&quot;,&quot;orientation&quot;:&quot;0&quot;}\" data-image-title=\"WhatsApp Image 2019-07-04 at 10.10.07\" data-image-description=\"\" data-image-caption=\"\" data-medium-file=\"https:\/\/i0.wp.com\/pmi-del.cebem.org\/wp-content\/uploads\/2019\/07\/WhatsApp-Image-2019-07-04-at-10.10.07.jpeg?fit=300%2C225&amp;ssl=1\" data-large-file=\"https:\/\/i0.wp.com\/pmi-del.cebem.org\/wp-content\/uploads\/2019\/07\/WhatsApp-Image-2019-07-04-at-10.10.07.jpeg?fit=750%2C563&amp;ssl=1\" loading=\"lazy\" src=\"https:\/\/i0.wp.com\/pmi-del.cebem.org\/wp-content\/uploads\/2019\/07\/WhatsApp-Image-2019-07-04-at-10.10.07.jpeg?resize=512%2C384&#038;ssl=1\" alt=\"\" class=\"wp-image-934\" width=\"512\" height=\"384\" srcset=\"https:\/\/i0.wp.com\/pmi-del.cebem.org\/wp-content\/uploads\/2019\/07\/WhatsApp-Image-2019-07-04-at-10.10.07.jpeg?resize=1024%2C768&amp;ssl=1 1024w, https:\/\/i0.wp.com\/pmi-del.cebem.org\/wp-content\/uploads\/2019\/07\/WhatsApp-Image-2019-07-04-at-10.10.07.jpeg?resize=300%2C225&amp;ssl=1 300w, https:\/\/i0.wp.com\/pmi-del.cebem.org\/wp-content\/uploads\/2019\/07\/WhatsApp-Image-2019-07-04-at-10.10.07.jpeg?resize=768%2C576&amp;ssl=1 768w, https:\/\/i0.wp.com\/pmi-del.cebem.org\/wp-content\/uploads\/2019\/07\/WhatsApp-Image-2019-07-04-at-10.10.07.jpeg?resize=135%2C100&amp;ssl=1 135w, https:\/\/i0.wp.com\/pmi-del.cebem.org\/wp-content\/uploads\/2019\/07\/WhatsApp-Image-2019-07-04-at-10.10.07.jpeg?w=1280&amp;ssl=1 1280w\" sizes=\"(max-width: 512px) 100vw, 512px\" data-recalc-dims=\"1\" \/><\/figure><\/div>\n\n\n\n<p>Mapa tur\u00edstico, energ\u00eda el\u00e9ctrica disponible y wifi en la\nplaza principal, es el comienzo de una iniciativa municipal que tiene como\nobjetivo facilitar la estad\u00eda a los visitantes de Pail\u00f3n. A ello se suma la\nimportante inversi\u00f3n que se est\u00e1 realizando en el mejoramiento de las\nluminarias, accesos y la jardiner\u00eda de la plaza.<\/p>\n\n\n\n<p>Ubicado en un lugar estrat\u00e9gico de su plaza, se encuentra un\nmapa tur\u00edstico, que muestra donde est\u00e1n ubicados y como puede llegar a lugares\ncomo, hospital, bancos, mercados, iglesia, alcald\u00eda y asociaciones de\ntransporte, entre otras cosas. Adem\u00e1s del banner, el municipio tiene\ndisponibles volantes con la el mapa tur\u00edstico y mapa general de Pail\u00f3n, en el\nque tambi\u00e9n se encuentra datos importantes como, poblaci\u00f3n, extensi\u00f3n\nterritorial, creaci\u00f3n y fundaci\u00f3n del municipio. <\/p>\n\n\n\n<div class=\"wp-block-image\"><figure class=\"aligncenter is-resized\"><img data-attachment-id=\"862\" data-permalink=\"https:\/\/pmi-del.cebem.org\/?attachment_id=862\" data-orig-file=\"https:\/\/i0.wp.com\/pmi-del.cebem.org\/wp-content\/uploads\/2019\/06\/letrero-en-la-plaza.jpeg?fit=1032%2C774&amp;ssl=1\" data-orig-size=\"1032,774\" data-comments-opened=\"1\" data-image-meta=\"{&quot;aperture&quot;:&quot;0&quot;,&quot;credit&quot;:&quot;&quot;,&quot;camera&quot;:&quot;&quot;,&quot;caption&quot;:&quot;&quot;,&quot;created_timestamp&quot;:&quot;0&quot;,&quot;copyright&quot;:&quot;&quot;,&quot;focal_length&quot;:&quot;0&quot;,&quot;iso&quot;:&quot;0&quot;,&quot;shutter_speed&quot;:&quot;0&quot;,&quot;title&quot;:&quot;&quot;,&quot;orientation&quot;:&quot;0&quot;}\" data-image-title=\"letrero en la plaza\" data-image-description=\"\" data-image-caption=\"&lt;p&gt;Se\u00f1alizaci\u00f3n con el Mapa Tur\u00edstico en la Plaza&lt;\/p&gt;\n\" data-medium-file=\"https:\/\/i0.wp.com\/pmi-del.cebem.org\/wp-content\/uploads\/2019\/06\/letrero-en-la-plaza.jpeg?fit=300%2C225&amp;ssl=1\" data-large-file=\"https:\/\/i0.wp.com\/pmi-del.cebem.org\/wp-content\/uploads\/2019\/06\/letrero-en-la-plaza.jpeg?fit=750%2C563&amp;ssl=1\" loading=\"lazy\" src=\"https:\/\/i0.wp.com\/pmi-del.cebem.org\/wp-content\/uploads\/2019\/06\/letrero-en-la-plaza.jpeg?resize=512%2C384&#038;ssl=1\" alt=\"\" class=\"wp-image-862\" width=\"512\" height=\"384\" srcset=\"https:\/\/i0.wp.com\/pmi-del.cebem.org\/wp-content\/uploads\/2019\/06\/letrero-en-la-plaza.jpeg?resize=1024%2C768&amp;ssl=1 1024w, https:\/\/i0.wp.com\/pmi-del.cebem.org\/wp-content\/uploads\/2019\/06\/letrero-en-la-plaza.jpeg?resize=300%2C225&amp;ssl=1 300w, https:\/\/i0.wp.com\/pmi-del.cebem.org\/wp-content\/uploads\/2019\/06\/letrero-en-la-plaza.jpeg?resize=768%2C576&amp;ssl=1 768w, https:\/\/i0.wp.com\/pmi-del.cebem.org\/wp-content\/uploads\/2019\/06\/letrero-en-la-plaza.jpeg?resize=135%2C100&amp;ssl=1 135w, https:\/\/i0.wp.com\/pmi-del.cebem.org\/wp-content\/uploads\/2019\/06\/letrero-en-la-plaza.jpeg?w=1032&amp;ssl=1 1032w\" sizes=\"(max-width: 512px) 100vw, 512px\" data-recalc-dims=\"1\" \/><figcaption>Se\u00f1alizaci\u00f3n con el Mapa Tur\u00edstico en la Plaza<\/figcaption><\/figure><\/div>\n\n\n\n<p>Cuando un visitante llegue a Pail\u00f3n, tendr\u00e1 a su\ndisposici\u00f3n, volantes y un banner para que pueda encontrar lugares y ubicarse\nmejor; pero adem\u00e1s podr\u00e1 navegar gratuitamente con el internet que el municipio\ndeja a disposici\u00f3n del soberano. A ello se suma que tiene la opci\u00f3n de cargar\nsu celular en los enchufes del chulito de la plaza principal. Puede hacer todo\nesto mientras disfruta de un ambiente acogedor, acompa\u00f1ado por una variada\nflora y aves que le dan un toque arm\u00f3nico.<\/p>\n","protected":false},"excerpt":{"rendered":"<p>Mapa tur\u00edstico, energ\u00eda el\u00e9ctrica disponible y wifi en la plaza principal, es el comienzo de una iniciativa municipal que tiene como objetivo facilitar la estad\u00eda a los visitantes de Pail\u00f3n.<\/p>\n","protected":false},"author":3,"featured_media":934,"comment_status":"closed","ping_status":"closed","sticky":false,"template":"","format":"standard","meta":{"jetpack_publicize_message":"","jetpack_is_tweetstorm":false,"jetpack_publicize_feature_enabled":true},"categories":[3],"tags":[5],"jetpack_publicize_connections":[],"jetpack_featured_media_url":"https:\/\/i0.wp.com\/pmi-del.cebem.org\/wp-content\/uploads\/2019\/07\/WhatsApp-Image-2019-07-04-at-10.10.07.jpeg?fit=1280%2C960&ssl=1","jetpack_sharing_enabled":true,"jetpack_shortlink":"https:\/\/wp.me\/p9d00R-f3","_links":{"self":[{"href":"https:\/\/pmi-del.cebem.org\/index.php?rest_route=\/wp\/v2\/posts\/933"}],"collection":[{"href":"https:\/\/pmi-del.cebem.org\/index.php?rest_route=\/wp\/v2\/posts"}],"about":[{"href":"https:\/\/pmi-del.cebem.org\/index.php?rest_route=\/wp\/v2\/types\/post"}],"author":[{"embeddable":true,"href":"https:\/\/pmi-del.cebem.org\/index.php?rest_route=\/wp\/v2\/users\/3"}],"replies":[{"embeddable":true,"href":"https:\/\/pmi-del.cebem.org\/index.php?rest_route=%2Fwp%2Fv2%2Fcomments&post=933"}],"version-history":[{"count":4,"href":"https:\/\/pmi-del.cebem.org\/index.php?rest_route=\/wp\/v2\/posts\/933\/revisions"}],"predecessor-version":[{"id":938,"href":"https:\/\/pmi-del.cebem.org\/index.php?rest_route=\/wp\/v2\/posts\/933\/revisions\/938"}],"wp:featuredmedia":[{"embeddable":true,"href":"https:\/\/pmi-del.cebem.org\/index.php?rest_route=\/wp\/v2\/media\/934"}],"wp:attachment":[{"href":"https:\/\/pmi-del.cebem.org\/index.php?rest_route=%2Fwp%2Fv2%2Fmedia&parent=933"}],"wp:term":[{"taxonomy":"category","embeddable":true,"href":"https:\/\/pmi-del.cebem.org\/index.php?rest_route=%2Fwp%2Fv2%2Fcategories&post=933"},{"taxonomy":"post_tag","embeddable":true,"href":"https:\/\/pmi-del.cebem.org\/index.php?rest_route=%2Fwp%2Fv2%2Ftags&post=933"}],"curies":[{"name":"wp","href":"https:\/\/api.w.org\/{rel}","templated":true}]}}