{"id":918,"date":"2019-07-03T11:49:56","date_gmt":"2019-07-03T15:49:56","guid":{"rendered":"http:\/\/pmi-del.cebem.org\/?p=918"},"modified":"2019-07-03T11:49:58","modified_gmt":"2019-07-03T15:49:58","slug":"mujeres-emprendedoras-exponen-sus-productos-ante-autoridades-locales","status":"publish","type":"post","link":"https:\/\/pmi-del.cebem.org\/?p=918","title":{"rendered":"Mujeres Emprendedoras exponen sus productos ante Autoridades Locales"},"content":{"rendered":"\n<p style=\"text-align:right\"><strong>Por<\/strong>: Danny Mario Perez, comunicador del Municipio de Pail\u00f3n<\/p>\n\n\n\n<figure class=\"wp-block-image\"><img data-attachment-id=\"919\" data-permalink=\"https:\/\/pmi-del.cebem.org\/?attachment_id=919\" data-orig-file=\"https:\/\/i0.wp.com\/pmi-del.cebem.org\/wp-content\/uploads\/2019\/07\/20190701_153021.jpg?fit=1280%2C960&amp;ssl=1\" data-orig-size=\"1280,960\" data-comments-opened=\"1\" data-image-meta=\"{&quot;aperture&quot;:&quot;1.9&quot;,&quot;credit&quot;:&quot;&quot;,&quot;camera&quot;:&quot;SM-G611M&quot;,&quot;caption&quot;:&quot;&quot;,&quot;created_timestamp&quot;:&quot;1561995021&quot;,&quot;copyright&quot;:&quot;&quot;,&quot;focal_length&quot;:&quot;3.6&quot;,&quot;iso&quot;:&quot;40&quot;,&quot;shutter_speed&quot;:&quot;0.0043103448275862&quot;,&quot;title&quot;:&quot;&quot;,&quot;orientation&quot;:&quot;1&quot;}\" data-image-title=\"20190701_153021\" data-image-description=\"\" data-image-caption=\"\" data-medium-file=\"https:\/\/i0.wp.com\/pmi-del.cebem.org\/wp-content\/uploads\/2019\/07\/20190701_153021.jpg?fit=300%2C225&amp;ssl=1\" data-large-file=\"https:\/\/i0.wp.com\/pmi-del.cebem.org\/wp-content\/uploads\/2019\/07\/20190701_153021.jpg?fit=750%2C563&amp;ssl=1\" loading=\"lazy\" width=\"750\" height=\"563\" src=\"https:\/\/i0.wp.com\/pmi-del.cebem.org\/wp-content\/uploads\/2019\/07\/20190701_153021.jpg?resize=750%2C563&#038;ssl=1\" alt=\"\" class=\"wp-image-919\" srcset=\"https:\/\/i0.wp.com\/pmi-del.cebem.org\/wp-content\/uploads\/2019\/07\/20190701_153021.jpg?resize=1024%2C768&amp;ssl=1 1024w, https:\/\/i0.wp.com\/pmi-del.cebem.org\/wp-content\/uploads\/2019\/07\/20190701_153021.jpg?resize=300%2C225&amp;ssl=1 300w, https:\/\/i0.wp.com\/pmi-del.cebem.org\/wp-content\/uploads\/2019\/07\/20190701_153021.jpg?resize=768%2C576&amp;ssl=1 768w, https:\/\/i0.wp.com\/pmi-del.cebem.org\/wp-content\/uploads\/2019\/07\/20190701_153021.jpg?resize=135%2C100&amp;ssl=1 135w, https:\/\/i0.wp.com\/pmi-del.cebem.org\/wp-content\/uploads\/2019\/07\/20190701_153021.jpg?w=1280&amp;ssl=1 1280w\" sizes=\"(max-width: 750px) 100vw, 750px\" data-recalc-dims=\"1\" \/><\/figure>\n\n\n\n<p>En el marco del programa <strong>Partenariados Municipales para la Innovaci\u00f3n en\nDesarrollo Econ\u00f3mico Local (PMI-DEL)<\/strong> se llev\u00f3 a cabo una\nmuestra del avance en desarrollo econ\u00f3mico local DEL.&nbsp; Las integrantes de la <strong>Asociaci\u00f3n de Emprendedores del Arte Pail\u00f3n<\/strong>, realizaron el 01 de\njulio la presentaci\u00f3n de los trabajos ejecutados por sus 22 integrantes. La actividad\nse llev\u00f3 cabo en la casa de la presidenta de la asociaci\u00f3n, Casta Machua, cont\u00f3\ncon la presencia del alcalde Marcial Cruz Ortiz.<\/p>\n\n\n\n<p>Productos: tejidos, bordados, pintados y costurados. La mayor\u00eda de ellos enfocados en el hogar, fue la base de la presentaci\u00f3n. Se pudo ver hermosos manteles, cortinas, individuales, fundas, cojines, vestidos, camisas y vinchas entre otras prendas.<\/p>\n\n\n\n<p>El apoyo a mujeres emprendedoras, es una\npol\u00edtica incluyente de la gesti\u00f3n del alcalde Marcial Cruz, quien felicit\u00f3 y\ncomprometi\u00f3 su apoyo a todas las artesanas de Pail\u00f3n. En su intervenci\u00f3n\nmanifest\u00f3 que pronto tendr\u00e1n un lugar fijo para vender sus productos y tambi\u00e9n\nles sugiri\u00f3 salir a la plaza principal los fines de semana a exponer sus\ntrabajos a nuestros visitantes.<\/p>\n\n\n\n<div class=\"wp-block-jetpack-slideshow aligncenter\" data-autoplay=\"true\" data-delay=\"3\" data-effect=\"slide\"><div class=\"wp-block-jetpack-slideshow_container swiper-container\"><ul class=\"wp-block-jetpack-slideshow_swiper-wrappper swiper-wrapper\"><li class=\"wp-block-jetpack-slideshow_slide swiper-slide\"><figure><img loading=\"lazy\" width=\"750\" height=\"563\" alt=\"\" class=\"wp-block-jetpack-slideshow_image wp-image-924\" data-id=\"924\" src=\"https:\/\/i0.wp.com\/pmi-del.cebem.org\/wp-content\/uploads\/2019\/07\/20190701_164516.jpg?resize=750%2C563&#038;ssl=1\" srcset=\"https:\/\/i0.wp.com\/pmi-del.cebem.org\/wp-content\/uploads\/2019\/07\/20190701_164516.jpg?w=1280&amp;ssl=1 1280w, https:\/\/i0.wp.com\/pmi-del.cebem.org\/wp-content\/uploads\/2019\/07\/20190701_164516.jpg?resize=300%2C225&amp;ssl=1 300w, https:\/\/i0.wp.com\/pmi-del.cebem.org\/wp-content\/uploads\/2019\/07\/20190701_164516.jpg?resize=768%2C576&amp;ssl=1 768w, https:\/\/i0.wp.com\/pmi-del.cebem.org\/wp-content\/uploads\/2019\/07\/20190701_164516.jpg?resize=1024%2C768&amp;ssl=1 1024w, https:\/\/i0.wp.com\/pmi-del.cebem.org\/wp-content\/uploads\/2019\/07\/20190701_164516.jpg?resize=135%2C100&amp;ssl=1 135w\" sizes=\"(max-width: 750px) 100vw, 750px\" data-recalc-dims=\"1\" \/><\/figure><\/li><li class=\"wp-block-jetpack-slideshow_slide swiper-slide\"><figure><img loading=\"lazy\" width=\"750\" height=\"563\" alt=\"\" class=\"wp-block-jetpack-slideshow_image wp-image-923\" data-id=\"923\" src=\"https:\/\/i0.wp.com\/pmi-del.cebem.org\/wp-content\/uploads\/2019\/07\/20190701_160607.jpg?resize=750%2C563&#038;ssl=1\" srcset=\"https:\/\/i0.wp.com\/pmi-del.cebem.org\/wp-content\/uploads\/2019\/07\/20190701_160607.jpg?w=1280&amp;ssl=1 1280w, https:\/\/i0.wp.com\/pmi-del.cebem.org\/wp-content\/uploads\/2019\/07\/20190701_160607.jpg?resize=300%2C225&amp;ssl=1 300w, https:\/\/i0.wp.com\/pmi-del.cebem.org\/wp-content\/uploads\/2019\/07\/20190701_160607.jpg?resize=768%2C576&amp;ssl=1 768w, https:\/\/i0.wp.com\/pmi-del.cebem.org\/wp-content\/uploads\/2019\/07\/20190701_160607.jpg?resize=1024%2C768&amp;ssl=1 1024w, https:\/\/i0.wp.com\/pmi-del.cebem.org\/wp-content\/uploads\/2019\/07\/20190701_160607.jpg?resize=135%2C100&amp;ssl=1 135w\" sizes=\"(max-width: 750px) 100vw, 750px\" data-recalc-dims=\"1\" \/><\/figure><\/li><li class=\"wp-block-jetpack-slideshow_slide swiper-slide\"><figure><img loading=\"lazy\" width=\"750\" height=\"563\" alt=\"\" class=\"wp-block-jetpack-slideshow_image wp-image-922\" data-id=\"922\" src=\"https:\/\/i0.wp.com\/pmi-del.cebem.org\/wp-content\/uploads\/2019\/07\/20190701_160518.jpg?resize=750%2C563&#038;ssl=1\" srcset=\"https:\/\/i0.wp.com\/pmi-del.cebem.org\/wp-content\/uploads\/2019\/07\/20190701_160518.jpg?w=1280&amp;ssl=1 1280w, https:\/\/i0.wp.com\/pmi-del.cebem.org\/wp-content\/uploads\/2019\/07\/20190701_160518.jpg?resize=300%2C225&amp;ssl=1 300w, https:\/\/i0.wp.com\/pmi-del.cebem.org\/wp-content\/uploads\/2019\/07\/20190701_160518.jpg?resize=768%2C576&amp;ssl=1 768w, https:\/\/i0.wp.com\/pmi-del.cebem.org\/wp-content\/uploads\/2019\/07\/20190701_160518.jpg?resize=1024%2C768&amp;ssl=1 1024w, https:\/\/i0.wp.com\/pmi-del.cebem.org\/wp-content\/uploads\/2019\/07\/20190701_160518.jpg?resize=135%2C100&amp;ssl=1 135w\" sizes=\"(max-width: 750px) 100vw, 750px\" data-recalc-dims=\"1\" \/><\/figure><\/li><li class=\"wp-block-jetpack-slideshow_slide swiper-slide\"><figure><img loading=\"lazy\" width=\"750\" height=\"563\" alt=\"\" class=\"wp-block-jetpack-slideshow_image wp-image-921\" data-id=\"921\" src=\"https:\/\/i0.wp.com\/pmi-del.cebem.org\/wp-content\/uploads\/2019\/07\/20190701_160222.jpg?resize=750%2C563&#038;ssl=1\" srcset=\"https:\/\/i0.wp.com\/pmi-del.cebem.org\/wp-content\/uploads\/2019\/07\/20190701_160222.jpg?w=1280&amp;ssl=1 1280w, https:\/\/i0.wp.com\/pmi-del.cebem.org\/wp-content\/uploads\/2019\/07\/20190701_160222.jpg?resize=300%2C225&amp;ssl=1 300w, https:\/\/i0.wp.com\/pmi-del.cebem.org\/wp-content\/uploads\/2019\/07\/20190701_160222.jpg?resize=768%2C576&amp;ssl=1 768w, https:\/\/i0.wp.com\/pmi-del.cebem.org\/wp-content\/uploads\/2019\/07\/20190701_160222.jpg?resize=1024%2C768&amp;ssl=1 1024w, https:\/\/i0.wp.com\/pmi-del.cebem.org\/wp-content\/uploads\/2019\/07\/20190701_160222.jpg?resize=135%2C100&amp;ssl=1 135w\" sizes=\"(max-width: 750px) 100vw, 750px\" data-recalc-dims=\"1\" \/><\/figure><\/li><li class=\"wp-block-jetpack-slideshow_slide swiper-slide\"><figure><img loading=\"lazy\" width=\"750\" height=\"563\" alt=\"\" class=\"wp-block-jetpack-slideshow_image wp-image-920\" data-id=\"920\" src=\"https:\/\/i0.wp.com\/pmi-del.cebem.org\/wp-content\/uploads\/2019\/07\/20190701_153624.jpg?resize=750%2C563&#038;ssl=1\" srcset=\"https:\/\/i0.wp.com\/pmi-del.cebem.org\/wp-content\/uploads\/2019\/07\/20190701_153624.jpg?w=1280&amp;ssl=1 1280w, https:\/\/i0.wp.com\/pmi-del.cebem.org\/wp-content\/uploads\/2019\/07\/20190701_153624.jpg?resize=300%2C225&amp;ssl=1 300w, https:\/\/i0.wp.com\/pmi-del.cebem.org\/wp-content\/uploads\/2019\/07\/20190701_153624.jpg?resize=768%2C576&amp;ssl=1 768w, https:\/\/i0.wp.com\/pmi-del.cebem.org\/wp-content\/uploads\/2019\/07\/20190701_153624.jpg?resize=1024%2C768&amp;ssl=1 1024w, https:\/\/i0.wp.com\/pmi-del.cebem.org\/wp-content\/uploads\/2019\/07\/20190701_153624.jpg?resize=135%2C100&amp;ssl=1 135w\" sizes=\"(max-width: 750px) 100vw, 750px\" data-recalc-dims=\"1\" \/><\/figure><\/li><\/ul><a class=\"wp-block-jetpack-slideshow_button-prev swiper-button-prev swiper-button-white\" role=\"button\"><\/a><a class=\"wp-block-jetpack-slideshow_button-next swiper-button-next swiper-button-white\" role=\"button\"><\/a><a aria-label=\"Pause Slideshow\" class=\"wp-block-jetpack-slideshow_button-pause\" role=\"button\"><\/a><div class=\"wp-block-jetpack-slideshow_pagination swiper-pagination swiper-pagination-white\"><\/div><\/div><\/div>\n","protected":false},"excerpt":{"rendered":"<p>Las integrantes de la Asociaci\u00f3n de Emprendedores del Arte Pail\u00f3n, realizaron el 01 de julio la presentaci\u00f3n de los trabajos ejecutados por sus 22 integrantes. La actividad se llev\u00f3 cabo en la casa de la presidenta de la asociaci\u00f3n, Casta Machua, cont\u00f3 con la presencia del alcalde Marcial Cruz Ortiz.<\/p>\n","protected":false},"author":3,"featured_media":919,"comment_status":"closed","ping_status":"closed","sticky":false,"template":"","format":"standard","meta":{"jetpack_publicize_message":"#MujeresEmprendedoras de Pail\u00f3n exponen sus productos ante Autoridades Locales","jetpack_is_tweetstorm":false,"jetpack_publicize_feature_enabled":true},"categories":[3],"tags":[15,16,5],"jetpack_publicize_connections":[],"jetpack_featured_media_url":"https:\/\/i0.wp.com\/pmi-del.cebem.org\/wp-content\/uploads\/2019\/07\/20190701_153021.jpg?fit=1280%2C960&ssl=1","jetpack_sharing_enabled":true,"jetpack_shortlink":"https:\/\/wp.me\/p9d00R-eO","_links":{"self":[{"href":"https:\/\/pmi-del.cebem.org\/index.php?rest_route=\/wp\/v2\/posts\/918"}],"collection":[{"href":"https:\/\/pmi-del.cebem.org\/index.php?rest_route=\/wp\/v2\/posts"}],"about":[{"href":"https:\/\/pmi-del.cebem.org\/index.php?rest_route=\/wp\/v2\/types\/post"}],"author":[{"embeddable":true,"href":"https:\/\/pmi-del.cebem.org\/index.php?rest_route=\/wp\/v2\/users\/3"}],"replies":[{"embeddable":true,"href":"https:\/\/pmi-del.cebem.org\/index.php?rest_route=%2Fwp%2Fv2%2Fcomments&post=918"}],"version-history":[{"count":1,"href":"https:\/\/pmi-del.cebem.org\/index.php?rest_route=\/wp\/v2\/posts\/918\/revisions"}],"predecessor-version":[{"id":925,"href":"https:\/\/pmi-del.cebem.org\/index.php?rest_route=\/wp\/v2\/posts\/918\/revisions\/925"}],"wp:featuredmedia":[{"embeddable":true,"href":"https:\/\/pmi-del.cebem.org\/index.php?rest_route=\/wp\/v2\/media\/919"}],"wp:attachment":[{"href":"https:\/\/pmi-del.cebem.org\/index.php?rest_route=%2Fwp%2Fv2%2Fmedia&parent=918"}],"wp:term":[{"taxonomy":"category","embeddable":true,"href":"https:\/\/pmi-del.cebem.org\/index.php?rest_route=%2Fwp%2Fv2%2Fcategories&post=918"},{"taxonomy":"post_tag","embeddable":true,"href":"https:\/\/pmi-del.cebem.org\/index.php?rest_route=%2Fwp%2Fv2%2Ftags&post=918"}],"curies":[{"name":"wp","href":"https:\/\/api.w.org\/{rel}","templated":true}]}}