{"id":846,"date":"2019-06-27T10:42:30","date_gmt":"2019-06-27T14:42:30","guid":{"rendered":"http:\/\/pmi-del.cebem.org\/?p=846"},"modified":"2019-06-27T10:42:31","modified_gmt":"2019-06-27T14:42:31","slug":"programa-boliviano-participa-en-el-foro-regional-de-desarrollo-economico-local-para-america-latina-y-el-caribe","status":"publish","type":"post","link":"https:\/\/pmi-del.cebem.org\/?p=846","title":{"rendered":"Programa boliviano participa en el \u00abForo Regional de Desarrollo Econ\u00f3mico Local para Am\u00e9rica Latina y el Caribe\u00bb"},"content":{"rendered":"\n<p>\u201cHacia sociedades m\u00e1s sostenibles, inclusivas e\nigualitarias\u201d<\/p>\n\n\n\n<p>Del 7 &#8211; 9 mayo en Barranquilla \u2013 Colombia<\/p>\n\n\n\n<div class=\"wp-block-image\"><figure class=\"aligncenter is-resized\"><img data-attachment-id=\"847\" data-permalink=\"https:\/\/pmi-del.cebem.org\/?attachment_id=847\" data-orig-file=\"https:\/\/i0.wp.com\/pmi-del.cebem.org\/wp-content\/uploads\/2019\/06\/barranquilla_3.jpg?fit=960%2C1280&amp;ssl=1\" data-orig-size=\"960,1280\" data-comments-opened=\"1\" data-image-meta=\"{&quot;aperture&quot;:&quot;0&quot;,&quot;credit&quot;:&quot;&quot;,&quot;camera&quot;:&quot;&quot;,&quot;caption&quot;:&quot;&quot;,&quot;created_timestamp&quot;:&quot;0&quot;,&quot;copyright&quot;:&quot;&quot;,&quot;focal_length&quot;:&quot;0&quot;,&quot;iso&quot;:&quot;0&quot;,&quot;shutter_speed&quot;:&quot;0&quot;,&quot;title&quot;:&quot;&quot;,&quot;orientation&quot;:&quot;0&quot;}\" data-image-title=\"barranquilla_3\" data-image-description=\"\" data-image-caption=\"\" data-medium-file=\"https:\/\/i0.wp.com\/pmi-del.cebem.org\/wp-content\/uploads\/2019\/06\/barranquilla_3.jpg?fit=225%2C300&amp;ssl=1\" data-large-file=\"https:\/\/i0.wp.com\/pmi-del.cebem.org\/wp-content\/uploads\/2019\/06\/barranquilla_3.jpg?fit=750%2C1000&amp;ssl=1\" loading=\"lazy\" src=\"https:\/\/i0.wp.com\/pmi-del.cebem.org\/wp-content\/uploads\/2019\/06\/barranquilla_3.jpg?resize=384%2C512&#038;ssl=1\" alt=\"\" class=\"wp-image-847\" width=\"384\" height=\"512\" srcset=\"https:\/\/i0.wp.com\/pmi-del.cebem.org\/wp-content\/uploads\/2019\/06\/barranquilla_3.jpg?resize=768%2C1024&amp;ssl=1 768w, https:\/\/i0.wp.com\/pmi-del.cebem.org\/wp-content\/uploads\/2019\/06\/barranquilla_3.jpg?resize=225%2C300&amp;ssl=1 225w, https:\/\/i0.wp.com\/pmi-del.cebem.org\/wp-content\/uploads\/2019\/06\/barranquilla_3.jpg?w=960&amp;ssl=1 960w\" sizes=\"(max-width: 384px) 100vw, 384px\" data-recalc-dims=\"1\" \/><\/figure><\/div>\n\n\n\n<p>En el marco del programa Partenariados Municipales para la\nInnovaci\u00f3n en Desarrollo Econ\u00f3mico Local (PMI-DEL) participaron en el Foro <strong>t\u00e9cnicos de los municipios de Vinto y\nPail\u00f3n, junto a ejecutivos del sistema asociativo boliviano.<\/strong><\/p>\n\n\n\n<p>En su tercera versi\u00f3n, el foro trabaj\u00f3 en la identificaci\u00f3n\nde un \u00abmarco de resiliencia y cohesi\u00f3n para un desarrollo sostenible e\ninclusivo\u00bb.<\/p>\n\n\n\n<p>Como un espacio de di\u00e1logo para la convergencia de enfoques y propuestas desde los organismos internacionales, los gobiernos nacionales y locales, las entidades territoriales y los actores locales, el Foro facilit\u00f3 el intercambio de conocimiento y la consolidaci\u00f3n de redes de trabajo entorno al Desarrollo Econ\u00f3mico Local. El enfoque pretendi\u00f3 la integraci\u00f3n de las tres dimensiones del <strong>desarrollo humano sostenible: ambiental, social y econ\u00f3mica.<\/strong><\/p>\n\n\n\n<div class=\"wp-block-image\"><figure class=\"aligncenter\"><img data-attachment-id=\"848\" data-permalink=\"https:\/\/pmi-del.cebem.org\/?attachment_id=848\" data-orig-file=\"https:\/\/i0.wp.com\/pmi-del.cebem.org\/wp-content\/uploads\/2019\/06\/barranquilla_1.jpg?fit=1280%2C720&amp;ssl=1\" data-orig-size=\"1280,720\" data-comments-opened=\"1\" data-image-meta=\"{&quot;aperture&quot;:&quot;0&quot;,&quot;credit&quot;:&quot;&quot;,&quot;camera&quot;:&quot;&quot;,&quot;caption&quot;:&quot;&quot;,&quot;created_timestamp&quot;:&quot;0&quot;,&quot;copyright&quot;:&quot;&quot;,&quot;focal_length&quot;:&quot;0&quot;,&quot;iso&quot;:&quot;0&quot;,&quot;shutter_speed&quot;:&quot;0&quot;,&quot;title&quot;:&quot;&quot;,&quot;orientation&quot;:&quot;0&quot;}\" data-image-title=\"barranquilla_1\" data-image-description=\"\" data-image-caption=\"\" data-medium-file=\"https:\/\/i0.wp.com\/pmi-del.cebem.org\/wp-content\/uploads\/2019\/06\/barranquilla_1.jpg?fit=300%2C169&amp;ssl=1\" data-large-file=\"https:\/\/i0.wp.com\/pmi-del.cebem.org\/wp-content\/uploads\/2019\/06\/barranquilla_1.jpg?fit=750%2C422&amp;ssl=1\" loading=\"lazy\" width=\"750\" height=\"422\" src=\"https:\/\/i0.wp.com\/pmi-del.cebem.org\/wp-content\/uploads\/2019\/06\/barranquilla_1.jpg?resize=750%2C422&#038;ssl=1\" alt=\"\" class=\"wp-image-848\" srcset=\"https:\/\/i0.wp.com\/pmi-del.cebem.org\/wp-content\/uploads\/2019\/06\/barranquilla_1.jpg?resize=1024%2C576&amp;ssl=1 1024w, https:\/\/i0.wp.com\/pmi-del.cebem.org\/wp-content\/uploads\/2019\/06\/barranquilla_1.jpg?resize=300%2C169&amp;ssl=1 300w, https:\/\/i0.wp.com\/pmi-del.cebem.org\/wp-content\/uploads\/2019\/06\/barranquilla_1.jpg?resize=768%2C432&amp;ssl=1 768w, https:\/\/i0.wp.com\/pmi-del.cebem.org\/wp-content\/uploads\/2019\/06\/barranquilla_1.jpg?w=1280&amp;ssl=1 1280w\" sizes=\"(max-width: 750px) 100vw, 750px\" data-recalc-dims=\"1\" \/><\/figure><\/div>\n\n\n\n<p><strong>\u00abEl Desarrollo Econ\u00f3mico Local en territorios fr\u00e1giles y afectados por conflictos y violencia\u00bb<\/strong> fue el tema central de esta 3\u00aa edici\u00f3n, y estuvo presente de manera transversal en los ocho (8) bloques tem\u00e1ticos en <strong>talleres y mesas de debate <\/strong>(abajo se detalla).<\/p>\n\n\n\n<p>Los debates resaltaron la gran actualidad, en todos los\nterritorios a nivel mundial, los grandes retos econ\u00f3micos de las pr\u00f3ximas\nd\u00e9cadas: altos niveles de desempleo, la transformaci\u00f3n productiva y el desarrollo\nterritorial. El foro fue una oportunidad para analizar el <strong>Desarrollo Econ\u00f3mico Local como un veh\u00edculo para implementar los ODS a\nnivel local<\/strong> en espacios de di\u00e1logo con la academia, las entidades\ngubernamentales, la cooperaci\u00f3n internacional y la sociedad civil.<\/p>\n\n\n\n<p><strong>Talleres y mesas de debate<\/strong><\/p>\n\n\n\n<p>Las plenarias<\/p>\n\n\n\n<ol><li>El Desarrollo Econ\u00f3mico Local en territorios fr\u00e1giles y afectados por conflictos.<\/li><li>Estrategias para avanzar hacia modelos territoriales inclusivos.<\/li><li>Descentralizaci\u00f3n y Gobernanza Territorial.<\/li><li>Esquemas de articulaci\u00f3n del sector privado, cooperaci\u00f3n internacional y desarrollo territorial.<\/li><li>Instrumentos de planificaci\u00f3n y concertaci\u00f3n para la construcci\u00f3n de paz.<\/li><li>Agenciamientos y estrategias de sostenibilidad.<\/li><li>El Turismo sostenible como herramienta de desarrollo local.<\/li><li>Articulaci\u00f3n y sostenibilidad en procesos de Desarrollo Econ\u00f3mico Local.<\/li><li>Pol\u00edticas p\u00fablicas para la promoci\u00f3n del desarrollo Econ\u00f3mico Local y Territorial.<\/li><li>Los procesos de migraci\u00f3n en el marco del Desarrollo Local y territorial.<\/li><li>Empleo y empoderamiento econ\u00f3mico de los j\u00f3venes, las mujeres y los sectores vulnerables. (Participaci\u00f3n en el conversatorio de la ejecutiva de ACOBOL).<\/li><li>Gesti\u00f3n integrada y sostenible de los recursos naturales (La introducci\u00f3n y moderaci\u00f3n la realiz\u00f3 la ejecutiva de la AMB y participaron del conversatorio ejecutivos de CISAL y de la Presidenta de la ACOBOL)<\/li><\/ol>\n\n\n\n<div class=\"wp-block-image\"><figure class=\"aligncenter\"><img data-attachment-id=\"849\" data-permalink=\"https:\/\/pmi-del.cebem.org\/?attachment_id=849\" data-orig-file=\"https:\/\/i0.wp.com\/pmi-del.cebem.org\/wp-content\/uploads\/2019\/06\/barranquilla_2.jpg?fit=1280%2C720&amp;ssl=1\" data-orig-size=\"1280,720\" data-comments-opened=\"1\" data-image-meta=\"{&quot;aperture&quot;:&quot;0&quot;,&quot;credit&quot;:&quot;&quot;,&quot;camera&quot;:&quot;&quot;,&quot;caption&quot;:&quot;&quot;,&quot;created_timestamp&quot;:&quot;0&quot;,&quot;copyright&quot;:&quot;&quot;,&quot;focal_length&quot;:&quot;0&quot;,&quot;iso&quot;:&quot;0&quot;,&quot;shutter_speed&quot;:&quot;0&quot;,&quot;title&quot;:&quot;&quot;,&quot;orientation&quot;:&quot;0&quot;}\" data-image-title=\"barranquilla_2\" data-image-description=\"\" data-image-caption=\"\" data-medium-file=\"https:\/\/i0.wp.com\/pmi-del.cebem.org\/wp-content\/uploads\/2019\/06\/barranquilla_2.jpg?fit=300%2C169&amp;ssl=1\" data-large-file=\"https:\/\/i0.wp.com\/pmi-del.cebem.org\/wp-content\/uploads\/2019\/06\/barranquilla_2.jpg?fit=750%2C422&amp;ssl=1\" loading=\"lazy\" width=\"750\" height=\"422\" src=\"https:\/\/i0.wp.com\/pmi-del.cebem.org\/wp-content\/uploads\/2019\/06\/barranquilla_2.jpg?resize=750%2C422&#038;ssl=1\" alt=\"\" class=\"wp-image-849\" srcset=\"https:\/\/i0.wp.com\/pmi-del.cebem.org\/wp-content\/uploads\/2019\/06\/barranquilla_2.jpg?resize=1024%2C576&amp;ssl=1 1024w, https:\/\/i0.wp.com\/pmi-del.cebem.org\/wp-content\/uploads\/2019\/06\/barranquilla_2.jpg?resize=300%2C169&amp;ssl=1 300w, https:\/\/i0.wp.com\/pmi-del.cebem.org\/wp-content\/uploads\/2019\/06\/barranquilla_2.jpg?resize=768%2C432&amp;ssl=1 768w, https:\/\/i0.wp.com\/pmi-del.cebem.org\/wp-content\/uploads\/2019\/06\/barranquilla_2.jpg?w=1280&amp;ssl=1 1280w\" sizes=\"(max-width: 750px) 100vw, 750px\" data-recalc-dims=\"1\" \/><\/figure><\/div>\n","protected":false},"excerpt":{"rendered":"<p>El Foro es un espacio de di\u00e1logo que permite la convergencia de enfoques y propuestas desde los organismos internacionales, los gobiernos nacionales y locales, las entidades territoriales y los actores locales.<\/p>\n","protected":false},"author":3,"featured_media":849,"comment_status":"closed","ping_status":"closed","sticky":false,"template":"","format":"standard","meta":{"jetpack_publicize_message":"Programa boliviano participa en el \"Foro Regional de Desarrollo Econ\u00f3mico Local para Am\u00e9rica Latina y el Caribe\"\n\nDel 7 - 9 mayo en Barranquilla \u2013 #Colombia","jetpack_is_tweetstorm":false,"jetpack_publicize_feature_enabled":true},"categories":[3],"tags":[12],"jetpack_publicize_connections":[],"jetpack_featured_media_url":"https:\/\/i0.wp.com\/pmi-del.cebem.org\/wp-content\/uploads\/2019\/06\/barranquilla_2.jpg?fit=1280%2C720&ssl=1","jetpack_sharing_enabled":true,"jetpack_shortlink":"https:\/\/wp.me\/p9d00R-dE","_links":{"self":[{"href":"https:\/\/pmi-del.cebem.org\/index.php?rest_route=\/wp\/v2\/posts\/846"}],"collection":[{"href":"https:\/\/pmi-del.cebem.org\/index.php?rest_route=\/wp\/v2\/posts"}],"about":[{"href":"https:\/\/pmi-del.cebem.org\/index.php?rest_route=\/wp\/v2\/types\/post"}],"author":[{"embeddable":true,"href":"https:\/\/pmi-del.cebem.org\/index.php?rest_route=\/wp\/v2\/users\/3"}],"replies":[{"embeddable":true,"href":"https:\/\/pmi-del.cebem.org\/index.php?rest_route=%2Fwp%2Fv2%2Fcomments&post=846"}],"version-history":[{"count":1,"href":"https:\/\/pmi-del.cebem.org\/index.php?rest_route=\/wp\/v2\/posts\/846\/revisions"}],"predecessor-version":[{"id":850,"href":"https:\/\/pmi-del.cebem.org\/index.php?rest_route=\/wp\/v2\/posts\/846\/revisions\/850"}],"wp:featuredmedia":[{"embeddable":true,"href":"https:\/\/pmi-del.cebem.org\/index.php?rest_route=\/wp\/v2\/media\/849"}],"wp:attachment":[{"href":"https:\/\/pmi-del.cebem.org\/index.php?rest_route=%2Fwp%2Fv2%2Fmedia&parent=846"}],"wp:term":[{"taxonomy":"category","embeddable":true,"href":"https:\/\/pmi-del.cebem.org\/index.php?rest_route=%2Fwp%2Fv2%2Fcategories&post=846"},{"taxonomy":"post_tag","embeddable":true,"href":"https:\/\/pmi-del.cebem.org\/index.php?rest_route=%2Fwp%2Fv2%2Ftags&post=846"}],"curies":[{"name":"wp","href":"https:\/\/api.w.org\/{rel}","templated":true}]}}