{"id":788,"date":"2019-05-31T11:56:25","date_gmt":"2019-05-31T15:56:25","guid":{"rendered":"http:\/\/pmi-del.cebem.org\/?p=788"},"modified":"2019-06-04T19:51:10","modified_gmt":"2019-06-04T23:51:10","slug":"bolivia-boletin-numero-2-abril-2019","status":"publish","type":"post","link":"https:\/\/pmi-del.cebem.org\/?p=788","title":{"rendered":"BOLIVIA | Bolet\u00edn n\u00famero 2 | Abril 2019"},"content":{"rendered":"\n<div data-carousel-extra='{\"blog_id\":1,\"permalink\":\"https:\\\/\\\/pmi-del.cebem.org\\\/?p=788\"}' class=\"wp-block-media-text\" style=\"background-color:#731b3d;grid-template-columns:36% auto\"><figure class=\"wp-block-media-text__media\"><img data-attachment-id=\"829\" data-permalink=\"https:\/\/pmi-del.cebem.org\/?attachment_id=829\" data-orig-file=\"https:\/\/i0.wp.com\/pmi-del.cebem.org\/wp-content\/uploads\/2019\/05\/logo-pmi-xl-fondo.jpg?fit=600%2C300&amp;ssl=1\" data-orig-size=\"600,300\" data-comments-opened=\"1\" data-image-meta=\"{&quot;aperture&quot;:&quot;0&quot;,&quot;credit&quot;:&quot;&quot;,&quot;camera&quot;:&quot;&quot;,&quot;caption&quot;:&quot;&quot;,&quot;created_timestamp&quot;:&quot;0&quot;,&quot;copyright&quot;:&quot;&quot;,&quot;focal_length&quot;:&quot;0&quot;,&quot;iso&quot;:&quot;0&quot;,&quot;shutter_speed&quot;:&quot;0&quot;,&quot;title&quot;:&quot;&quot;,&quot;orientation&quot;:&quot;0&quot;}\" data-image-title=\"logo-pmi-xl-fondo\" data-image-description=\"\" data-image-caption=\"\" data-medium-file=\"https:\/\/i0.wp.com\/pmi-del.cebem.org\/wp-content\/uploads\/2019\/05\/logo-pmi-xl-fondo.jpg?fit=300%2C150&amp;ssl=1\" data-large-file=\"https:\/\/i0.wp.com\/pmi-del.cebem.org\/wp-content\/uploads\/2019\/05\/logo-pmi-xl-fondo.jpg?fit=600%2C300&amp;ssl=1\" loading=\"lazy\" width=\"600\" height=\"300\" src=\"https:\/\/i0.wp.com\/pmi-del.cebem.org\/wp-content\/uploads\/2019\/05\/logo-pmi-xl-fondo.jpg?resize=600%2C300&#038;ssl=1\" alt=\"\" class=\"wp-image-829\" srcset=\"https:\/\/i0.wp.com\/pmi-del.cebem.org\/wp-content\/uploads\/2019\/05\/logo-pmi-xl-fondo.jpg?w=600&amp;ssl=1 600w, https:\/\/i0.wp.com\/pmi-del.cebem.org\/wp-content\/uploads\/2019\/05\/logo-pmi-xl-fondo.jpg?resize=300%2C150&amp;ssl=1 300w\" sizes=\"(max-width: 600px) 100vw, 600px\" data-recalc-dims=\"1\" \/><\/figure><div data-carousel-extra='{\"blog_id\":1,\"permalink\":\"https:\\\/\\\/pmi-del.cebem.org\\\/?p=788\"}' class=\"wp-block-media-text__content\">\n<p style=\"color:#ffffff;text-align:right\" class=\"has-text-color has-medium-font-size\"><strong>Partenariados Municipales para la Innovaci\u00f3n en Desarrollo Econ\u00f3mico Local <\/strong><\/p>\n<\/div><\/div>\n\n\n\n<p style=\"background-color:#dcede2;text-align:right\" class=\"has-background\"><strong>BOLIVIA | Bolet\u00edn n\u00famero 2 | Abril 2019<\/strong><\/p>\n\n\n\n<p style=\"text-align:center\" class=\"has-medium-font-size\"><strong>Formaci\u00f3n Empresarial y de Negocios<\/strong><br><strong>Aprendiendo de buenas pr\u00e1cticas entre municipios<\/strong><br><strong>Ejemplo piloto de cooperaci\u00f3n <\/strong><\/p>\n\n\n\n<p style=\"background-color:#dcede2;text-align:justify\" class=\"has-background\">Municipio de Vinto, Cochabamba, Bolivia, intercambiaron herramientas de  capacitaci\u00f3n de emprendedores para el desarrollo Econ\u00f3mico Local en  Partenariado con la ciudad de Timmins, Ontario, Canad\u00e1 <\/p>\n\n\n\n<p style=\"background-color:#d9ffff;font-size:22px;text-align:center\" class=\"has-background\" id=\"bol2-1\"><strong>TALLER SOBRE LAS HERRAMIENTAS PARA LA FORMACI\u00d3N EMPRESARIAL Y NEGOCIOS<\/strong><\/p>\n\n\n\n<p style=\"text-align:center\">\nVinto, Cochabamba, 03 al 09 de febrero de 2019\n\n<\/p>\n\n\n\n<div data-carousel-extra='{\"blog_id\":1,\"permalink\":\"https:\\\/\\\/pmi-del.cebem.org\\\/?p=788\"}' class=\"wp-block-image\"><figure class=\"aligncenter is-resized\"><img data-attachment-id=\"747\" data-permalink=\"https:\/\/pmi-del.cebem.org\/?attachment_id=747\" data-orig-file=\"https:\/\/i0.wp.com\/pmi-del.cebem.org\/wp-content\/uploads\/2019\/05\/taller-01.png?fit=761%2C429&amp;ssl=1\" data-orig-size=\"761,429\" data-comments-opened=\"1\" data-image-meta=\"{&quot;aperture&quot;:&quot;0&quot;,&quot;credit&quot;:&quot;&quot;,&quot;camera&quot;:&quot;&quot;,&quot;caption&quot;:&quot;&quot;,&quot;created_timestamp&quot;:&quot;0&quot;,&quot;copyright&quot;:&quot;&quot;,&quot;focal_length&quot;:&quot;0&quot;,&quot;iso&quot;:&quot;0&quot;,&quot;shutter_speed&quot;:&quot;0&quot;,&quot;title&quot;:&quot;&quot;,&quot;orientation&quot;:&quot;0&quot;}\" data-image-title=\"taller-01\" data-image-description=\"\" data-image-caption=\"\" data-medium-file=\"https:\/\/i0.wp.com\/pmi-del.cebem.org\/wp-content\/uploads\/2019\/05\/taller-01.png?fit=300%2C169&amp;ssl=1\" data-large-file=\"https:\/\/i0.wp.com\/pmi-del.cebem.org\/wp-content\/uploads\/2019\/05\/taller-01.png?fit=750%2C423&amp;ssl=1\" loading=\"lazy\" src=\"https:\/\/i0.wp.com\/pmi-del.cebem.org\/wp-content\/uploads\/2019\/05\/taller-01.png?resize=750%2C423&#038;ssl=1\" alt=\"\" class=\"wp-image-747\" width=\"750\" height=\"423\" srcset=\"https:\/\/i0.wp.com\/pmi-del.cebem.org\/wp-content\/uploads\/2019\/05\/taller-01.png?w=761&amp;ssl=1 761w, https:\/\/i0.wp.com\/pmi-del.cebem.org\/wp-content\/uploads\/2019\/05\/taller-01.png?resize=300%2C169&amp;ssl=1 300w\" sizes=\"(max-width: 750px) 100vw, 750px\" data-recalc-dims=\"1\" \/><\/figure><\/div>\n\n\n\n<p style=\"text-align:justify\">T\u00e9cnicos municipales de Vinto, el Programa Partenariados Municipales para la Innovaci\u00f3n en Desarrollo Econ\u00f3mico Local (PMI-DEL) y expertos del municipio de la ciudad de Timmins, trabajan en el uso de herramientas para desarrollar planes de negocios.<\/p>\n\n\n\n<p style=\"text-align:justify\">Despu\u00e9s de una visita de t\u00e9cnicos del Gobierno Aut\u00f3nomo Municipal de Vinto a la Ciudad de Timmins \u2013 Canad\u00e1, dentro el partenariado de estas dos ciudades, intercambian los resultados de adaptaci\u00f3n de un manual gu\u00eda para emprendedores.<\/p>\n\n\n\n<p style=\"background-color:#d9ffff;font-size:22px;text-align:center\" class=\"has-background\" id=\"bol2-2\"><strong>EL RETO DE DEL TRABAJO FORMAL<\/strong><\/p>\n\n\n\n<div data-carousel-extra='{\"blog_id\":1,\"permalink\":\"https:\\\/\\\/pmi-del.cebem.org\\\/?p=788\"}' class=\"wp-block-media-text\" style=\"grid-template-columns:42% auto\"><figure class=\"wp-block-media-text__media\"><img data-attachment-id=\"748\" data-permalink=\"https:\/\/pmi-del.cebem.org\/?attachment_id=748\" data-orig-file=\"https:\/\/i0.wp.com\/pmi-del.cebem.org\/wp-content\/uploads\/2019\/05\/taller-02.png?fit=224%2C279&amp;ssl=1\" data-orig-size=\"224,279\" data-comments-opened=\"1\" data-image-meta=\"{&quot;aperture&quot;:&quot;0&quot;,&quot;credit&quot;:&quot;&quot;,&quot;camera&quot;:&quot;&quot;,&quot;caption&quot;:&quot;&quot;,&quot;created_timestamp&quot;:&quot;0&quot;,&quot;copyright&quot;:&quot;&quot;,&quot;focal_length&quot;:&quot;0&quot;,&quot;iso&quot;:&quot;0&quot;,&quot;shutter_speed&quot;:&quot;0&quot;,&quot;title&quot;:&quot;&quot;,&quot;orientation&quot;:&quot;0&quot;}\" data-image-title=\"taller-02\" data-image-description=\"\" data-image-caption=\"\" data-medium-file=\"https:\/\/i0.wp.com\/pmi-del.cebem.org\/wp-content\/uploads\/2019\/05\/taller-02.png?fit=224%2C279&amp;ssl=1\" data-large-file=\"https:\/\/i0.wp.com\/pmi-del.cebem.org\/wp-content\/uploads\/2019\/05\/taller-02.png?fit=224%2C279&amp;ssl=1\" loading=\"lazy\" width=\"224\" height=\"279\" src=\"https:\/\/i0.wp.com\/pmi-del.cebem.org\/wp-content\/uploads\/2019\/05\/taller-02.png?resize=224%2C279&#038;ssl=1\" alt=\"\" class=\"wp-image-748\" data-recalc-dims=\"1\"\/><\/figure><div data-carousel-extra='{\"blog_id\":1,\"permalink\":\"https:\\\/\\\/pmi-del.cebem.org\\\/?p=788\"}' class=\"wp-block-media-text__content\">\n<p style=\"text-align:justify\">PMI-DEL colabora con los gobiernos locales a dise\u00f1ar, implementar y sostener inversiones locales que tomen en consideraci\u00f3n las necesidades y prioridades espec\u00edficas de las mujeres y los j\u00f3venes, y desbloqueen barreras para las oportunidades econ\u00f3micas y el empoderamiento de las mujeres y los j\u00f3venes.<\/p>\n<\/div><\/div>\n\n\n\n<div data-carousel-extra='{\"blog_id\":1,\"permalink\":\"https:\\\/\\\/pmi-del.cebem.org\\\/?p=788\"}' class=\"wp-block-media-text has-media-on-the-right\" style=\"grid-template-columns:auto 43%\"><figure class=\"wp-block-media-text__media\"><img data-attachment-id=\"749\" data-permalink=\"https:\/\/pmi-del.cebem.org\/?attachment_id=749\" data-orig-file=\"https:\/\/i0.wp.com\/pmi-del.cebem.org\/wp-content\/uploads\/2019\/05\/taller-03.png?fit=514%2C564&amp;ssl=1\" data-orig-size=\"514,564\" data-comments-opened=\"1\" data-image-meta=\"{&quot;aperture&quot;:&quot;0&quot;,&quot;credit&quot;:&quot;&quot;,&quot;camera&quot;:&quot;&quot;,&quot;caption&quot;:&quot;&quot;,&quot;created_timestamp&quot;:&quot;0&quot;,&quot;copyright&quot;:&quot;&quot;,&quot;focal_length&quot;:&quot;0&quot;,&quot;iso&quot;:&quot;0&quot;,&quot;shutter_speed&quot;:&quot;0&quot;,&quot;title&quot;:&quot;&quot;,&quot;orientation&quot;:&quot;0&quot;}\" data-image-title=\"taller-03\" data-image-description=\"\" data-image-caption=\"\" data-medium-file=\"https:\/\/i0.wp.com\/pmi-del.cebem.org\/wp-content\/uploads\/2019\/05\/taller-03.png?fit=273%2C300&amp;ssl=1\" data-large-file=\"https:\/\/i0.wp.com\/pmi-del.cebem.org\/wp-content\/uploads\/2019\/05\/taller-03.png?fit=514%2C564&amp;ssl=1\" loading=\"lazy\" width=\"514\" height=\"564\" src=\"https:\/\/i0.wp.com\/pmi-del.cebem.org\/wp-content\/uploads\/2019\/05\/taller-03.png?resize=514%2C564&#038;ssl=1\" alt=\"\" class=\"wp-image-749\" srcset=\"https:\/\/i0.wp.com\/pmi-del.cebem.org\/wp-content\/uploads\/2019\/05\/taller-03.png?w=514&amp;ssl=1 514w, https:\/\/i0.wp.com\/pmi-del.cebem.org\/wp-content\/uploads\/2019\/05\/taller-03.png?resize=273%2C300&amp;ssl=1 273w\" sizes=\"(max-width: 514px) 100vw, 514px\" data-recalc-dims=\"1\" \/><\/figure><div data-carousel-extra='{\"blog_id\":1,\"permalink\":\"https:\\\/\\\/pmi-del.cebem.org\\\/?p=788\"}' class=\"wp-block-media-text__content\">\n<p style=\"text-align:justify\">El desarrollo econ\u00f3mico local (DEL) es un proceso que mejora la prosperidad econ\u00f3mica y la calidad de vida, estimulando las actividades econ\u00f3micas locales inclusivas y proactivas por un trabajo decente, que ofrece oportunidades para todos especialmente los grupos m\u00e1s vulnerables y distribuye los ingresos y los beneficios en toda la sociedad.<\/p>\n<\/div><\/div>\n\n\n\n<div data-carousel-extra='{\"blog_id\":1,\"permalink\":\"https:\\\/\\\/pmi-del.cebem.org\\\/?p=788\"}' style=\"height:20px\" aria-hidden=\"true\" class=\"wp-block-spacer\"><\/div>\n\n\n\n<p class=\"has-medium-font-size\"><strong>Reducir las brechas entre el sector informal y formal<\/strong><\/p>\n\n\n\n<p style=\"text-align:justify\">Representantes de m\u00e1s de 25 peque\u00f1os negocios participaron en el taller sobre formaci\u00f3n empresarial para aprender a formular su plan de negocios. Participaron emprendedores en fruticultura, cester\u00eda, apicultura, reposter\u00eda, lecher\u00eda, t\u00e9s org\u00e1nicos naturales, entre otros.<\/p>\n\n\n\n<div data-carousel-extra='{\"blog_id\":1,\"permalink\":\"https:\\\/\\\/pmi-del.cebem.org\\\/?p=788\"}' class=\"wp-block-image\"><figure class=\"aligncenter is-resized\"><img data-attachment-id=\"750\" data-permalink=\"https:\/\/pmi-del.cebem.org\/?attachment_id=750\" data-orig-file=\"https:\/\/i0.wp.com\/pmi-del.cebem.org\/wp-content\/uploads\/2019\/05\/taller-04.png?fit=761%2C429&amp;ssl=1\" data-orig-size=\"761,429\" data-comments-opened=\"1\" data-image-meta=\"{&quot;aperture&quot;:&quot;0&quot;,&quot;credit&quot;:&quot;&quot;,&quot;camera&quot;:&quot;&quot;,&quot;caption&quot;:&quot;&quot;,&quot;created_timestamp&quot;:&quot;0&quot;,&quot;copyright&quot;:&quot;&quot;,&quot;focal_length&quot;:&quot;0&quot;,&quot;iso&quot;:&quot;0&quot;,&quot;shutter_speed&quot;:&quot;0&quot;,&quot;title&quot;:&quot;&quot;,&quot;orientation&quot;:&quot;0&quot;}\" data-image-title=\"taller-04\" data-image-description=\"\" data-image-caption=\"\" data-medium-file=\"https:\/\/i0.wp.com\/pmi-del.cebem.org\/wp-content\/uploads\/2019\/05\/taller-04.png?fit=300%2C169&amp;ssl=1\" data-large-file=\"https:\/\/i0.wp.com\/pmi-del.cebem.org\/wp-content\/uploads\/2019\/05\/taller-04.png?fit=750%2C423&amp;ssl=1\" loading=\"lazy\" src=\"https:\/\/i0.wp.com\/pmi-del.cebem.org\/wp-content\/uploads\/2019\/05\/taller-04.png?resize=750%2C423&#038;ssl=1\" alt=\"\" class=\"wp-image-750\" width=\"750\" height=\"423\" srcset=\"https:\/\/i0.wp.com\/pmi-del.cebem.org\/wp-content\/uploads\/2019\/05\/taller-04.png?w=761&amp;ssl=1 761w, https:\/\/i0.wp.com\/pmi-del.cebem.org\/wp-content\/uploads\/2019\/05\/taller-04.png?resize=300%2C169&amp;ssl=1 300w\" sizes=\"(max-width: 750px) 100vw, 750px\" data-recalc-dims=\"1\" \/><\/figure><\/div>\n\n\n\n<p style=\"text-align:justify\">Mas de dos tercios del trabajo (negocios y empleos) es informal. Los peque\u00f1os empresarios est\u00e1n limitados de vender al Estado y otros compradores importantes. El primer paso, antes de formalizarse mediante registros p\u00fablicos, es capacitarse en negocios y adquirir competir en el mercado. Despu\u00e9s vienen otros pasos.<\/p>\n\n\n\n<p style=\"background-color:#d9ffff;font-size:22px;text-align:center\" class=\"has-background\" id=\"bol2-3\"><strong>MUNICIPIO<\/strong><\/p>\n\n\n\n<p style=\"text-align:justify\">El  municipio est\u00e1 apoyando este proyecto piloto que muestra las ventajas y  el camino de la de la formalizaci\u00f3n. T\u00e9cnicos y empresarios de dos  municipios inician una capacitaci\u00f3n para replicarla. La cooperaci\u00f3n  Canad\u00e1 &#8211; Bolivia est\u00e1 en este proyecto prioritario para el municipio y  piloto para otros. <\/p>\n\n\n\n<figure class=\"wp-block-image is-resized\"><img data-attachment-id=\"808\" data-permalink=\"https:\/\/pmi-del.cebem.org\/?attachment_id=808\" data-orig-file=\"https:\/\/i0.wp.com\/pmi-del.cebem.org\/wp-content\/uploads\/2019\/05\/taller-05-2.jpg?fit=800%2C1044&amp;ssl=1\" data-orig-size=\"800,1044\" data-comments-opened=\"1\" data-image-meta=\"{&quot;aperture&quot;:&quot;0&quot;,&quot;credit&quot;:&quot;&quot;,&quot;camera&quot;:&quot;&quot;,&quot;caption&quot;:&quot;&quot;,&quot;created_timestamp&quot;:&quot;0&quot;,&quot;copyright&quot;:&quot;&quot;,&quot;focal_length&quot;:&quot;0&quot;,&quot;iso&quot;:&quot;0&quot;,&quot;shutter_speed&quot;:&quot;0&quot;,&quot;title&quot;:&quot;&quot;,&quot;orientation&quot;:&quot;0&quot;}\" data-image-title=\"taller-05-2\" data-image-description=\"\" data-image-caption=\"&lt;p&gt;Dra. Mar\u00eda Patricia Arce Guzm\u00e1n \u2013 Alcaldesa de Vinto&lt;\/p&gt;\n\" data-medium-file=\"https:\/\/i0.wp.com\/pmi-del.cebem.org\/wp-content\/uploads\/2019\/05\/taller-05-2.jpg?fit=230%2C300&amp;ssl=1\" data-large-file=\"https:\/\/i0.wp.com\/pmi-del.cebem.org\/wp-content\/uploads\/2019\/05\/taller-05-2.jpg?fit=750%2C978&amp;ssl=1\" loading=\"lazy\" src=\"https:\/\/i0.wp.com\/pmi-del.cebem.org\/wp-content\/uploads\/2019\/05\/taller-05-2.jpg?resize=750%2C978&#038;ssl=1\" alt=\"Dra. Mar\u00eda Patricia Arce Guzm\u00e1n \u2013 Alcaldesa de Vinto\" class=\"wp-image-808\" width=\"750\" height=\"978\" srcset=\"https:\/\/i0.wp.com\/pmi-del.cebem.org\/wp-content\/uploads\/2019\/05\/taller-05-2.jpg?resize=785%2C1024&amp;ssl=1 785w, https:\/\/i0.wp.com\/pmi-del.cebem.org\/wp-content\/uploads\/2019\/05\/taller-05-2.jpg?resize=230%2C300&amp;ssl=1 230w, https:\/\/i0.wp.com\/pmi-del.cebem.org\/wp-content\/uploads\/2019\/05\/taller-05-2.jpg?resize=768%2C1002&amp;ssl=1 768w, https:\/\/i0.wp.com\/pmi-del.cebem.org\/wp-content\/uploads\/2019\/05\/taller-05-2.jpg?w=800&amp;ssl=1 800w\" sizes=\"(max-width: 750px) 100vw, 750px\" data-recalc-dims=\"1\" \/><figcaption>Dra. Mar\u00eda Patricia Arce Guzm\u00e1n \u2013 Alcaldesa de Vinto<\/figcaption><\/figure>\n\n\n\n<p style=\"background-color:#d9ffff;font-size:22px;text-align:center\" class=\"has-background\" id=\"bol2-4\"><strong>MATERIAL PARA CAPACITADORES<\/strong><\/p>\n\n\n\n<div data-carousel-extra='{\"blog_id\":1,\"permalink\":\"https:\\\/\\\/pmi-del.cebem.org\\\/?p=788\"}' class=\"wp-block-image\"><figure class=\"aligncenter is-resized\"><img data-attachment-id=\"752\" data-permalink=\"https:\/\/pmi-del.cebem.org\/?attachment_id=752\" data-orig-file=\"https:\/\/i0.wp.com\/pmi-del.cebem.org\/wp-content\/uploads\/2019\/05\/taller-06.png?fit=754%2C425&amp;ssl=1\" data-orig-size=\"754,425\" data-comments-opened=\"1\" data-image-meta=\"{&quot;aperture&quot;:&quot;0&quot;,&quot;credit&quot;:&quot;&quot;,&quot;camera&quot;:&quot;&quot;,&quot;caption&quot;:&quot;&quot;,&quot;created_timestamp&quot;:&quot;0&quot;,&quot;copyright&quot;:&quot;&quot;,&quot;focal_length&quot;:&quot;0&quot;,&quot;iso&quot;:&quot;0&quot;,&quot;shutter_speed&quot;:&quot;0&quot;,&quot;title&quot;:&quot;&quot;,&quot;orientation&quot;:&quot;0&quot;}\" data-image-title=\"taller-06\" data-image-description=\"\" data-image-caption=\"\" data-medium-file=\"https:\/\/i0.wp.com\/pmi-del.cebem.org\/wp-content\/uploads\/2019\/05\/taller-06.png?fit=300%2C169&amp;ssl=1\" data-large-file=\"https:\/\/i0.wp.com\/pmi-del.cebem.org\/wp-content\/uploads\/2019\/05\/taller-06.png?fit=750%2C423&amp;ssl=1\" loading=\"lazy\" src=\"https:\/\/i0.wp.com\/pmi-del.cebem.org\/wp-content\/uploads\/2019\/05\/taller-06.png?resize=750%2C423&#038;ssl=1\" alt=\"\" class=\"wp-image-752\" width=\"750\" height=\"423\" srcset=\"https:\/\/i0.wp.com\/pmi-del.cebem.org\/wp-content\/uploads\/2019\/05\/taller-06.png?w=754&amp;ssl=1 754w, https:\/\/i0.wp.com\/pmi-del.cebem.org\/wp-content\/uploads\/2019\/05\/taller-06.png?resize=300%2C169&amp;ssl=1 300w\" sizes=\"(max-width: 750px) 100vw, 750px\" data-recalc-dims=\"1\" \/><\/figure><\/div>\n\n\n\n<p style=\"text-align:justify\">Replicar y adaptar en Bolivia la Capacitaci\u00f3n recibida en Timmins para  el Programa de Formaci\u00f3n Empresarial y Negocios a productores, con  grupos de mujeres y j\u00f3venes y t\u00e9cnicos municipales, reduciendo la  informalidad econ\u00f3mica. Evaluar e identificar mejoras en el material de  capacitaci\u00f3n y la modalidad de capacitaci\u00f3n. <\/p>\n\n\n\n<p>El ejercicio de intercambio y colaboraci\u00f3n entre partenarios se propuso:<\/p>\n\n\n\n<p>\u27a5&nbsp;Utilizar y manejar el material de capacitaci\u00f3n proporcionado por Timmins de manera adecuada, eficiente y entendible.<\/p>\n\n\n\n<p>\u27a5 Reflejar una apropiaci\u00f3n sobre los materiales y modalidad de capacitaci\u00f3n<\/p>\n\n\n\n<p>\u27a5 Capacitar a capacitadores ense\u00f1ando el uso de las herramientas y\/o gu\u00edas del programa de Formaci\u00f3n Empresarial y de Negocio.<\/p>\n\n\n\n<p>\u27a5\n Capacitar a grupos metas identificados (productores, mujeres, j\u00f3venes y\n emprendedores) en la tem\u00e1tica de Desarrollo y Formaci\u00f3n Empresarial y \nElaboraci\u00f3n de Planes de Negocios<\/p>\n\n\n\n<p>\u27a5 Facilitar que t\u00e9cnicos municipales de gobiernos locales interesados puedan replicar este programa en sus municipios.<\/p>\n\n\n\n<p>\u27a5 El primer intercambio con Pail\u00f3n, mediante un plan de acci\u00f3n para replicar la capacitaci\u00f3n en su municipio<\/p>\n\n\n\n<p style=\"background-color:#dcede2;text-align:center\" class=\"has-background\">Las lecciones aprendidas entre semejantes son las m\u00e1s eficientes.<\/p>\n\n\n\n<p class=\"has-medium-font-size\"><strong>El programa contempla otras etapas para consolidar planes de negocio en los diferentes grupos emprendedores<\/strong><\/p>\n\n\n\n<p style=\"text-align:justify\">Talleres actuales se llevan a cabo para apoyar a las diferentes asociaciones de empresarios peque\u00f1os en la consolidaci\u00f3n de sus planes de negocios en los pr\u00f3ximos meses.<\/p>\n\n\n\n<div data-carousel-extra='{\"blog_id\":1,\"permalink\":\"https:\\\/\\\/pmi-del.cebem.org\\\/?p=788\"}' class=\"wp-block-jetpack-tiled-gallery aligncenter is-style-rectangular\"><div data-carousel-extra='{\"blog_id\":1,\"permalink\":\"https:\\\/\\\/pmi-del.cebem.org\\\/?p=788\"}' class=\"tiled-gallery__gallery\"><div data-carousel-extra='{\"blog_id\":1,\"permalink\":\"https:\\\/\\\/pmi-del.cebem.org\\\/?p=788\"}' class=\"tiled-gallery__row\"><div data-carousel-extra='{\"blog_id\":1,\"permalink\":\"https:\\\/\\\/pmi-del.cebem.org\\\/?p=788\"}' class=\"tiled-gallery__col\"><figure class=\"tiled-gallery__item\"><img data-attachment-id=\"811\" data-permalink=\"https:\/\/pmi-del.cebem.org\/?attachment_id=811\" data-orig-file=\"https:\/\/i0.wp.com\/pmi-del.cebem.org\/wp-content\/uploads\/2019\/05\/taller-07-02.jpg?fit=600%2C450&amp;ssl=1\" data-orig-size=\"600,450\" data-comments-opened=\"1\" data-image-meta=\"{&quot;aperture&quot;:&quot;0&quot;,&quot;credit&quot;:&quot;&quot;,&quot;camera&quot;:&quot;&quot;,&quot;caption&quot;:&quot;&quot;,&quot;created_timestamp&quot;:&quot;0&quot;,&quot;copyright&quot;:&quot;&quot;,&quot;focal_length&quot;:&quot;0&quot;,&quot;iso&quot;:&quot;0&quot;,&quot;shutter_speed&quot;:&quot;0&quot;,&quot;title&quot;:&quot;&quot;,&quot;orientation&quot;:&quot;0&quot;}\" data-image-title=\"taller-07-02\" data-image-description=\"\" data-image-caption=\"\" data-medium-file=\"https:\/\/i0.wp.com\/pmi-del.cebem.org\/wp-content\/uploads\/2019\/05\/taller-07-02.jpg?fit=300%2C225&amp;ssl=1\" data-large-file=\"https:\/\/i0.wp.com\/pmi-del.cebem.org\/wp-content\/uploads\/2019\/05\/taller-07-02.jpg?fit=600%2C450&amp;ssl=1\" data-attachment-id=\"811\" data-permalink=\"https:\/\/pmi-del.cebem.org\/?attachment_id=811\" data-orig-file=\"https:\/\/i0.wp.com\/pmi-del.cebem.org\/wp-content\/uploads\/2019\/05\/taller-07-02.jpg?fit=600%2C450&amp;ssl=1\" data-orig-size=\"600,450\" data-comments-opened=\"1\" data-image-meta=\"{&quot;aperture&quot;:&quot;0&quot;,&quot;credit&quot;:&quot;&quot;,&quot;camera&quot;:&quot;&quot;,&quot;caption&quot;:&quot;&quot;,&quot;created_timestamp&quot;:&quot;0&quot;,&quot;copyright&quot;:&quot;&quot;,&quot;focal_length&quot;:&quot;0&quot;,&quot;iso&quot;:&quot;0&quot;,&quot;shutter_speed&quot;:&quot;0&quot;,&quot;title&quot;:&quot;&quot;,&quot;orientation&quot;:&quot;0&quot;}\" data-image-title=\"taller-07-02\" data-image-description=\"\" data-image-caption=\"\" data-medium-file=\"https:\/\/i0.wp.com\/pmi-del.cebem.org\/wp-content\/uploads\/2019\/05\/taller-07-02.jpg?fit=300%2C225&amp;ssl=1\" data-large-file=\"https:\/\/i0.wp.com\/pmi-del.cebem.org\/wp-content\/uploads\/2019\/05\/taller-07-02.jpg?fit=600%2C450&amp;ssl=1\" srcset=\"https:\/\/i1.wp.com\/pmi-del.cebem.org\/wp-content\/uploads\/2019\/05\/taller-07-02.jpg?strip=info&#038;w=600 600w\" alt=\"\" data-height=\"450\" data-id=\"811\" data-link=\"https:\/\/pmi-del.cebem.org\/?attachment_id=811\" data-url=\"https:\/\/pmi-del.cebem.org\/wp-content\/uploads\/2019\/05\/taller-07-02.jpg\" data-width=\"600\" src=\"https:\/\/i1.wp.com\/pmi-del.cebem.org\/wp-content\/uploads\/2019\/05\/taller-07-02.jpg\"\/><\/figure><\/div><div data-carousel-extra='{\"blog_id\":1,\"permalink\":\"https:\\\/\\\/pmi-del.cebem.org\\\/?p=788\"}' class=\"tiled-gallery__col\"><figure class=\"tiled-gallery__item\"><img data-attachment-id=\"812\" data-permalink=\"https:\/\/pmi-del.cebem.org\/?attachment_id=812\" data-orig-file=\"https:\/\/i0.wp.com\/pmi-del.cebem.org\/wp-content\/uploads\/2019\/05\/taller-08.jpg?fit=600%2C450&amp;ssl=1\" data-orig-size=\"600,450\" data-comments-opened=\"1\" data-image-meta=\"{&quot;aperture&quot;:&quot;0&quot;,&quot;credit&quot;:&quot;&quot;,&quot;camera&quot;:&quot;&quot;,&quot;caption&quot;:&quot;&quot;,&quot;created_timestamp&quot;:&quot;0&quot;,&quot;copyright&quot;:&quot;&quot;,&quot;focal_length&quot;:&quot;0&quot;,&quot;iso&quot;:&quot;0&quot;,&quot;shutter_speed&quot;:&quot;0&quot;,&quot;title&quot;:&quot;&quot;,&quot;orientation&quot;:&quot;0&quot;}\" data-image-title=\"taller-08\" data-image-description=\"\" data-image-caption=\"\" data-medium-file=\"https:\/\/i0.wp.com\/pmi-del.cebem.org\/wp-content\/uploads\/2019\/05\/taller-08.jpg?fit=300%2C225&amp;ssl=1\" data-large-file=\"https:\/\/i0.wp.com\/pmi-del.cebem.org\/wp-content\/uploads\/2019\/05\/taller-08.jpg?fit=600%2C450&amp;ssl=1\" data-attachment-id=\"812\" data-permalink=\"https:\/\/pmi-del.cebem.org\/?attachment_id=812\" data-orig-file=\"https:\/\/i0.wp.com\/pmi-del.cebem.org\/wp-content\/uploads\/2019\/05\/taller-08.jpg?fit=600%2C450&amp;ssl=1\" data-orig-size=\"600,450\" data-comments-opened=\"1\" data-image-meta=\"{&quot;aperture&quot;:&quot;0&quot;,&quot;credit&quot;:&quot;&quot;,&quot;camera&quot;:&quot;&quot;,&quot;caption&quot;:&quot;&quot;,&quot;created_timestamp&quot;:&quot;0&quot;,&quot;copyright&quot;:&quot;&quot;,&quot;focal_length&quot;:&quot;0&quot;,&quot;iso&quot;:&quot;0&quot;,&quot;shutter_speed&quot;:&quot;0&quot;,&quot;title&quot;:&quot;&quot;,&quot;orientation&quot;:&quot;0&quot;}\" data-image-title=\"taller-08\" data-image-description=\"\" data-image-caption=\"\" data-medium-file=\"https:\/\/i0.wp.com\/pmi-del.cebem.org\/wp-content\/uploads\/2019\/05\/taller-08.jpg?fit=300%2C225&amp;ssl=1\" data-large-file=\"https:\/\/i0.wp.com\/pmi-del.cebem.org\/wp-content\/uploads\/2019\/05\/taller-08.jpg?fit=600%2C450&amp;ssl=1\" srcset=\"https:\/\/i2.wp.com\/pmi-del.cebem.org\/wp-content\/uploads\/2019\/05\/taller-08.jpg?strip=info&#038;w=600 600w\" alt=\"\" data-height=\"450\" data-id=\"812\" data-link=\"https:\/\/pmi-del.cebem.org\/?attachment_id=812\" data-url=\"https:\/\/pmi-del.cebem.org\/wp-content\/uploads\/2019\/05\/taller-08.jpg\" data-width=\"600\" src=\"https:\/\/i2.wp.com\/pmi-del.cebem.org\/wp-content\/uploads\/2019\/05\/taller-08.jpg\"\/><\/figure><\/div><\/div><\/div><\/div>\n\n\n\n<p style=\"background-color:#d9ffff;font-size:22px;text-align:center\" class=\"has-background\" id=\"bol2-5\"><strong>RESULTADOS DE LA EXPERIENCIA<\/strong><\/p>\n\n\n\n<div data-carousel-extra='{\"blog_id\":1,\"permalink\":\"https:\\\/\\\/pmi-del.cebem.org\\\/?p=788\"}' class=\"wp-block-image\"><figure class=\"aligncenter is-resized\"><img data-attachment-id=\"755\" data-permalink=\"https:\/\/pmi-del.cebem.org\/?attachment_id=755\" data-orig-file=\"https:\/\/i0.wp.com\/pmi-del.cebem.org\/wp-content\/uploads\/2019\/05\/taller-09.png?fit=394%2C296&amp;ssl=1\" data-orig-size=\"394,296\" data-comments-opened=\"1\" data-image-meta=\"{&quot;aperture&quot;:&quot;0&quot;,&quot;credit&quot;:&quot;&quot;,&quot;camera&quot;:&quot;&quot;,&quot;caption&quot;:&quot;&quot;,&quot;created_timestamp&quot;:&quot;0&quot;,&quot;copyright&quot;:&quot;&quot;,&quot;focal_length&quot;:&quot;0&quot;,&quot;iso&quot;:&quot;0&quot;,&quot;shutter_speed&quot;:&quot;0&quot;,&quot;title&quot;:&quot;&quot;,&quot;orientation&quot;:&quot;0&quot;}\" data-image-title=\"taller-09\" data-image-description=\"\" data-image-caption=\"\" data-medium-file=\"https:\/\/i0.wp.com\/pmi-del.cebem.org\/wp-content\/uploads\/2019\/05\/taller-09.png?fit=300%2C225&amp;ssl=1\" data-large-file=\"https:\/\/i0.wp.com\/pmi-del.cebem.org\/wp-content\/uploads\/2019\/05\/taller-09.png?fit=394%2C296&amp;ssl=1\" loading=\"lazy\" src=\"https:\/\/i0.wp.com\/pmi-del.cebem.org\/wp-content\/uploads\/2019\/05\/taller-09.png?resize=394%2C296&#038;ssl=1\" alt=\"\" class=\"wp-image-755\" width=\"394\" height=\"296\" srcset=\"https:\/\/i0.wp.com\/pmi-del.cebem.org\/wp-content\/uploads\/2019\/05\/taller-09.png?w=394&amp;ssl=1 394w, https:\/\/i0.wp.com\/pmi-del.cebem.org\/wp-content\/uploads\/2019\/05\/taller-09.png?resize=300%2C225&amp;ssl=1 300w, https:\/\/i0.wp.com\/pmi-del.cebem.org\/wp-content\/uploads\/2019\/05\/taller-09.png?resize=135%2C100&amp;ssl=1 135w\" sizes=\"(max-width: 394px) 100vw, 394px\" data-recalc-dims=\"1\" \/><\/figure><\/div>\n\n\n\n<p>\u27a5 Materiales de TMMMINS traducidos y contextualizados para impartir la capacitaci\u00f3n en Vinto &#8211; Bolivia.<\/p>\n\n\n\n<p>\u27a5\n Las gu\u00edas de desarrollo de negocios con ejemplos bolivianos, adecuado a\n la legislaci\u00f3n nacional, procesos y normativa y requisitos bolivianos.<\/p>\n\n\n\n<p>\u27a5\n Transferencia de conocimientos a nuevos capacitadores en Bolivia sobre \nc\u00f3mo iniciar o expandir un negocio y los componentes necesarios para \ncompletar un plan de negocios.<\/p>\n\n\n\n<p>\u27a5 Gu\u00eda sobre c\u00f3mo desarrollar un plan de negocios.<\/p>\n\n\n\n<p>\u27a5 Definici\u00f3n de los pasos siguientes, as\u00ed como la consecuci\u00f3n de los resultados,<\/p>\n\n\n\n<p>\u27a5 Planificaci\u00f3n de la pr\u00f3xima misi\u00f3n<\/p>\n\n\n\n<div data-carousel-extra='{\"blog_id\":1,\"permalink\":\"https:\\\/\\\/pmi-del.cebem.org\\\/?p=788\"}' class=\"wp-block-jetpack-tiled-gallery aligncenter is-style-columns\"><div data-carousel-extra='{\"blog_id\":1,\"permalink\":\"https:\\\/\\\/pmi-del.cebem.org\\\/?p=788\"}' class=\"tiled-gallery__gallery\"><div data-carousel-extra='{\"blog_id\":1,\"permalink\":\"https:\\\/\\\/pmi-del.cebem.org\\\/?p=788\"}' class=\"tiled-gallery__row\"><div data-carousel-extra='{\"blog_id\":1,\"permalink\":\"https:\\\/\\\/pmi-del.cebem.org\\\/?p=788\"}' class=\"tiled-gallery__col\"><figure class=\"tiled-gallery__item\"><img data-attachment-id=\"815\" data-permalink=\"https:\/\/pmi-del.cebem.org\/?attachment_id=815\" data-orig-file=\"https:\/\/i0.wp.com\/pmi-del.cebem.org\/wp-content\/uploads\/2019\/05\/taller-11-2.jpg?fit=600%2C450&amp;ssl=1\" data-orig-size=\"600,450\" data-comments-opened=\"1\" data-image-meta=\"{&quot;aperture&quot;:&quot;0&quot;,&quot;credit&quot;:&quot;&quot;,&quot;camera&quot;:&quot;&quot;,&quot;caption&quot;:&quot;&quot;,&quot;created_timestamp&quot;:&quot;0&quot;,&quot;copyright&quot;:&quot;&quot;,&quot;focal_length&quot;:&quot;0&quot;,&quot;iso&quot;:&quot;0&quot;,&quot;shutter_speed&quot;:&quot;0&quot;,&quot;title&quot;:&quot;&quot;,&quot;orientation&quot;:&quot;0&quot;}\" data-image-title=\"taller-11-2\" data-image-description=\"\" data-image-caption=\"\" data-medium-file=\"https:\/\/i0.wp.com\/pmi-del.cebem.org\/wp-content\/uploads\/2019\/05\/taller-11-2.jpg?fit=300%2C225&amp;ssl=1\" data-large-file=\"https:\/\/i0.wp.com\/pmi-del.cebem.org\/wp-content\/uploads\/2019\/05\/taller-11-2.jpg?fit=600%2C450&amp;ssl=1\" data-attachment-id=\"815\" data-permalink=\"https:\/\/pmi-del.cebem.org\/?attachment_id=815\" data-orig-file=\"https:\/\/i0.wp.com\/pmi-del.cebem.org\/wp-content\/uploads\/2019\/05\/taller-11-2.jpg?fit=600%2C450&amp;ssl=1\" data-orig-size=\"600,450\" data-comments-opened=\"1\" data-image-meta=\"{&quot;aperture&quot;:&quot;0&quot;,&quot;credit&quot;:&quot;&quot;,&quot;camera&quot;:&quot;&quot;,&quot;caption&quot;:&quot;&quot;,&quot;created_timestamp&quot;:&quot;0&quot;,&quot;copyright&quot;:&quot;&quot;,&quot;focal_length&quot;:&quot;0&quot;,&quot;iso&quot;:&quot;0&quot;,&quot;shutter_speed&quot;:&quot;0&quot;,&quot;title&quot;:&quot;&quot;,&quot;orientation&quot;:&quot;0&quot;}\" data-image-title=\"taller-11-2\" data-image-description=\"\" data-image-caption=\"\" data-medium-file=\"https:\/\/i0.wp.com\/pmi-del.cebem.org\/wp-content\/uploads\/2019\/05\/taller-11-2.jpg?fit=300%2C225&amp;ssl=1\" data-large-file=\"https:\/\/i0.wp.com\/pmi-del.cebem.org\/wp-content\/uploads\/2019\/05\/taller-11-2.jpg?fit=600%2C450&amp;ssl=1\" srcset=\"https:\/\/i1.wp.com\/pmi-del.cebem.org\/wp-content\/uploads\/2019\/05\/taller-11-2.jpg?strip=info&#038;w=600 600w\" alt=\"\" data-height=\"450\" data-id=\"815\" data-link=\"https:\/\/pmi-del.cebem.org\/?attachment_id=815\" data-url=\"https:\/\/pmi-del.cebem.org\/wp-content\/uploads\/2019\/05\/taller-11-2.jpg\" data-width=\"600\" src=\"https:\/\/i1.wp.com\/pmi-del.cebem.org\/wp-content\/uploads\/2019\/05\/taller-11-2.jpg\"\/><\/figure><\/div><div data-carousel-extra='{\"blog_id\":1,\"permalink\":\"https:\\\/\\\/pmi-del.cebem.org\\\/?p=788\"}' class=\"tiled-gallery__col\"><figure class=\"tiled-gallery__item\"><img data-attachment-id=\"816\" data-permalink=\"https:\/\/pmi-del.cebem.org\/?attachment_id=816\" data-orig-file=\"https:\/\/i0.wp.com\/pmi-del.cebem.org\/wp-content\/uploads\/2019\/05\/taller-10-2.jpg?fit=600%2C450&amp;ssl=1\" data-orig-size=\"600,450\" data-comments-opened=\"1\" data-image-meta=\"{&quot;aperture&quot;:&quot;0&quot;,&quot;credit&quot;:&quot;&quot;,&quot;camera&quot;:&quot;&quot;,&quot;caption&quot;:&quot;&quot;,&quot;created_timestamp&quot;:&quot;0&quot;,&quot;copyright&quot;:&quot;&quot;,&quot;focal_length&quot;:&quot;0&quot;,&quot;iso&quot;:&quot;0&quot;,&quot;shutter_speed&quot;:&quot;0&quot;,&quot;title&quot;:&quot;&quot;,&quot;orientation&quot;:&quot;0&quot;}\" data-image-title=\"taller-10-2\" data-image-description=\"\" data-image-caption=\"\" data-medium-file=\"https:\/\/i0.wp.com\/pmi-del.cebem.org\/wp-content\/uploads\/2019\/05\/taller-10-2.jpg?fit=300%2C225&amp;ssl=1\" data-large-file=\"https:\/\/i0.wp.com\/pmi-del.cebem.org\/wp-content\/uploads\/2019\/05\/taller-10-2.jpg?fit=600%2C450&amp;ssl=1\" data-attachment-id=\"816\" data-permalink=\"https:\/\/pmi-del.cebem.org\/?attachment_id=816\" data-orig-file=\"https:\/\/i0.wp.com\/pmi-del.cebem.org\/wp-content\/uploads\/2019\/05\/taller-10-2.jpg?fit=600%2C450&amp;ssl=1\" data-orig-size=\"600,450\" data-comments-opened=\"1\" data-image-meta=\"{&quot;aperture&quot;:&quot;0&quot;,&quot;credit&quot;:&quot;&quot;,&quot;camera&quot;:&quot;&quot;,&quot;caption&quot;:&quot;&quot;,&quot;created_timestamp&quot;:&quot;0&quot;,&quot;copyright&quot;:&quot;&quot;,&quot;focal_length&quot;:&quot;0&quot;,&quot;iso&quot;:&quot;0&quot;,&quot;shutter_speed&quot;:&quot;0&quot;,&quot;title&quot;:&quot;&quot;,&quot;orientation&quot;:&quot;0&quot;}\" data-image-title=\"taller-10-2\" data-image-description=\"\" data-image-caption=\"\" data-medium-file=\"https:\/\/i0.wp.com\/pmi-del.cebem.org\/wp-content\/uploads\/2019\/05\/taller-10-2.jpg?fit=300%2C225&amp;ssl=1\" data-large-file=\"https:\/\/i0.wp.com\/pmi-del.cebem.org\/wp-content\/uploads\/2019\/05\/taller-10-2.jpg?fit=600%2C450&amp;ssl=1\" srcset=\"https:\/\/i1.wp.com\/pmi-del.cebem.org\/wp-content\/uploads\/2019\/05\/taller-10-2.jpg?strip=info&#038;w=600 600w\" alt=\"\" data-height=\"450\" data-id=\"816\" data-link=\"https:\/\/pmi-del.cebem.org\/?attachment_id=816\" data-url=\"https:\/\/pmi-del.cebem.org\/wp-content\/uploads\/2019\/05\/taller-10-2.jpg\" data-width=\"600\" src=\"https:\/\/i1.wp.com\/pmi-del.cebem.org\/wp-content\/uploads\/2019\/05\/taller-10-2.jpg\"\/><\/figure><\/div><\/div><\/div><\/div>\n\n\n\n<p style=\"background-color:#d9ffff;font-size:22px;text-align:center\" class=\"has-background\" id=\"bol2-6\"><strong>EL EQUIPO<\/strong><\/p>\n\n\n\n<div data-carousel-extra='{\"blog_id\":1,\"permalink\":\"https:\\\/\\\/pmi-del.cebem.org\\\/?p=788\"}' class=\"wp-block-image\"><figure class=\"aligncenter is-resized\"><img data-attachment-id=\"758\" data-permalink=\"https:\/\/pmi-del.cebem.org\/?attachment_id=758\" data-orig-file=\"https:\/\/i0.wp.com\/pmi-del.cebem.org\/wp-content\/uploads\/2019\/05\/taller-12.png?fit=594%2C323&amp;ssl=1\" data-orig-size=\"594,323\" data-comments-opened=\"1\" data-image-meta=\"{&quot;aperture&quot;:&quot;0&quot;,&quot;credit&quot;:&quot;&quot;,&quot;camera&quot;:&quot;&quot;,&quot;caption&quot;:&quot;&quot;,&quot;created_timestamp&quot;:&quot;0&quot;,&quot;copyright&quot;:&quot;&quot;,&quot;focal_length&quot;:&quot;0&quot;,&quot;iso&quot;:&quot;0&quot;,&quot;shutter_speed&quot;:&quot;0&quot;,&quot;title&quot;:&quot;&quot;,&quot;orientation&quot;:&quot;0&quot;}\" data-image-title=\"taller-12\" data-image-description=\"\" data-image-caption=\"\" data-medium-file=\"https:\/\/i0.wp.com\/pmi-del.cebem.org\/wp-content\/uploads\/2019\/05\/taller-12.png?fit=300%2C163&amp;ssl=1\" data-large-file=\"https:\/\/i0.wp.com\/pmi-del.cebem.org\/wp-content\/uploads\/2019\/05\/taller-12.png?fit=594%2C323&amp;ssl=1\" loading=\"lazy\" src=\"https:\/\/i0.wp.com\/pmi-del.cebem.org\/wp-content\/uploads\/2019\/05\/taller-12.png?resize=594%2C323&#038;ssl=1\" alt=\"\" class=\"wp-image-758\" width=\"594\" height=\"323\" srcset=\"https:\/\/i0.wp.com\/pmi-del.cebem.org\/wp-content\/uploads\/2019\/05\/taller-12.png?w=594&amp;ssl=1 594w, https:\/\/i0.wp.com\/pmi-del.cebem.org\/wp-content\/uploads\/2019\/05\/taller-12.png?resize=300%2C163&amp;ssl=1 300w\" sizes=\"(max-width: 594px) 100vw, 594px\" data-recalc-dims=\"1\" \/><\/figure><\/div>\n\n\n\n<p><strong>El equipo de la misi\u00f3n de Timmins<\/strong><\/p>\n\n\n\n<p>\u27a5 Brenda Camirand \u2013 Directora de Desarrollo de Negocios<br>\u27a5 Brittany Mohns \u2013 Especialista en Desarrollo de Negocios<\/p>\n\n\n\n<p><strong>El equipo del municipio de Vinto<\/strong><\/p>\n\n\n\n<p>\u27a5 Dra. Mar\u00eda Patricia Arce Guzm\u00e1n \u2013 Alcaldesa de Vinto,<br>\u27a5 Christian Salguero \u2013 Secretario Municipal T\u00e9cnico<br>\u27a5 Fernando Lizarazu \u2013 T\u00e9cnico Municipal<br>\u27a5 Shirley C\u00e9spedes \u2013 T\u00e9cnico Municipal<\/p>\n\n\n\n<p>\u27a5 Luis Ferrufino \u2013 Consultor Experto en Desarrollo y Gestion Empresarial<\/p>\n\n\n\n<p>\u27a5 Walter Flores, representante del Municipio de Pail\u00f3n<br>\u27a5 Yesenia Bauer, responsable de turismo y recursos naturales de Pail\u00f3n<\/p>\n\n\n\n<p><strong>PMI-DEL<\/strong><\/p>\n\n\n\n<p>\u27a5 Isaac \u00c1lvarez S. \u2013 Coordinador Nacional de Programa para Bolivia<br>\u27a5 Jos\u00e9 Blanes \u2013 Director Ejecutivo CEBEM \u2013 Consultor Gesti\u00f3n del Conocimiento<br>\u27a5 Erik D. Meier \u2013 Consultor Espec\u00edfico e Int\u00e9rprete<\/p>\n","protected":false},"excerpt":{"rendered":"<p>Partenariados Municipales para la Innovaci\u00f3n en Desarrollo Econ\u00f3mico Local BOLIVIA | Bolet\u00edn n\u00famero 2 | Abril 2019 Formaci\u00f3n Empresarial y de NegociosAprendiendo de buenas pr\u00e1cticas entre municipiosEjemplo piloto de cooperaci\u00f3n Municipio de Vinto, Cochabamba, Bolivia, intercambiaron herramientas de capacitaci\u00f3n de emprendedores para el desarrollo Econ\u00f3mico Local en Partenariado con la ciudad de Timmins, Ontario, Canad\u00e1 [&hellip;]<\/p>\n","protected":false},"author":3,"featured_media":747,"comment_status":"closed","ping_status":"closed","sticky":false,"template":"","format":"standard","meta":{"jetpack_publicize_message":"","jetpack_is_tweetstorm":false,"jetpack_publicize_feature_enabled":true},"categories":[10],"tags":[11],"jetpack_publicize_connections":[],"jetpack_featured_media_url":"https:\/\/i0.wp.com\/pmi-del.cebem.org\/wp-content\/uploads\/2019\/05\/taller-01.png?fit=761%2C429&ssl=1","jetpack_sharing_enabled":true,"jetpack_shortlink":"https:\/\/wp.me\/p9d00R-cI","_links":{"self":[{"href":"https:\/\/pmi-del.cebem.org\/index.php?rest_route=\/wp\/v2\/posts\/788"}],"collection":[{"href":"https:\/\/pmi-del.cebem.org\/index.php?rest_route=\/wp\/v2\/posts"}],"about":[{"href":"https:\/\/pmi-del.cebem.org\/index.php?rest_route=\/wp\/v2\/types\/post"}],"author":[{"embeddable":true,"href":"https:\/\/pmi-del.cebem.org\/index.php?rest_route=\/wp\/v2\/users\/3"}],"replies":[{"embeddable":true,"href":"https:\/\/pmi-del.cebem.org\/index.php?rest_route=%2Fwp%2Fv2%2Fcomments&post=788"}],"version-history":[{"count":34,"href":"https:\/\/pmi-del.cebem.org\/index.php?rest_route=\/wp\/v2\/posts\/788\/revisions"}],"predecessor-version":[{"id":836,"href":"https:\/\/pmi-del.cebem.org\/index.php?rest_route=\/wp\/v2\/posts\/788\/revisions\/836"}],"wp:featuredmedia":[{"embeddable":true,"href":"https:\/\/pmi-del.cebem.org\/index.php?rest_route=\/wp\/v2\/media\/747"}],"wp:attachment":[{"href":"https:\/\/pmi-del.cebem.org\/index.php?rest_route=%2Fwp%2Fv2%2Fmedia&parent=788"}],"wp:term":[{"taxonomy":"category","embeddable":true,"href":"https:\/\/pmi-del.cebem.org\/index.php?rest_route=%2Fwp%2Fv2%2Fcategories&post=788"},{"taxonomy":"post_tag","embeddable":true,"href":"https:\/\/pmi-del.cebem.org\/index.php?rest_route=%2Fwp%2Fv2%2Ftags&post=788"}],"curies":[{"name":"wp","href":"https:\/\/api.w.org\/{rel}","templated":true}]}}