{"id":741,"date":"2019-05-17T12:01:15","date_gmt":"2019-05-17T16:01:15","guid":{"rendered":"http:\/\/pmi-del.cebem.org\/?p=741"},"modified":"2019-05-17T12:01:17","modified_gmt":"2019-05-17T16:01:17","slug":"ambiente-propicio-para-la-formalizacion-de-los-pequenos-productores","status":"publish","type":"post","link":"https:\/\/pmi-del.cebem.org\/?p=741","title":{"rendered":"Ambiente propicio para la formalizaci\u00f3n de los peque\u00f1os productores"},"content":{"rendered":"\n<div class=\"wp-block-image\"><figure class=\"aligncenter is-resized\"><img data-attachment-id=\"743\" data-permalink=\"https:\/\/pmi-del.cebem.org\/?attachment_id=743\" data-orig-file=\"https:\/\/i0.wp.com\/pmi-del.cebem.org\/wp-content\/uploads\/2019\/05\/banner-reunion-productores.jpg?fit=901%2C450&amp;ssl=1\" data-orig-size=\"901,450\" data-comments-opened=\"1\" data-image-meta=\"{&quot;aperture&quot;:&quot;0&quot;,&quot;credit&quot;:&quot;&quot;,&quot;camera&quot;:&quot;&quot;,&quot;caption&quot;:&quot;&quot;,&quot;created_timestamp&quot;:&quot;0&quot;,&quot;copyright&quot;:&quot;&quot;,&quot;focal_length&quot;:&quot;0&quot;,&quot;iso&quot;:&quot;0&quot;,&quot;shutter_speed&quot;:&quot;0&quot;,&quot;title&quot;:&quot;&quot;,&quot;orientation&quot;:&quot;0&quot;}\" data-image-title=\"banner-reunion-productores\" data-image-description=\"\" data-image-caption=\"\" data-medium-file=\"https:\/\/i0.wp.com\/pmi-del.cebem.org\/wp-content\/uploads\/2019\/05\/banner-reunion-productores.jpg?fit=300%2C150&amp;ssl=1\" data-large-file=\"https:\/\/i0.wp.com\/pmi-del.cebem.org\/wp-content\/uploads\/2019\/05\/banner-reunion-productores.jpg?fit=750%2C375&amp;ssl=1\" loading=\"lazy\" src=\"https:\/\/i0.wp.com\/pmi-del.cebem.org\/wp-content\/uploads\/2019\/05\/banner-reunion-productores.jpg?resize=676%2C338&#038;ssl=1\" alt=\"\" class=\"wp-image-743\" width=\"676\" height=\"338\" srcset=\"https:\/\/i0.wp.com\/pmi-del.cebem.org\/wp-content\/uploads\/2019\/05\/banner-reunion-productores.jpg?w=901&amp;ssl=1 901w, https:\/\/i0.wp.com\/pmi-del.cebem.org\/wp-content\/uploads\/2019\/05\/banner-reunion-productores.jpg?resize=300%2C150&amp;ssl=1 300w, https:\/\/i0.wp.com\/pmi-del.cebem.org\/wp-content\/uploads\/2019\/05\/banner-reunion-productores.jpg?resize=768%2C384&amp;ssl=1 768w\" sizes=\"(max-width: 676px) 100vw, 676px\" data-recalc-dims=\"1\" \/><\/figure><\/div>\n\n\n\n<p>Es el principal\nobjetivo del PMI-DEL as\u00ed como las alianzas p\u00fablico privadas para lograrlo.<\/p>\n\n\n\n<p>Tras el curso\/taller\nde capacitaci\u00f3n de febrero pasado, acordado entre la cooperaci\u00f3n canadiense y\nel municipio de Vinto, se suman, en la misma direcci\u00f3n, la Gobernaci\u00f3n de\nCochabamba y la Universidad Adventista.<\/p>\n\n\n\n<p>La Gobernaci\u00f3n impulsa\nel \u201cSeminario taller de apoyo a las Micro y Peque\u00f1as Empresas en el Rubro de\nAlimentos y Bebidas\u201d (16 de mayo de 2019) que apunta a fortalecer el sector de\nlas peque\u00f1as. En la misma direcci\u00f3n, la Universidad Adventista de Cochabamba,\nacuerda con el Municipio el \u201cTALLER DE FORMACI\u00d3N EMPRESARIAL\u201d (21 de mayo) dirigido\na todos los emprendedores del municipio de Vinto.&nbsp; El PMI-DEL, proyecto de hermanamiento de\nTimmins-Canad\u00e1 con Vinto, en su taller de tres etapas (febrero \u2013 julio 2019)\nalienta este escenario o ambiente propicio al fortalecimiento de los peque\u00f1os\nempresarios en Cochabamba.&nbsp; <\/p>\n\n\n\n<p>Este ambiente propicio se consolida mediante la cooperaci\u00f3n y la alianza\np\u00fablico privada, que lo hace sostenible e inclusivo. <\/p>\n\n\n\n<div class=\"wp-block-image\"><figure class=\"aligncenter\"><img data-attachment-id=\"742\" data-permalink=\"https:\/\/pmi-del.cebem.org\/?attachment_id=742\" data-orig-file=\"https:\/\/i0.wp.com\/pmi-del.cebem.org\/wp-content\/uploads\/2019\/05\/cartel-reunion-productores.png?fit=506%2C380&amp;ssl=1\" data-orig-size=\"506,380\" data-comments-opened=\"1\" data-image-meta=\"{&quot;aperture&quot;:&quot;0&quot;,&quot;credit&quot;:&quot;&quot;,&quot;camera&quot;:&quot;&quot;,&quot;caption&quot;:&quot;&quot;,&quot;created_timestamp&quot;:&quot;0&quot;,&quot;copyright&quot;:&quot;&quot;,&quot;focal_length&quot;:&quot;0&quot;,&quot;iso&quot;:&quot;0&quot;,&quot;shutter_speed&quot;:&quot;0&quot;,&quot;title&quot;:&quot;&quot;,&quot;orientation&quot;:&quot;0&quot;}\" data-image-title=\"cartel-reunion-productores\" data-image-description=\"\" data-image-caption=\"\" data-medium-file=\"https:\/\/i0.wp.com\/pmi-del.cebem.org\/wp-content\/uploads\/2019\/05\/cartel-reunion-productores.png?fit=300%2C225&amp;ssl=1\" data-large-file=\"https:\/\/i0.wp.com\/pmi-del.cebem.org\/wp-content\/uploads\/2019\/05\/cartel-reunion-productores.png?fit=506%2C380&amp;ssl=1\" loading=\"lazy\" width=\"506\" height=\"380\" src=\"https:\/\/i0.wp.com\/pmi-del.cebem.org\/wp-content\/uploads\/2019\/05\/cartel-reunion-productores.png?resize=506%2C380&#038;ssl=1\" alt=\"\" class=\"wp-image-742\" srcset=\"https:\/\/i0.wp.com\/pmi-del.cebem.org\/wp-content\/uploads\/2019\/05\/cartel-reunion-productores.png?w=506&amp;ssl=1 506w, https:\/\/i0.wp.com\/pmi-del.cebem.org\/wp-content\/uploads\/2019\/05\/cartel-reunion-productores.png?resize=300%2C225&amp;ssl=1 300w, https:\/\/i0.wp.com\/pmi-del.cebem.org\/wp-content\/uploads\/2019\/05\/cartel-reunion-productores.png?resize=135%2C100&amp;ssl=1 135w\" sizes=\"(max-width: 506px) 100vw, 506px\" data-recalc-dims=\"1\" \/><\/figure><\/div>\n","protected":false},"excerpt":{"rendered":"<p>Es el principal objetivo del PMI-DEL as\u00ed como las alianzas p\u00fablico privadas para lograrlo. Tras el curso\/taller de capacitaci\u00f3n de febrero pasado, acordado entre la cooperaci\u00f3n canadiense y el municipio de Vinto, se suman, en la misma direcci\u00f3n, la Gobernaci\u00f3n de Cochabamba y la Universidad Adventista. La Gobernaci\u00f3n impulsa el \u201cSeminario taller de apoyo a [&hellip;]<\/p>\n","protected":false},"author":3,"featured_media":743,"comment_status":"open","ping_status":"closed","sticky":false,"template":"","format":"standard","meta":{"jetpack_publicize_message":"","jetpack_is_tweetstorm":false,"jetpack_publicize_feature_enabled":true},"categories":[3],"tags":[],"jetpack_publicize_connections":[],"jetpack_featured_media_url":"https:\/\/i0.wp.com\/pmi-del.cebem.org\/wp-content\/uploads\/2019\/05\/banner-reunion-productores.jpg?fit=901%2C450&ssl=1","jetpack_sharing_enabled":true,"jetpack_shortlink":"https:\/\/wp.me\/p9d00R-bX","_links":{"self":[{"href":"https:\/\/pmi-del.cebem.org\/index.php?rest_route=\/wp\/v2\/posts\/741"}],"collection":[{"href":"https:\/\/pmi-del.cebem.org\/index.php?rest_route=\/wp\/v2\/posts"}],"about":[{"href":"https:\/\/pmi-del.cebem.org\/index.php?rest_route=\/wp\/v2\/types\/post"}],"author":[{"embeddable":true,"href":"https:\/\/pmi-del.cebem.org\/index.php?rest_route=\/wp\/v2\/users\/3"}],"replies":[{"embeddable":true,"href":"https:\/\/pmi-del.cebem.org\/index.php?rest_route=%2Fwp%2Fv2%2Fcomments&post=741"}],"version-history":[{"count":1,"href":"https:\/\/pmi-del.cebem.org\/index.php?rest_route=\/wp\/v2\/posts\/741\/revisions"}],"predecessor-version":[{"id":744,"href":"https:\/\/pmi-del.cebem.org\/index.php?rest_route=\/wp\/v2\/posts\/741\/revisions\/744"}],"wp:featuredmedia":[{"embeddable":true,"href":"https:\/\/pmi-del.cebem.org\/index.php?rest_route=\/wp\/v2\/media\/743"}],"wp:attachment":[{"href":"https:\/\/pmi-del.cebem.org\/index.php?rest_route=%2Fwp%2Fv2%2Fmedia&parent=741"}],"wp:term":[{"taxonomy":"category","embeddable":true,"href":"https:\/\/pmi-del.cebem.org\/index.php?rest_route=%2Fwp%2Fv2%2Fcategories&post=741"},{"taxonomy":"post_tag","embeddable":true,"href":"https:\/\/pmi-del.cebem.org\/index.php?rest_route=%2Fwp%2Fv2%2Ftags&post=741"}],"curies":[{"name":"wp","href":"https:\/\/api.w.org\/{rel}","templated":true}]}}