{"id":712,"date":"2019-04-30T11:15:37","date_gmt":"2019-04-30T15:15:37","guid":{"rendered":"http:\/\/pmi-del.cebem.org\/?p=712"},"modified":"2019-04-30T11:15:38","modified_gmt":"2019-04-30T15:15:38","slug":"importante-curso-virtual-sobre-economia-social-y-solidaria-gobernanza-territorial-para-alcanzar-los-objetivos-de-desarrollo-sostenible","status":"publish","type":"post","link":"https:\/\/pmi-del.cebem.org\/?p=712","title":{"rendered":"Importante Curso Virtual sobre Econom\u00eda Social y Solidaria: \u00abGobernanza territorial para alcanzar los Objetivos de Desarrollo Sostenible\u00bb"},"content":{"rendered":"\n<div class=\"wp-block-image\"><figure class=\"aligncenter is-resized\"><img data-attachment-id=\"713\" data-permalink=\"https:\/\/pmi-del.cebem.org\/?attachment_id=713\" data-orig-file=\"https:\/\/i0.wp.com\/pmi-del.cebem.org\/wp-content\/uploads\/2019\/04\/economia-social-ods-768x403.jpg?fit=768%2C403&amp;ssl=1\" data-orig-size=\"768,403\" data-comments-opened=\"1\" data-image-meta=\"{&quot;aperture&quot;:&quot;0&quot;,&quot;credit&quot;:&quot;&quot;,&quot;camera&quot;:&quot;&quot;,&quot;caption&quot;:&quot;&quot;,&quot;created_timestamp&quot;:&quot;0&quot;,&quot;copyright&quot;:&quot;&quot;,&quot;focal_length&quot;:&quot;0&quot;,&quot;iso&quot;:&quot;0&quot;,&quot;shutter_speed&quot;:&quot;0&quot;,&quot;title&quot;:&quot;&quot;,&quot;orientation&quot;:&quot;0&quot;}\" data-image-title=\"economia-social-ods-768&#215;403\" data-image-description=\"\" data-image-caption=\"\" data-medium-file=\"https:\/\/i0.wp.com\/pmi-del.cebem.org\/wp-content\/uploads\/2019\/04\/economia-social-ods-768x403.jpg?fit=300%2C157&amp;ssl=1\" data-large-file=\"https:\/\/i0.wp.com\/pmi-del.cebem.org\/wp-content\/uploads\/2019\/04\/economia-social-ods-768x403.jpg?fit=750%2C394&amp;ssl=1\" loading=\"lazy\" src=\"https:\/\/i0.wp.com\/pmi-del.cebem.org\/wp-content\/uploads\/2019\/04\/economia-social-ods-768x403.jpg?resize=576%2C302&#038;ssl=1\" alt=\"\" class=\"wp-image-713\" width=\"576\" height=\"302\" srcset=\"https:\/\/i0.wp.com\/pmi-del.cebem.org\/wp-content\/uploads\/2019\/04\/economia-social-ods-768x403.jpg?resize=768%2C403&amp;ssl=1 768w, https:\/\/i0.wp.com\/pmi-del.cebem.org\/wp-content\/uploads\/2019\/04\/economia-social-ods-768x403.jpg?resize=300%2C157&amp;ssl=1 300w\" sizes=\"(max-width: 576px) 100vw, 576px\" data-recalc-dims=\"1\" \/><\/figure><\/div>\n\n\n\n<p><strong>Del 2 de mayo al 13 de junio de 2019<\/strong><\/p>\n\n\n\n<p><strong>Objetivo del curso:<\/strong><\/p>\n\n\n\n<p>Este curso tiene como objetivo un recurso formativo\n para aquellas personas que busquen incorporar y  analizar la \ncontribuci\u00f3n de la ESyS en el contexto de la gobernanza local para \nlograr los ODS,  as\u00ed como su materializaci\u00f3n en experiencias concretas a\n nivel de Am\u00e9rica Latina y el Caribe.<\/p>\n\n\n\n<p><strong>Destinado a:<\/strong><\/p>\n\n\n\n<ul><li>El curso est\u00e1 dirigido a profesionales de las Ciencias Sociales, \nEconom\u00eda, Ingenieros, que acredite competencias y experiencia en&nbsp; el \ncampo relacionado con el desarrollo de la Econom\u00eda Social y Solidaria. \nTambi\u00e9n podr\u00e1n aspirar profesionales de otras disciplinas que expresen \nsu inter\u00e9s en el objeto de formaci\u00f3n en el \u00e1rea.<\/li><li>El curso tambi\u00e9n va dirigido a personas que desarrollen su labor \nen organizaciones de la econom\u00eda Social y solidaria y deseen recibir una\n formaci\u00f3n especializada para fortalecer a la organizaci\u00f3n con miras \npara alcanzar los ODS..<\/li><li>Personas interesadas en trabajar en organizaciones sociales, cooperativas, emprendimientos productivos.<\/li><\/ul>\n\n\n\n<p><strong>Facilitadores:<\/strong><\/p>\n\n\n\n<ul><li><strong>De Bolivia KAREN PATRICIAS  CIS ROSALES <\/strong>Master en Econom\u00eda Sectorial Internacional,  con especializaci\u00f3n en  proyectos. Experiencia en el dise\u00f1o, evaluaci\u00f3n,  promoci\u00f3n,  administraci\u00f3n y ejecuci\u00f3n de proyectos con recursos de organismos   internacionales, monitoreo y evaluaci\u00f3n, movilizaci\u00f3n y gesti\u00f3n de  recursos y  desarrollo de contactos con donantes y organizaciones.<\/li><li><strong>De Colombia JUAN FERNANDO \u00c1LVAREZ RODR\u00cdGUEZ <\/strong>Doctor en Ciencias Sociales y M\u00e1ster en  Econom\u00eda Social. Profesor de  la Universidad Javeriana e invitado en las  Universidades FUNIBER y  Castilla-La Mancha (Espa\u00f1a), Andina Sim\u00f3n Bol\u00edvar  (Ecuador) y  Guadalajara (M\u00e9xico).<\/li><li><strong>De Argentina ROXANA MARCELA ARCE<\/strong> Licenciada en  Sociolog\u00eda con Posgrado en Ciencias Sociales del  Trabajo. Tutor on Line del  Centro de Estudios Interdisciplinario de  Huancayo (Per\u00fa) y para la Empresa de  Formaci\u00f3n Iniciativas  Empresariales de Barcelona (Espa\u00f1a).<\/li><\/ul>\n\n\n\n<div class=\"wp-block-button aligncenter\"><a class=\"wp-block-button__link\" href=\"http:\/\/cebem.org\/?p=4843\">M\u00e1s informaci\u00f3n<br><\/a><\/div>\n","protected":false},"excerpt":{"rendered":"<p>Del 2 de mayo al 13 de junio de 2019 Objetivo del curso: Este curso tiene como objetivo un recurso formativo para aquellas personas que busquen incorporar y analizar la contribuci\u00f3n de la ESyS en el contexto de la gobernanza local para lograr los ODS, as\u00ed como su materializaci\u00f3n en experiencias concretas a nivel de [&hellip;]<\/p>\n","protected":false},"author":3,"featured_media":713,"comment_status":"closed","ping_status":"closed","sticky":false,"template":"","format":"standard","meta":{"jetpack_publicize_message":"","jetpack_is_tweetstorm":false,"jetpack_publicize_feature_enabled":true},"categories":[3],"tags":[8],"jetpack_publicize_connections":[],"jetpack_featured_media_url":"https:\/\/i0.wp.com\/pmi-del.cebem.org\/wp-content\/uploads\/2019\/04\/economia-social-ods-768x403.jpg?fit=768%2C403&ssl=1","jetpack_sharing_enabled":true,"jetpack_shortlink":"https:\/\/wp.me\/p9d00R-bu","_links":{"self":[{"href":"https:\/\/pmi-del.cebem.org\/index.php?rest_route=\/wp\/v2\/posts\/712"}],"collection":[{"href":"https:\/\/pmi-del.cebem.org\/index.php?rest_route=\/wp\/v2\/posts"}],"about":[{"href":"https:\/\/pmi-del.cebem.org\/index.php?rest_route=\/wp\/v2\/types\/post"}],"author":[{"embeddable":true,"href":"https:\/\/pmi-del.cebem.org\/index.php?rest_route=\/wp\/v2\/users\/3"}],"replies":[{"embeddable":true,"href":"https:\/\/pmi-del.cebem.org\/index.php?rest_route=%2Fwp%2Fv2%2Fcomments&post=712"}],"version-history":[{"count":1,"href":"https:\/\/pmi-del.cebem.org\/index.php?rest_route=\/wp\/v2\/posts\/712\/revisions"}],"predecessor-version":[{"id":714,"href":"https:\/\/pmi-del.cebem.org\/index.php?rest_route=\/wp\/v2\/posts\/712\/revisions\/714"}],"wp:featuredmedia":[{"embeddable":true,"href":"https:\/\/pmi-del.cebem.org\/index.php?rest_route=\/wp\/v2\/media\/713"}],"wp:attachment":[{"href":"https:\/\/pmi-del.cebem.org\/index.php?rest_route=%2Fwp%2Fv2%2Fmedia&parent=712"}],"wp:term":[{"taxonomy":"category","embeddable":true,"href":"https:\/\/pmi-del.cebem.org\/index.php?rest_route=%2Fwp%2Fv2%2Fcategories&post=712"},{"taxonomy":"post_tag","embeddable":true,"href":"https:\/\/pmi-del.cebem.org\/index.php?rest_route=%2Fwp%2Fv2%2Ftags&post=712"}],"curies":[{"name":"wp","href":"https:\/\/api.w.org\/{rel}","templated":true}]}}