{"id":690,"date":"2019-04-12T18:21:35","date_gmt":"2019-04-12T22:21:35","guid":{"rendered":"http:\/\/pmi-del.cebem.org\/?p=690"},"modified":"2019-04-12T18:21:37","modified_gmt":"2019-04-12T22:21:37","slug":"articulacion-y-pacto-territorial-publico-y-privado-en-el-gam-de-pailon","status":"publish","type":"post","link":"https:\/\/pmi-del.cebem.org\/?p=690","title":{"rendered":"Articulaci\u00f3n y pacto territorial p\u00fablico y privado en el GAM de Pail\u00f3n"},"content":{"rendered":"\n<p>El Gobierno Aut\u00f3nomo Municipal de Pail\u00f3n, encabezado por su Alcalde Marcial Cruz, ha entendido que se deben cubrir otros espacios brindando nuevos servicios a la poblaci\u00f3n.\u00a0 En esta oportunidad se propone vincular al municipio con todos los actores econ\u00f3micos del mismo para profundizar la articulaci\u00f3n publico privada del territorio. Esta es una estrategia de pacto territorial muy relevante, donde lo p\u00fablico y lo privado, desde hoy en adelante, ser\u00e1 el com\u00fan denominador en cualquier actividad de este territorio. <\/p>\n\n\n\n<p>Empezando por casa, socializando la importancia del Desarrollo\nEcon\u00f3mico Local entre todos los funcionarios para luego salir a los barrios. <strong>Pail\u00f3n 12 de abril de 2019.<\/strong><\/p>\n\n\n\n<div class=\"wp-block-jetpack-slideshow aligncenter\" data-autoplay=\"true\" data-delay=\"3\" data-effect=\"fade\"><div class=\"wp-block-jetpack-slideshow_container swiper-container\"><ul class=\"wp-block-jetpack-slideshow_swiper-wrappper swiper-wrapper\"><li class=\"wp-block-jetpack-slideshow_slide swiper-slide\"><figure><img loading=\"lazy\" width=\"750\" height=\"563\" alt=\"\" class=\"wp-block-jetpack-slideshow_image wp-image-693\" data-id=\"693\" src=\"https:\/\/i0.wp.com\/pmi-del.cebem.org\/wp-content\/uploads\/2019\/04\/pailon-3.jpeg?resize=750%2C563&#038;ssl=1\" srcset=\"https:\/\/i0.wp.com\/pmi-del.cebem.org\/wp-content\/uploads\/2019\/04\/pailon-3.jpeg?resize=1024%2C768&amp;ssl=1 1024w, https:\/\/i0.wp.com\/pmi-del.cebem.org\/wp-content\/uploads\/2019\/04\/pailon-3.jpeg?resize=300%2C225&amp;ssl=1 300w, https:\/\/i0.wp.com\/pmi-del.cebem.org\/wp-content\/uploads\/2019\/04\/pailon-3.jpeg?resize=768%2C576&amp;ssl=1 768w, https:\/\/i0.wp.com\/pmi-del.cebem.org\/wp-content\/uploads\/2019\/04\/pailon-3.jpeg?resize=135%2C100&amp;ssl=1 135w, https:\/\/i0.wp.com\/pmi-del.cebem.org\/wp-content\/uploads\/2019\/04\/pailon-3.jpeg?w=1032&amp;ssl=1 1032w\" sizes=\"(max-width: 750px) 100vw, 750px\" data-recalc-dims=\"1\" \/><\/figure><\/li><li class=\"wp-block-jetpack-slideshow_slide swiper-slide\"><figure><img loading=\"lazy\" width=\"750\" height=\"563\" alt=\"\" class=\"wp-block-jetpack-slideshow_image wp-image-692\" data-id=\"692\" src=\"https:\/\/i0.wp.com\/pmi-del.cebem.org\/wp-content\/uploads\/2019\/04\/pailon-2.jpeg?resize=750%2C563&#038;ssl=1\" srcset=\"https:\/\/i0.wp.com\/pmi-del.cebem.org\/wp-content\/uploads\/2019\/04\/pailon-2.jpeg?resize=1024%2C768&amp;ssl=1 1024w, https:\/\/i0.wp.com\/pmi-del.cebem.org\/wp-content\/uploads\/2019\/04\/pailon-2.jpeg?resize=300%2C225&amp;ssl=1 300w, https:\/\/i0.wp.com\/pmi-del.cebem.org\/wp-content\/uploads\/2019\/04\/pailon-2.jpeg?resize=768%2C576&amp;ssl=1 768w, https:\/\/i0.wp.com\/pmi-del.cebem.org\/wp-content\/uploads\/2019\/04\/pailon-2.jpeg?resize=135%2C100&amp;ssl=1 135w, https:\/\/i0.wp.com\/pmi-del.cebem.org\/wp-content\/uploads\/2019\/04\/pailon-2.jpeg?w=1032&amp;ssl=1 1032w\" sizes=\"(max-width: 750px) 100vw, 750px\" data-recalc-dims=\"1\" \/><\/figure><\/li><li class=\"wp-block-jetpack-slideshow_slide swiper-slide\"><figure><img loading=\"lazy\" width=\"750\" height=\"563\" alt=\"\" class=\"wp-block-jetpack-slideshow_image wp-image-691\" data-id=\"691\" src=\"https:\/\/i0.wp.com\/pmi-del.cebem.org\/wp-content\/uploads\/2019\/04\/pailon-1.jpeg?resize=750%2C563&#038;ssl=1\" srcset=\"https:\/\/i0.wp.com\/pmi-del.cebem.org\/wp-content\/uploads\/2019\/04\/pailon-1.jpeg?resize=1024%2C768&amp;ssl=1 1024w, https:\/\/i0.wp.com\/pmi-del.cebem.org\/wp-content\/uploads\/2019\/04\/pailon-1.jpeg?resize=300%2C225&amp;ssl=1 300w, https:\/\/i0.wp.com\/pmi-del.cebem.org\/wp-content\/uploads\/2019\/04\/pailon-1.jpeg?resize=768%2C576&amp;ssl=1 768w, https:\/\/i0.wp.com\/pmi-del.cebem.org\/wp-content\/uploads\/2019\/04\/pailon-1.jpeg?resize=135%2C100&amp;ssl=1 135w, https:\/\/i0.wp.com\/pmi-del.cebem.org\/wp-content\/uploads\/2019\/04\/pailon-1.jpeg?w=1032&amp;ssl=1 1032w\" sizes=\"(max-width: 750px) 100vw, 750px\" data-recalc-dims=\"1\" \/><\/figure><\/li><\/ul><a class=\"wp-block-jetpack-slideshow_button-prev swiper-button-prev swiper-button-white\" role=\"button\"><\/a><a class=\"wp-block-jetpack-slideshow_button-next swiper-button-next swiper-button-white\" role=\"button\"><\/a><a aria-label=\"Pause Slideshow\" class=\"wp-block-jetpack-slideshow_button-pause\" role=\"button\"><\/a><div class=\"wp-block-jetpack-slideshow_pagination swiper-pagination swiper-pagination-white\"><\/div><\/div><\/div>\n","protected":false},"excerpt":{"rendered":"<p>El Gobierno Aut\u00f3nomo Municipal de Pail\u00f3n, encabezado por su Alcalde Marcial Cruz, ha entendido que se deben cubrir otros espacios brindando nuevos servicios a la poblaci\u00f3n.\u00a0 En esta oportunidad se propone vincular al municipio con todos los actores econ\u00f3micos del mismo para profundizar la articulaci\u00f3n publico privada del territorio. Esta es una estrategia de pacto [&hellip;]<\/p>\n","protected":false},"author":3,"featured_media":693,"comment_status":"closed","ping_status":"closed","sticky":false,"template":"","format":"standard","meta":{"jetpack_publicize_message":"Articulaci\u00f3n y pacto territorial p\u00fablico y privado en el GAM de #Pail\u00f3n","jetpack_is_tweetstorm":false,"jetpack_publicize_feature_enabled":true},"categories":[3],"tags":[6,5],"jetpack_publicize_connections":[],"jetpack_featured_media_url":"https:\/\/i0.wp.com\/pmi-del.cebem.org\/wp-content\/uploads\/2019\/04\/pailon-3.jpeg?fit=1032%2C774&ssl=1","jetpack_sharing_enabled":true,"jetpack_shortlink":"https:\/\/wp.me\/p9d00R-b8","_links":{"self":[{"href":"https:\/\/pmi-del.cebem.org\/index.php?rest_route=\/wp\/v2\/posts\/690"}],"collection":[{"href":"https:\/\/pmi-del.cebem.org\/index.php?rest_route=\/wp\/v2\/posts"}],"about":[{"href":"https:\/\/pmi-del.cebem.org\/index.php?rest_route=\/wp\/v2\/types\/post"}],"author":[{"embeddable":true,"href":"https:\/\/pmi-del.cebem.org\/index.php?rest_route=\/wp\/v2\/users\/3"}],"replies":[{"embeddable":true,"href":"https:\/\/pmi-del.cebem.org\/index.php?rest_route=%2Fwp%2Fv2%2Fcomments&post=690"}],"version-history":[{"count":7,"href":"https:\/\/pmi-del.cebem.org\/index.php?rest_route=\/wp\/v2\/posts\/690\/revisions"}],"predecessor-version":[{"id":700,"href":"https:\/\/pmi-del.cebem.org\/index.php?rest_route=\/wp\/v2\/posts\/690\/revisions\/700"}],"wp:featuredmedia":[{"embeddable":true,"href":"https:\/\/pmi-del.cebem.org\/index.php?rest_route=\/wp\/v2\/media\/693"}],"wp:attachment":[{"href":"https:\/\/pmi-del.cebem.org\/index.php?rest_route=%2Fwp%2Fv2%2Fmedia&parent=690"}],"wp:term":[{"taxonomy":"category","embeddable":true,"href":"https:\/\/pmi-del.cebem.org\/index.php?rest_route=%2Fwp%2Fv2%2Fcategories&post=690"},{"taxonomy":"post_tag","embeddable":true,"href":"https:\/\/pmi-del.cebem.org\/index.php?rest_route=%2Fwp%2Fv2%2Ftags&post=690"}],"curies":[{"name":"wp","href":"https:\/\/api.w.org\/{rel}","templated":true}]}}