{"id":573,"date":"2019-02-19T19:09:58","date_gmt":"2019-02-19T23:09:58","guid":{"rendered":"http:\/\/pmi-del.cebem.org\/?p=573"},"modified":"2019-03-27T17:39:24","modified_gmt":"2019-03-27T21:39:24","slug":"perspectivas-inmediatas-pos-evaluacion","status":"publish","type":"post","link":"https:\/\/pmi-del.cebem.org\/?p=573","title":{"rendered":"Perspectivas inmediatas pos evaluaci\u00f3n"},"content":{"rendered":"\n<h2><strong>La colaboraci\u00f3n\npara un entorno propicio<\/strong><\/h2>\n\n\n\n<p>El SAM en Bolivia (FAM Bolivia, ACOBOL y AMB m\u00e1s las AMDEs  departamentales)como AMDECO, AMDECRUZ y los actores en DEL Inclusivo con  los GL de Pail\u00f3n y Cabezas en Santa Cruz y Vinto en Cochabamba han  identificado en la colaboraci\u00f3n un entorno propicio que promueve la  prosperidad econ\u00f3mica local y en especial de los Gobiernos Aut\u00f3nomos  Municipales a trav\u00e9s de la inserci\u00f3n en el mercado laboral de la  juventud, mujeres y emprendedores. <\/p>\n\n\n\n<p>ACOBOL focaliza\nla capacitaci\u00f3n a capacitadores en DEL en la gesti\u00f3n 2019 para las autoridades\nelectas, personal municipal y actores claves de la comunidad. Ya se cuenta con\nuna caja de herramientas y un compendio de proyectos para trabajar en DEL con\nEnfoque de G\u00e9nero. Resalta que ya existen grupos de trabajo en DEL y que cuentan\ncon un plan de acci\u00f3n para incidir en Pol\u00edticas P\u00fablicas.&nbsp; Existe una plataforma tem\u00e1tica en G\u00e9nero y un\nproceso la revisi\u00f3n del Marco Normativo.&nbsp;\n<\/p>\n\n\n\n<p>Para la FAM\nBolivia, todas las actividades est\u00e1n en proceso, proyectando su finalizaci\u00f3n a\nmarzo de 2019.<\/p>\n\n\n\n<p>Se recomienda un\n\u00e9nfasis en la articulaci\u00f3n entre las Asociaciones de Municipios Departamentales\n(AMDEs) y las Asociaciones de Concejalas Departamentales (ACOs) para trabajar\nen enfoque de g\u00e9nero.<\/p>\n\n\n\n<p><strong>GL de Pail\u00f3n \u2013 Santa Cruz<\/strong><\/p>\n\n\n\n<figure class=\"wp-block-image\"><img data-attachment-id=\"588\" data-permalink=\"https:\/\/pmi-del.cebem.org\/?attachment_id=588\" data-orig-file=\"https:\/\/i0.wp.com\/pmi-del.cebem.org\/wp-content\/uploads\/2019\/03\/bol0101.jpg?fit=825%2C465&amp;ssl=1\" data-orig-size=\"825,465\" data-comments-opened=\"1\" data-image-meta=\"{&quot;aperture&quot;:&quot;0&quot;,&quot;credit&quot;:&quot;&quot;,&quot;camera&quot;:&quot;&quot;,&quot;caption&quot;:&quot;&quot;,&quot;created_timestamp&quot;:&quot;0&quot;,&quot;copyright&quot;:&quot;&quot;,&quot;focal_length&quot;:&quot;0&quot;,&quot;iso&quot;:&quot;0&quot;,&quot;shutter_speed&quot;:&quot;0&quot;,&quot;title&quot;:&quot;&quot;,&quot;orientation&quot;:&quot;0&quot;}\" data-image-title=\"bol0101\" data-image-description=\"\" data-image-caption=\"\" data-medium-file=\"https:\/\/i0.wp.com\/pmi-del.cebem.org\/wp-content\/uploads\/2019\/03\/bol0101.jpg?fit=300%2C169&amp;ssl=1\" data-large-file=\"https:\/\/i0.wp.com\/pmi-del.cebem.org\/wp-content\/uploads\/2019\/03\/bol0101.jpg?fit=750%2C423&amp;ssl=1\" loading=\"lazy\" width=\"750\" height=\"423\" src=\"https:\/\/i0.wp.com\/pmi-del.cebem.org\/wp-content\/uploads\/2019\/03\/bol0101.jpg?resize=750%2C423&#038;ssl=1\" alt=\"\" class=\"wp-image-588\" srcset=\"https:\/\/i0.wp.com\/pmi-del.cebem.org\/wp-content\/uploads\/2019\/03\/bol0101.jpg?w=825&amp;ssl=1 825w, https:\/\/i0.wp.com\/pmi-del.cebem.org\/wp-content\/uploads\/2019\/03\/bol0101.jpg?resize=300%2C169&amp;ssl=1 300w, https:\/\/i0.wp.com\/pmi-del.cebem.org\/wp-content\/uploads\/2019\/03\/bol0101.jpg?resize=768%2C433&amp;ssl=1 768w\" sizes=\"(max-width: 750px) 100vw, 750px\" data-recalc-dims=\"1\" \/><\/figure>\n\n\n\n<p><strong>Existe una Agencia de Desarrollo Econ\u00f3mico Local\n(ADEL)<\/strong><\/p>\n\n\n\n<p>Mediante alianzas\nestrat\u00e9gicas con universidades y el Instituto Tecnol\u00f3gico, se viene\ndesarrollando programas de inserci\u00f3n socioecon\u00f3mico de la juventud, adem\u00e1s de\napoyar a asociaciones de mujeres artesanas.<\/p>\n\n\n\n<figure class=\"wp-block-image\"><img data-attachment-id=\"593\" data-permalink=\"https:\/\/pmi-del.cebem.org\/?attachment_id=593\" data-orig-file=\"https:\/\/i0.wp.com\/pmi-del.cebem.org\/wp-content\/uploads\/2019\/03\/bol0102.jpg?fit=918%2C518&amp;ssl=1\" data-orig-size=\"918,518\" data-comments-opened=\"1\" data-image-meta=\"{&quot;aperture&quot;:&quot;0&quot;,&quot;credit&quot;:&quot;&quot;,&quot;camera&quot;:&quot;&quot;,&quot;caption&quot;:&quot;&quot;,&quot;created_timestamp&quot;:&quot;0&quot;,&quot;copyright&quot;:&quot;&quot;,&quot;focal_length&quot;:&quot;0&quot;,&quot;iso&quot;:&quot;0&quot;,&quot;shutter_speed&quot;:&quot;0&quot;,&quot;title&quot;:&quot;&quot;,&quot;orientation&quot;:&quot;0&quot;}\" data-image-title=\"bol0102\" data-image-description=\"\" data-image-caption=\"\" data-medium-file=\"https:\/\/i0.wp.com\/pmi-del.cebem.org\/wp-content\/uploads\/2019\/03\/bol0102.jpg?fit=300%2C169&amp;ssl=1\" data-large-file=\"https:\/\/i0.wp.com\/pmi-del.cebem.org\/wp-content\/uploads\/2019\/03\/bol0102.jpg?fit=750%2C423&amp;ssl=1\" loading=\"lazy\" width=\"750\" height=\"423\" src=\"https:\/\/i0.wp.com\/pmi-del.cebem.org\/wp-content\/uploads\/2019\/03\/bol0102.jpg?resize=750%2C423&#038;ssl=1\" alt=\"\" class=\"wp-image-593\" srcset=\"https:\/\/i0.wp.com\/pmi-del.cebem.org\/wp-content\/uploads\/2019\/03\/bol0102.jpg?w=918&amp;ssl=1 918w, https:\/\/i0.wp.com\/pmi-del.cebem.org\/wp-content\/uploads\/2019\/03\/bol0102.jpg?resize=300%2C169&amp;ssl=1 300w, https:\/\/i0.wp.com\/pmi-del.cebem.org\/wp-content\/uploads\/2019\/03\/bol0102.jpg?resize=768%2C433&amp;ssl=1 768w\" sizes=\"(max-width: 750px) 100vw, 750px\" data-recalc-dims=\"1\" \/><\/figure>\n\n\n\n<p>Los Comit\u00e9s\nIntersectoriales dentro el municipio, est\u00e1n impulsando el intercambio entre\nsectores y el fortalecimiento institucional mediante la firma de convenios con\nel sector privado.&nbsp; Est\u00e1n pendientes\nestudios de la econom\u00eda informal, econom\u00eda social, solidaria y verde.&nbsp; <\/p>\n\n\n\n<p>Con AMDECRUZ se\npropone la capacitaci\u00f3n en DEL, Planes de Negocios y un mejor aprovechamiento\ndel Instituto Tecnol\u00f3gico para la formaci\u00f3n de la juventud.<\/p>\n\n\n\n<p><strong>\u00c1reas problem\u00e1ticas internas a ser abordadas<\/strong> <\/p>\n\n\n\n<p>Falta de personal\ncapacitado, falta de planificaci\u00f3n en DEL, falta de pol\u00edticas municipales en\nDEL y la rotaci\u00f3n del personal. Para ello se proponen alianzas estrat\u00e9gicas con\nel sector privado del municipio y otras organizaciones. Convenios\nintergubernamentales y socializaci\u00f3n de Pol\u00edticas P\u00fablicas en DEL (MyPES) del\nGobierno Central.<\/p>\n\n\n\n<p><strong>\u00c1reas potenciales:<\/strong><\/p>\n\n\n\n<ul><li>Voluntad\npol\u00edtica municipal y la gesti\u00f3n para la capacitaci\u00f3n y asistencia en DEL, con\napoyo de otras organizaciones<\/li><li>Buena\nGobernabilidad (Ejecutivo y Legislativo) ya que existen recursos limitados para\nel apoyo a sectores,<\/li><li>Buena\nrelaci\u00f3n con AMDECRUZ, la alianza estrat\u00e9gica con Truro,<\/li><li>Inter\u00e9s\nen los sectores productivos en formar parte del programa PMI-DEL y<\/li><li>Apoyo\nde ACOBOL y AMDECRUZ en el tema de g\u00e9nero.<\/li><\/ul>\n\n\n\n<figure class=\"wp-block-image\"><img data-attachment-id=\"596\" data-permalink=\"https:\/\/pmi-del.cebem.org\/?attachment_id=596\" data-orig-file=\"https:\/\/i0.wp.com\/pmi-del.cebem.org\/wp-content\/uploads\/2019\/03\/bol0103.jpg?fit=1350%2C761&amp;ssl=1\" data-orig-size=\"1350,761\" data-comments-opened=\"1\" data-image-meta=\"{&quot;aperture&quot;:&quot;0&quot;,&quot;credit&quot;:&quot;&quot;,&quot;camera&quot;:&quot;&quot;,&quot;caption&quot;:&quot;&quot;,&quot;created_timestamp&quot;:&quot;0&quot;,&quot;copyright&quot;:&quot;&quot;,&quot;focal_length&quot;:&quot;0&quot;,&quot;iso&quot;:&quot;0&quot;,&quot;shutter_speed&quot;:&quot;0&quot;,&quot;title&quot;:&quot;&quot;,&quot;orientation&quot;:&quot;0&quot;}\" data-image-title=\"bol0103\" data-image-description=\"\" data-image-caption=\"\" data-medium-file=\"https:\/\/i0.wp.com\/pmi-del.cebem.org\/wp-content\/uploads\/2019\/03\/bol0103.jpg?fit=300%2C169&amp;ssl=1\" data-large-file=\"https:\/\/i0.wp.com\/pmi-del.cebem.org\/wp-content\/uploads\/2019\/03\/bol0103.jpg?fit=750%2C423&amp;ssl=1\" loading=\"lazy\" width=\"750\" height=\"423\" src=\"https:\/\/i0.wp.com\/pmi-del.cebem.org\/wp-content\/uploads\/2019\/03\/bol0103.jpg?resize=750%2C423&#038;ssl=1\" alt=\"\" class=\"wp-image-596\" srcset=\"https:\/\/i0.wp.com\/pmi-del.cebem.org\/wp-content\/uploads\/2019\/03\/bol0103.jpg?resize=1024%2C577&amp;ssl=1 1024w, https:\/\/i0.wp.com\/pmi-del.cebem.org\/wp-content\/uploads\/2019\/03\/bol0103.jpg?resize=300%2C169&amp;ssl=1 300w, https:\/\/i0.wp.com\/pmi-del.cebem.org\/wp-content\/uploads\/2019\/03\/bol0103.jpg?resize=768%2C433&amp;ssl=1 768w, https:\/\/i0.wp.com\/pmi-del.cebem.org\/wp-content\/uploads\/2019\/03\/bol0103.jpg?w=1350&amp;ssl=1 1350w\" sizes=\"(max-width: 750px) 100vw, 750px\" data-recalc-dims=\"1\" \/><\/figure>\n\n\n\n<p><strong>GL de Vinto \u2013 Cochabamba<\/strong><\/p>\n\n\n\n<p>El municipio cuenta\nya con un proyecto de demostraci\u00f3n que involucra los aspectos de participaci\u00f3n\nc\u00edvico ciudadana y una estrategia de empleo para j\u00f3venes y mujeres; Una L\u00ednea\nde Base y un plan de capacitaci\u00f3n en marcha en diferentes rubros; falta mayor\ninvestigaci\u00f3n sobre el mercado laboral.<\/p>\n\n\n\n<p>Se apoya a los\ncentros de emprendimiento y a muchas asociaciones de productores mediante\nprogramas de apoyo a sus planes de negocios en cooperaci\u00f3n entre el Municipio\nde Timmins y Vinto. <\/p>\n\n\n\n<p>Resaltan alianzas\np\u00fablico-privadas como la que se tiene con la C\u00e1mara de Comercio y la de\nIngenieros de Bolivia<\/p>\n\n\n\n<p>Se requiere de\neducaci\u00f3n emprendedora en escuelas a implementar a ser posible en la gesti\u00f3n\n2019 \u2013 2020.<\/p>\n\n\n\n<p>Sin embargo, se\nestablecen alianzas de colaboraci\u00f3n, se apoya la creaci\u00f3n de nuevos negocios,\nsu capacitaci\u00f3n y financiamiento m\u00e1s el apoyo que se destina a empresas\nsociales.<\/p>\n\n\n\n<p>Acercamiento a\nentidades p\u00fablicas como el Ministerio de Medio Ambiente, Ministerio de\nDesarrollo Rural y Tierras; de financiamiento con Cooperativas y Bancos\nprivados: y con otras organizaciones como SENASAG, Impuestos Internos\nNacionales, FUNDAEMPRESA y otros.<\/p>\n\n\n\n<p>El GL de Vinto,\nse\u00f1ala que las \u00e1reas problem\u00e1ticas y que pueden ser abordados por la propia\nmunicipalidad de forma interna es la falta de recursos humanos para brindar\ncapacitaci\u00f3n, mientras que externas y solucionables con el concurso de otros\nniveles est\u00e1n: falta de recursos para el estudio del sector informal y la falta\nde incentivos para formalizar lo informal.<\/p>\n\n\n\n<figure class=\"wp-block-image\"><img data-attachment-id=\"598\" data-permalink=\"https:\/\/pmi-del.cebem.org\/?attachment_id=598\" data-orig-file=\"https:\/\/i0.wp.com\/pmi-del.cebem.org\/wp-content\/uploads\/2019\/03\/bol0104.jpg?fit=852%2C568&amp;ssl=1\" data-orig-size=\"852,568\" data-comments-opened=\"1\" data-image-meta=\"{&quot;aperture&quot;:&quot;0&quot;,&quot;credit&quot;:&quot;&quot;,&quot;camera&quot;:&quot;&quot;,&quot;caption&quot;:&quot;&quot;,&quot;created_timestamp&quot;:&quot;0&quot;,&quot;copyright&quot;:&quot;&quot;,&quot;focal_length&quot;:&quot;0&quot;,&quot;iso&quot;:&quot;0&quot;,&quot;shutter_speed&quot;:&quot;0&quot;,&quot;title&quot;:&quot;&quot;,&quot;orientation&quot;:&quot;0&quot;}\" data-image-title=\"bol0104\" data-image-description=\"\" data-image-caption=\"\" data-medium-file=\"https:\/\/i0.wp.com\/pmi-del.cebem.org\/wp-content\/uploads\/2019\/03\/bol0104.jpg?fit=300%2C200&amp;ssl=1\" data-large-file=\"https:\/\/i0.wp.com\/pmi-del.cebem.org\/wp-content\/uploads\/2019\/03\/bol0104.jpg?fit=750%2C500&amp;ssl=1\" loading=\"lazy\" width=\"750\" height=\"500\" src=\"https:\/\/i0.wp.com\/pmi-del.cebem.org\/wp-content\/uploads\/2019\/03\/bol0104.jpg?resize=750%2C500&#038;ssl=1\" alt=\"\" class=\"wp-image-598\" srcset=\"https:\/\/i0.wp.com\/pmi-del.cebem.org\/wp-content\/uploads\/2019\/03\/bol0104.jpg?w=852&amp;ssl=1 852w, https:\/\/i0.wp.com\/pmi-del.cebem.org\/wp-content\/uploads\/2019\/03\/bol0104.jpg?resize=300%2C200&amp;ssl=1 300w, https:\/\/i0.wp.com\/pmi-del.cebem.org\/wp-content\/uploads\/2019\/03\/bol0104.jpg?resize=768%2C512&amp;ssl=1 768w\" sizes=\"(max-width: 750px) 100vw, 750px\" data-recalc-dims=\"1\" \/><\/figure>\n\n\n\n<p><strong>Las \u00e1reas de apoyo internas:<\/strong><\/p>\n\n\n\n<p>Alianzas p\u00fablico\nprivadas,<\/p>\n\n\n\n<p>Plan de\ncapacitaci\u00f3n y apoyo a los planes de negocios de peque\u00f1os empresarios\nasociados.<\/p>\n\n\n\n<p>Gran voluntad\npol\u00edtica para apoyar los programas de capacitaci\u00f3n ya que se cuenta con una\nexcelente infraestructura para ello.<\/p>\n\n\n\n<p><strong>\u00c1reas de apoyo externas:<\/strong><\/p>\n\n\n\n<p>Se tiene acceso a\nentidades de financiamiento, se apoya el intercambio de experiencias con otros\nmunicipios. La FAM Bolivia apoyar\u00e1 la r\u00e9plica con otros municipios.<\/p>\n\n\n\n<figure class=\"wp-block-image\"><img data-attachment-id=\"599\" data-permalink=\"https:\/\/pmi-del.cebem.org\/?attachment_id=599\" data-orig-file=\"https:\/\/i0.wp.com\/pmi-del.cebem.org\/wp-content\/uploads\/2019\/03\/bol0105.jpg?fit=1005%2C670&amp;ssl=1\" data-orig-size=\"1005,670\" data-comments-opened=\"1\" data-image-meta=\"{&quot;aperture&quot;:&quot;0&quot;,&quot;credit&quot;:&quot;&quot;,&quot;camera&quot;:&quot;&quot;,&quot;caption&quot;:&quot;&quot;,&quot;created_timestamp&quot;:&quot;0&quot;,&quot;copyright&quot;:&quot;&quot;,&quot;focal_length&quot;:&quot;0&quot;,&quot;iso&quot;:&quot;0&quot;,&quot;shutter_speed&quot;:&quot;0&quot;,&quot;title&quot;:&quot;&quot;,&quot;orientation&quot;:&quot;0&quot;}\" data-image-title=\"bol0105\" data-image-description=\"\" data-image-caption=\"\" data-medium-file=\"https:\/\/i0.wp.com\/pmi-del.cebem.org\/wp-content\/uploads\/2019\/03\/bol0105.jpg?fit=300%2C200&amp;ssl=1\" data-large-file=\"https:\/\/i0.wp.com\/pmi-del.cebem.org\/wp-content\/uploads\/2019\/03\/bol0105.jpg?fit=750%2C500&amp;ssl=1\" loading=\"lazy\" width=\"750\" height=\"500\" src=\"https:\/\/i0.wp.com\/pmi-del.cebem.org\/wp-content\/uploads\/2019\/03\/bol0105.jpg?resize=750%2C500&#038;ssl=1\" alt=\"\" class=\"wp-image-599\" srcset=\"https:\/\/i0.wp.com\/pmi-del.cebem.org\/wp-content\/uploads\/2019\/03\/bol0105.jpg?w=1005&amp;ssl=1 1005w, https:\/\/i0.wp.com\/pmi-del.cebem.org\/wp-content\/uploads\/2019\/03\/bol0105.jpg?resize=300%2C200&amp;ssl=1 300w, https:\/\/i0.wp.com\/pmi-del.cebem.org\/wp-content\/uploads\/2019\/03\/bol0105.jpg?resize=768%2C512&amp;ssl=1 768w\" sizes=\"(max-width: 750px) 100vw, 750px\" data-recalc-dims=\"1\" \/><\/figure>\n\n\n\n<figure class=\"wp-block-image\"><img data-attachment-id=\"600\" data-permalink=\"https:\/\/pmi-del.cebem.org\/?attachment_id=600\" data-orig-file=\"https:\/\/i0.wp.com\/pmi-del.cebem.org\/wp-content\/uploads\/2019\/03\/bol0106.jpg?fit=1280%2C960&amp;ssl=1\" data-orig-size=\"1280,960\" data-comments-opened=\"1\" data-image-meta=\"{&quot;aperture&quot;:&quot;0&quot;,&quot;credit&quot;:&quot;&quot;,&quot;camera&quot;:&quot;&quot;,&quot;caption&quot;:&quot;&quot;,&quot;created_timestamp&quot;:&quot;0&quot;,&quot;copyright&quot;:&quot;&quot;,&quot;focal_length&quot;:&quot;0&quot;,&quot;iso&quot;:&quot;0&quot;,&quot;shutter_speed&quot;:&quot;0&quot;,&quot;title&quot;:&quot;&quot;,&quot;orientation&quot;:&quot;0&quot;}\" data-image-title=\"bol0106\" data-image-description=\"\" data-image-caption=\"\" data-medium-file=\"https:\/\/i0.wp.com\/pmi-del.cebem.org\/wp-content\/uploads\/2019\/03\/bol0106.jpg?fit=300%2C225&amp;ssl=1\" data-large-file=\"https:\/\/i0.wp.com\/pmi-del.cebem.org\/wp-content\/uploads\/2019\/03\/bol0106.jpg?fit=750%2C563&amp;ssl=1\" loading=\"lazy\" width=\"750\" height=\"563\" src=\"https:\/\/i0.wp.com\/pmi-del.cebem.org\/wp-content\/uploads\/2019\/03\/bol0106.jpg?resize=750%2C563&#038;ssl=1\" alt=\"\" class=\"wp-image-600\" srcset=\"https:\/\/i0.wp.com\/pmi-del.cebem.org\/wp-content\/uploads\/2019\/03\/bol0106.jpg?resize=1024%2C768&amp;ssl=1 1024w, https:\/\/i0.wp.com\/pmi-del.cebem.org\/wp-content\/uploads\/2019\/03\/bol0106.jpg?resize=300%2C225&amp;ssl=1 300w, https:\/\/i0.wp.com\/pmi-del.cebem.org\/wp-content\/uploads\/2019\/03\/bol0106.jpg?resize=768%2C576&amp;ssl=1 768w, https:\/\/i0.wp.com\/pmi-del.cebem.org\/wp-content\/uploads\/2019\/03\/bol0106.jpg?w=1280&amp;ssl=1 1280w\" sizes=\"(max-width: 750px) 100vw, 750px\" data-recalc-dims=\"1\" \/><figcaption> Sociedad de Ingenieros de Bolivia <\/figcaption><\/figure>\n","protected":false},"excerpt":{"rendered":"<p>La colaboraci\u00f3n para un entorno propicio El SAM en Bolivia (FAM Bolivia, ACOBOL y AMB m\u00e1s las AMDEs departamentales)como AMDECO, AMDECRUZ y los actores en DEL Inclusivo con los GL de Pail\u00f3n y Cabezas en Santa Cruz y Vinto en Cochabamba han identificado en la colaboraci\u00f3n un entorno propicio que promueve la prosperidad econ\u00f3mica local [&hellip;]<\/p>\n","protected":false},"author":5,"featured_media":588,"comment_status":"closed","ping_status":"closed","sticky":false,"template":"","format":"standard","meta":{"jetpack_publicize_message":"","jetpack_is_tweetstorm":false,"jetpack_publicize_feature_enabled":true},"categories":[4],"tags":[],"jetpack_publicize_connections":[],"jetpack_featured_media_url":"https:\/\/i0.wp.com\/pmi-del.cebem.org\/wp-content\/uploads\/2019\/03\/bol0101.jpg?fit=825%2C465&ssl=1","jetpack_sharing_enabled":true,"jetpack_shortlink":"https:\/\/wp.me\/p9d00R-9f","_links":{"self":[{"href":"https:\/\/pmi-del.cebem.org\/index.php?rest_route=\/wp\/v2\/posts\/573"}],"collection":[{"href":"https:\/\/pmi-del.cebem.org\/index.php?rest_route=\/wp\/v2\/posts"}],"about":[{"href":"https:\/\/pmi-del.cebem.org\/index.php?rest_route=\/wp\/v2\/types\/post"}],"author":[{"embeddable":true,"href":"https:\/\/pmi-del.cebem.org\/index.php?rest_route=\/wp\/v2\/users\/5"}],"replies":[{"embeddable":true,"href":"https:\/\/pmi-del.cebem.org\/index.php?rest_route=%2Fwp%2Fv2%2Fcomments&post=573"}],"version-history":[{"count":4,"href":"https:\/\/pmi-del.cebem.org\/index.php?rest_route=\/wp\/v2\/posts\/573\/revisions"}],"predecessor-version":[{"id":662,"href":"https:\/\/pmi-del.cebem.org\/index.php?rest_route=\/wp\/v2\/posts\/573\/revisions\/662"}],"wp:featuredmedia":[{"embeddable":true,"href":"https:\/\/pmi-del.cebem.org\/index.php?rest_route=\/wp\/v2\/media\/588"}],"wp:attachment":[{"href":"https:\/\/pmi-del.cebem.org\/index.php?rest_route=%2Fwp%2Fv2%2Fmedia&parent=573"}],"wp:term":[{"taxonomy":"category","embeddable":true,"href":"https:\/\/pmi-del.cebem.org\/index.php?rest_route=%2Fwp%2Fv2%2Fcategories&post=573"},{"taxonomy":"post_tag","embeddable":true,"href":"https:\/\/pmi-del.cebem.org\/index.php?rest_route=%2Fwp%2Fv2%2Ftags&post=573"}],"curies":[{"name":"wp","href":"https:\/\/api.w.org\/{rel}","templated":true}]}}