{"id":562,"date":"2019-02-19T18:56:06","date_gmt":"2019-02-19T22:56:06","guid":{"rendered":"http:\/\/pmi-del.cebem.org\/?p=562"},"modified":"2019-03-27T17:38:35","modified_gmt":"2019-03-27T21:38:35","slug":"evaluando-dos-anos-y-medio-de-implementacion","status":"publish","type":"post","link":"https:\/\/pmi-del.cebem.org\/?p=562","title":{"rendered":"Evaluando dos a\u00f1os y medio de implementaci\u00f3n"},"content":{"rendered":"\n<figure class=\"wp-block-image alignwide\"><img data-attachment-id=\"563\" data-permalink=\"https:\/\/pmi-del.cebem.org\/?attachment_id=563\" data-orig-file=\"https:\/\/i0.wp.com\/pmi-del.cebem.org\/wp-content\/uploads\/2019\/02\/img4.jpg?fit=734%2C414&amp;ssl=1\" data-orig-size=\"734,414\" data-comments-opened=\"1\" data-image-meta=\"{&quot;aperture&quot;:&quot;0&quot;,&quot;credit&quot;:&quot;&quot;,&quot;camera&quot;:&quot;&quot;,&quot;caption&quot;:&quot;&quot;,&quot;created_timestamp&quot;:&quot;0&quot;,&quot;copyright&quot;:&quot;&quot;,&quot;focal_length&quot;:&quot;0&quot;,&quot;iso&quot;:&quot;0&quot;,&quot;shutter_speed&quot;:&quot;0&quot;,&quot;title&quot;:&quot;&quot;,&quot;orientation&quot;:&quot;0&quot;}\" data-image-title=\"img4\" data-image-description=\"\" data-image-caption=\"\" data-medium-file=\"https:\/\/i0.wp.com\/pmi-del.cebem.org\/wp-content\/uploads\/2019\/02\/img4.jpg?fit=300%2C169&amp;ssl=1\" data-large-file=\"https:\/\/i0.wp.com\/pmi-del.cebem.org\/wp-content\/uploads\/2019\/02\/img4.jpg?fit=734%2C414&amp;ssl=1\" loading=\"lazy\" width=\"734\" height=\"414\" src=\"https:\/\/i0.wp.com\/pmi-del.cebem.org\/wp-content\/uploads\/2019\/02\/img4.jpg?resize=734%2C414&#038;ssl=1\" alt=\"\" class=\"wp-image-563\" srcset=\"https:\/\/i0.wp.com\/pmi-del.cebem.org\/wp-content\/uploads\/2019\/02\/img4.jpg?w=734&amp;ssl=1 734w, https:\/\/i0.wp.com\/pmi-del.cebem.org\/wp-content\/uploads\/2019\/02\/img4.jpg?resize=300%2C169&amp;ssl=1 300w\" sizes=\"(max-width: 734px) 100vw, 734px\" data-recalc-dims=\"1\" \/><\/figure>\n\n\n\n<p>En la ciudad de La Paz, los principales actores del proyecto de Partenarios Municipales eval\u00faan dos a\u00f1os de trabajo. \u00bfQu\u00e9 aspectos  funcionan correctamente y cosas se deber\u00e1n cambiar o modificarse? Para  mejorar el plan de trabajo 2019 \u2013 2020 se realizaron sesiones  especiales, en las que se revisaron las actividades en el nivel  Asociativismo Municipal como en el de los Gobiernos Locales y se  comparti\u00f3 cr\u00edticamente la informaci\u00f3n general. <\/p>\n\n\n\n<p>La facilitaci\u00f3n de los dos\nd\u00edas de Taller estuvo a cargo Dwane Hodgson \u2013 Consultor de la FCM, apoyado por\nel CNP para Bolivia Isaac Alvarez S. la oficial de programa Katerin Murillo.<\/p>\n\n\n\n<figure class=\"wp-block-image alignwide\"><img data-attachment-id=\"564\" data-permalink=\"https:\/\/pmi-del.cebem.org\/?attachment_id=564\" data-orig-file=\"https:\/\/i0.wp.com\/pmi-del.cebem.org\/wp-content\/uploads\/2019\/02\/img5.jpg?fit=844%2C476&amp;ssl=1\" data-orig-size=\"844,476\" data-comments-opened=\"1\" data-image-meta=\"{&quot;aperture&quot;:&quot;0&quot;,&quot;credit&quot;:&quot;&quot;,&quot;camera&quot;:&quot;&quot;,&quot;caption&quot;:&quot;&quot;,&quot;created_timestamp&quot;:&quot;0&quot;,&quot;copyright&quot;:&quot;&quot;,&quot;focal_length&quot;:&quot;0&quot;,&quot;iso&quot;:&quot;0&quot;,&quot;shutter_speed&quot;:&quot;0&quot;,&quot;title&quot;:&quot;&quot;,&quot;orientation&quot;:&quot;0&quot;}\" data-image-title=\"img5\" data-image-description=\"\" data-image-caption=\"\" data-medium-file=\"https:\/\/i0.wp.com\/pmi-del.cebem.org\/wp-content\/uploads\/2019\/02\/img5.jpg?fit=300%2C169&amp;ssl=1\" data-large-file=\"https:\/\/i0.wp.com\/pmi-del.cebem.org\/wp-content\/uploads\/2019\/02\/img5.jpg?fit=750%2C423&amp;ssl=1\" loading=\"lazy\" width=\"750\" height=\"423\" src=\"https:\/\/i0.wp.com\/pmi-del.cebem.org\/wp-content\/uploads\/2019\/02\/img5.jpg?resize=750%2C423&#038;ssl=1\" alt=\"\" class=\"wp-image-564\" srcset=\"https:\/\/i0.wp.com\/pmi-del.cebem.org\/wp-content\/uploads\/2019\/02\/img5.jpg?w=844&amp;ssl=1 844w, https:\/\/i0.wp.com\/pmi-del.cebem.org\/wp-content\/uploads\/2019\/02\/img5.jpg?resize=300%2C169&amp;ssl=1 300w, https:\/\/i0.wp.com\/pmi-del.cebem.org\/wp-content\/uploads\/2019\/02\/img5.jpg?resize=768%2C433&amp;ssl=1 768w\" sizes=\"(max-width: 750px) 100vw, 750px\" data-recalc-dims=\"1\" \/><\/figure>\n\n\n\n<p>Los resultados de la revisi\u00f3n ser\u00e1n compartidos durante el encuentro del Grupo\nGlobal de&nbsp;Contrapartes&nbsp;a inicios del\na\u00f1o 2019.<strong> <\/strong><\/p>\n\n\n\n<figure class=\"wp-block-image alignwide\"><img data-attachment-id=\"565\" data-permalink=\"https:\/\/pmi-del.cebem.org\/?attachment_id=565\" data-orig-file=\"https:\/\/i0.wp.com\/pmi-del.cebem.org\/wp-content\/uploads\/2019\/02\/img6.png?fit=397%2C403&amp;ssl=1\" data-orig-size=\"397,403\" data-comments-opened=\"1\" data-image-meta=\"{&quot;aperture&quot;:&quot;0&quot;,&quot;credit&quot;:&quot;&quot;,&quot;camera&quot;:&quot;&quot;,&quot;caption&quot;:&quot;&quot;,&quot;created_timestamp&quot;:&quot;0&quot;,&quot;copyright&quot;:&quot;&quot;,&quot;focal_length&quot;:&quot;0&quot;,&quot;iso&quot;:&quot;0&quot;,&quot;shutter_speed&quot;:&quot;0&quot;,&quot;title&quot;:&quot;&quot;,&quot;orientation&quot;:&quot;0&quot;}\" data-image-title=\"img6\" data-image-description=\"\" data-image-caption=\"\" data-medium-file=\"https:\/\/i0.wp.com\/pmi-del.cebem.org\/wp-content\/uploads\/2019\/02\/img6.png?fit=296%2C300&amp;ssl=1\" data-large-file=\"https:\/\/i0.wp.com\/pmi-del.cebem.org\/wp-content\/uploads\/2019\/02\/img6.png?fit=397%2C403&amp;ssl=1\" loading=\"lazy\" width=\"397\" height=\"403\" src=\"https:\/\/i0.wp.com\/pmi-del.cebem.org\/wp-content\/uploads\/2019\/02\/img6.png?resize=397%2C403&#038;ssl=1\" alt=\"\" class=\"wp-image-565\" srcset=\"https:\/\/i0.wp.com\/pmi-del.cebem.org\/wp-content\/uploads\/2019\/02\/img6.png?w=397&amp;ssl=1 397w, https:\/\/i0.wp.com\/pmi-del.cebem.org\/wp-content\/uploads\/2019\/02\/img6.png?resize=296%2C300&amp;ssl=1 296w\" sizes=\"(max-width: 397px) 100vw, 397px\" data-recalc-dims=\"1\" \/><\/figure>\n\n\n\n<p>Por la tem\u00e1tica Entornos Propicios, asistieron\nla FAM, ACOBOL, la Asociaci\u00f3n de Municipios del Departamento de Santa Cruz\n(AMDECRUZ). <\/p>\n\n\n\n<p>En desarrollo inclusivo el GL de Vinto de Cochabamba y de Pail\u00f3n de Santa\nCruz. &nbsp;Junto a ellos trabajaron\nconsultores de la Federaci\u00f3n Canadiense de municipalidades (FCM) Dwane Hodgson,\nla Gerente de Programa Katherine Murillo, personal del Centro Boliviano de\nEstudios Multidisciplinarios (CEBEM) y el equipo del proyecto. <\/p>\n","protected":false},"excerpt":{"rendered":"<p>En la ciudad de La Paz, los principales actores del proyecto de Partenarios Municipales eval\u00faan dos a\u00f1os de trabajo. \u00bfQu\u00e9 aspectos funcionan correctamente y cosas se deber\u00e1n cambiar o modificarse? Para mejorar el plan de trabajo 2019 \u2013 2020 se realizaron sesiones especiales, en las que se revisaron las actividades en el nivel Asociativismo Municipal [&hellip;]<\/p>\n","protected":false},"author":5,"featured_media":563,"comment_status":"closed","ping_status":"closed","sticky":false,"template":"","format":"standard","meta":{"jetpack_publicize_message":"","jetpack_is_tweetstorm":false,"jetpack_publicize_feature_enabled":true},"categories":[4],"tags":[],"jetpack_publicize_connections":[],"jetpack_featured_media_url":"https:\/\/i0.wp.com\/pmi-del.cebem.org\/wp-content\/uploads\/2019\/02\/img4.jpg?fit=734%2C414&ssl=1","jetpack_sharing_enabled":true,"jetpack_shortlink":"https:\/\/wp.me\/p9d00R-94","_links":{"self":[{"href":"https:\/\/pmi-del.cebem.org\/index.php?rest_route=\/wp\/v2\/posts\/562"}],"collection":[{"href":"https:\/\/pmi-del.cebem.org\/index.php?rest_route=\/wp\/v2\/posts"}],"about":[{"href":"https:\/\/pmi-del.cebem.org\/index.php?rest_route=\/wp\/v2\/types\/post"}],"author":[{"embeddable":true,"href":"https:\/\/pmi-del.cebem.org\/index.php?rest_route=\/wp\/v2\/users\/5"}],"replies":[{"embeddable":true,"href":"https:\/\/pmi-del.cebem.org\/index.php?rest_route=%2Fwp%2Fv2%2Fcomments&post=562"}],"version-history":[{"count":3,"href":"https:\/\/pmi-del.cebem.org\/index.php?rest_route=\/wp\/v2\/posts\/562\/revisions"}],"predecessor-version":[{"id":661,"href":"https:\/\/pmi-del.cebem.org\/index.php?rest_route=\/wp\/v2\/posts\/562\/revisions\/661"}],"wp:featuredmedia":[{"embeddable":true,"href":"https:\/\/pmi-del.cebem.org\/index.php?rest_route=\/wp\/v2\/media\/563"}],"wp:attachment":[{"href":"https:\/\/pmi-del.cebem.org\/index.php?rest_route=%2Fwp%2Fv2%2Fmedia&parent=562"}],"wp:term":[{"taxonomy":"category","embeddable":true,"href":"https:\/\/pmi-del.cebem.org\/index.php?rest_route=%2Fwp%2Fv2%2Fcategories&post=562"},{"taxonomy":"post_tag","embeddable":true,"href":"https:\/\/pmi-del.cebem.org\/index.php?rest_route=%2Fwp%2Fv2%2Ftags&post=562"}],"curies":[{"name":"wp","href":"https:\/\/api.w.org\/{rel}","templated":true}]}}