{"id":555,"date":"2019-02-19T18:53:15","date_gmt":"2019-02-19T22:53:15","guid":{"rendered":"http:\/\/pmi-del.cebem.org\/?p=555"},"modified":"2019-03-27T17:37:10","modified_gmt":"2019-03-27T21:37:10","slug":"dos-anos-fortaleciendo-el-asociativismo-municipal","status":"publish","type":"post","link":"https:\/\/pmi-del.cebem.org\/?p=555","title":{"rendered":"Fortaleciendo el Asociativismo Municipal y Gobiernos Locales en DEL"},"content":{"rendered":"\n<figure class=\"wp-block-image alignwide\"><img data-attachment-id=\"557\" data-permalink=\"https:\/\/pmi-del.cebem.org\/?attachment_id=557\" data-orig-file=\"https:\/\/i0.wp.com\/pmi-del.cebem.org\/wp-content\/uploads\/2019\/02\/img2.jpg?fit=801%2C451&amp;ssl=1\" data-orig-size=\"801,451\" data-comments-opened=\"1\" data-image-meta=\"{&quot;aperture&quot;:&quot;0&quot;,&quot;credit&quot;:&quot;&quot;,&quot;camera&quot;:&quot;&quot;,&quot;caption&quot;:&quot;&quot;,&quot;created_timestamp&quot;:&quot;0&quot;,&quot;copyright&quot;:&quot;&quot;,&quot;focal_length&quot;:&quot;0&quot;,&quot;iso&quot;:&quot;0&quot;,&quot;shutter_speed&quot;:&quot;0&quot;,&quot;title&quot;:&quot;&quot;,&quot;orientation&quot;:&quot;0&quot;}\" data-image-title=\"img2\" data-image-description=\"\" data-image-caption=\"\" data-medium-file=\"https:\/\/i0.wp.com\/pmi-del.cebem.org\/wp-content\/uploads\/2019\/02\/img2.jpg?fit=300%2C169&amp;ssl=1\" data-large-file=\"https:\/\/i0.wp.com\/pmi-del.cebem.org\/wp-content\/uploads\/2019\/02\/img2.jpg?fit=750%2C422&amp;ssl=1\" loading=\"lazy\" width=\"750\" height=\"422\" src=\"https:\/\/i0.wp.com\/pmi-del.cebem.org\/wp-content\/uploads\/2019\/02\/img2.jpg?resize=750%2C422&#038;ssl=1\" alt=\"\" class=\"wp-image-557\" srcset=\"https:\/\/i0.wp.com\/pmi-del.cebem.org\/wp-content\/uploads\/2019\/02\/img2.jpg?w=801&amp;ssl=1 801w, https:\/\/i0.wp.com\/pmi-del.cebem.org\/wp-content\/uploads\/2019\/02\/img2.jpg?resize=300%2C169&amp;ssl=1 300w, https:\/\/i0.wp.com\/pmi-del.cebem.org\/wp-content\/uploads\/2019\/02\/img2.jpg?resize=768%2C432&amp;ssl=1 768w\" sizes=\"(max-width: 750px) 100vw, 750px\" data-recalc-dims=\"1\" \/><\/figure>\n\n\n\n<p>El Programa <strong>Partenariados Municipales para la Innovaci\u00f3n en Desarrollo Econ\u00f3mico Local<\/strong> es implementado por la Federaci\u00f3n Canadiense de Municipalidades (FCM) y financiado por  el Gobierno de Canad\u00e1 \u2013 Asuntos Globales Canad\u00e1. El Programa alienta dos  tem\u00e1ticas, la de entornos propicios para el DEL con el Asociativo  Municipal y el Desarrollo Econ\u00f3mico Local Inclusivo con gobiernos  locales en alianza con ciudades de Canad\u00e1, permitiendo la participaci\u00f3n  de las y los j\u00f3venes, mujeres y emprendedores.<\/p>\n\n\n\n<figure class=\"wp-block-image alignwide\"><img data-attachment-id=\"557\" data-permalink=\"https:\/\/pmi-del.cebem.org\/?attachment_id=557\" data-orig-file=\"https:\/\/i0.wp.com\/pmi-del.cebem.org\/wp-content\/uploads\/2019\/02\/img2.jpg?fit=801%2C451&amp;ssl=1\" data-orig-size=\"801,451\" data-comments-opened=\"1\" data-image-meta=\"{&quot;aperture&quot;:&quot;0&quot;,&quot;credit&quot;:&quot;&quot;,&quot;camera&quot;:&quot;&quot;,&quot;caption&quot;:&quot;&quot;,&quot;created_timestamp&quot;:&quot;0&quot;,&quot;copyright&quot;:&quot;&quot;,&quot;focal_length&quot;:&quot;0&quot;,&quot;iso&quot;:&quot;0&quot;,&quot;shutter_speed&quot;:&quot;0&quot;,&quot;title&quot;:&quot;&quot;,&quot;orientation&quot;:&quot;0&quot;}\" data-image-title=\"img2\" data-image-description=\"\" data-image-caption=\"\" data-medium-file=\"https:\/\/i0.wp.com\/pmi-del.cebem.org\/wp-content\/uploads\/2019\/02\/img2.jpg?fit=300%2C169&amp;ssl=1\" data-large-file=\"https:\/\/i0.wp.com\/pmi-del.cebem.org\/wp-content\/uploads\/2019\/02\/img2.jpg?fit=750%2C422&amp;ssl=1\" loading=\"lazy\" width=\"750\" height=\"422\" src=\"https:\/\/i0.wp.com\/pmi-del.cebem.org\/wp-content\/uploads\/2019\/02\/img2.jpg?resize=750%2C422&#038;ssl=1\" alt=\"\" class=\"wp-image-557\" srcset=\"https:\/\/i0.wp.com\/pmi-del.cebem.org\/wp-content\/uploads\/2019\/02\/img2.jpg?w=801&amp;ssl=1 801w, https:\/\/i0.wp.com\/pmi-del.cebem.org\/wp-content\/uploads\/2019\/02\/img2.jpg?resize=300%2C169&amp;ssl=1 300w, https:\/\/i0.wp.com\/pmi-del.cebem.org\/wp-content\/uploads\/2019\/02\/img2.jpg?resize=768%2C432&amp;ssl=1 768w\" sizes=\"(max-width: 750px) 100vw, 750px\" data-recalc-dims=\"1\" \/><\/figure>\n\n\n\n<p>En ese marco se promociona pol\u00edticas que favorezcan la\nactividad empresarial a nivel local, que se concreten un marco regulatorio y que\napoyen a nivel nacional el acceso al capital y al desarrollo de programas. As\u00ed mismo,\nse estudian herramientas que fortalezcan el desarrollo econ\u00f3mico local a trav\u00e9s\nde procesos de planificaci\u00f3n estrat\u00e9gica y participativa. <\/p>\n\n\n\n<p>En este programa es clave el desarrollo subsidiario de los\nmunicipios, impulsado por el Sistema Asociativo Municipal (SAM): Federaci\u00f3n de\nAsociaciones Municipales de Bolivia (FAM), Asociaci\u00f3n de Concejalas y\nAlcaldesas de Bolivia (ACOBOL), la Asociaci\u00f3n de Municipios de Bolivia (AMB) y a\nlas Asociaciones de Gobiernos Locales (AGLs) en los nueve departamentos. <\/p>\n\n\n\n<p>A nivel local el programa impulsa el <strong>\u201cDesarrollo Econ\u00f3mico Local Inclusivo\u201d<\/strong> con proyectos y estrategias\nque faciliten a los j\u00f3venes y mujeres mayores oportunidades de empleo decente y\npuedan convertirse en empresarios de \u00e9xito. El veh\u00edculo para ello son proyectos\ndemostrativos con capacidad para ense\u00f1ar a otros municipios cercanos.<\/p>\n\n\n\n<figure class=\"wp-block-image alignwide\"><img data-attachment-id=\"558\" data-permalink=\"https:\/\/pmi-del.cebem.org\/?attachment_id=558\" data-orig-file=\"https:\/\/i0.wp.com\/pmi-del.cebem.org\/wp-content\/uploads\/2019\/02\/img3.jpg?fit=1032%2C581&amp;ssl=1\" data-orig-size=\"1032,581\" data-comments-opened=\"1\" data-image-meta=\"{&quot;aperture&quot;:&quot;0&quot;,&quot;credit&quot;:&quot;&quot;,&quot;camera&quot;:&quot;&quot;,&quot;caption&quot;:&quot;&quot;,&quot;created_timestamp&quot;:&quot;0&quot;,&quot;copyright&quot;:&quot;&quot;,&quot;focal_length&quot;:&quot;0&quot;,&quot;iso&quot;:&quot;0&quot;,&quot;shutter_speed&quot;:&quot;0&quot;,&quot;title&quot;:&quot;&quot;,&quot;orientation&quot;:&quot;0&quot;}\" data-image-title=\"img3\" data-image-description=\"\" data-image-caption=\"\" data-medium-file=\"https:\/\/i0.wp.com\/pmi-del.cebem.org\/wp-content\/uploads\/2019\/02\/img3.jpg?fit=300%2C169&amp;ssl=1\" data-large-file=\"https:\/\/i0.wp.com\/pmi-del.cebem.org\/wp-content\/uploads\/2019\/02\/img3.jpg?fit=750%2C422&amp;ssl=1\" loading=\"lazy\" width=\"1032\" height=\"581\" src=\"https:\/\/i1.wp.com\/pmi-del.cebem.org\/wp-content\/uploads\/2019\/02\/img3.jpg?fit=1024%2C576\" alt=\"\" class=\"wp-image-558\" srcset=\"https:\/\/i0.wp.com\/pmi-del.cebem.org\/wp-content\/uploads\/2019\/02\/img3.jpg?w=1032&amp;ssl=1 1032w, https:\/\/i0.wp.com\/pmi-del.cebem.org\/wp-content\/uploads\/2019\/02\/img3.jpg?resize=300%2C169&amp;ssl=1 300w, https:\/\/i0.wp.com\/pmi-del.cebem.org\/wp-content\/uploads\/2019\/02\/img3.jpg?resize=768%2C432&amp;ssl=1 768w, https:\/\/i0.wp.com\/pmi-del.cebem.org\/wp-content\/uploads\/2019\/02\/img3.jpg?resize=1024%2C576&amp;ssl=1 1024w\" sizes=\"(max-width: 750px) 100vw, 750px\" \/><\/figure>\n\n\n\n<p>PMI-DEL es financiado por el Gobierno de Canad\u00e1 \u2013 Asuntos\nGlobales Canad\u00e1 e implementado por la Federaci\u00f3n Canadiense de Municipalidades\n(FCM) en siete pa\u00edses del mundo desde el a\u00f1o 2016 al a\u00f1o 2020.<\/p>\n\n\n\n<p>Desde el 20 de enero del 2016 la Federaci\u00f3n Canadiense de Municipalidades\n(FCM), el Sistema Asociativo Municipal en Bolivia (SAM) y el Centro Boliviano\nde Estudios Multidisciplinarios (CEBEM), socio del programa en Bolivia,\nintercambian conocimientos e informaci\u00f3n con actores claves de la sociedad\ncivil, obteniendo as\u00ed insumos para la elaboraci\u00f3n e implementaci\u00f3n del Plan de\nImplementaci\u00f3n del Programa en Bolivia (NPIP Bolivia).<\/p>\n","protected":false},"excerpt":{"rendered":"<p>El Programa Partenariados Municipales para la Innovaci\u00f3n en Desarrollo Econ\u00f3mico Local es implementado por la Federaci\u00f3n Canadiense de Municipalidades (FCM) y financiado por el Gobierno de Canad\u00e1 \u2013 Asuntos Globales Canad\u00e1. El Programa alienta dos tem\u00e1ticas, la de entornos propicios para el DEL con el Asociativo Municipal y el Desarrollo Econ\u00f3mico Local Inclusivo con gobiernos [&hellip;]<\/p>\n","protected":false},"author":5,"featured_media":557,"comment_status":"closed","ping_status":"closed","sticky":false,"template":"","format":"standard","meta":{"jetpack_publicize_message":"","jetpack_is_tweetstorm":false,"jetpack_publicize_feature_enabled":true},"categories":[4],"tags":[],"jetpack_publicize_connections":[],"jetpack_featured_media_url":"https:\/\/i0.wp.com\/pmi-del.cebem.org\/wp-content\/uploads\/2019\/02\/img2.jpg?fit=801%2C451&ssl=1","jetpack_sharing_enabled":true,"jetpack_shortlink":"https:\/\/wp.me\/p9d00R-8X","_links":{"self":[{"href":"https:\/\/pmi-del.cebem.org\/index.php?rest_route=\/wp\/v2\/posts\/555"}],"collection":[{"href":"https:\/\/pmi-del.cebem.org\/index.php?rest_route=\/wp\/v2\/posts"}],"about":[{"href":"https:\/\/pmi-del.cebem.org\/index.php?rest_route=\/wp\/v2\/types\/post"}],"author":[{"embeddable":true,"href":"https:\/\/pmi-del.cebem.org\/index.php?rest_route=\/wp\/v2\/users\/5"}],"replies":[{"embeddable":true,"href":"https:\/\/pmi-del.cebem.org\/index.php?rest_route=%2Fwp%2Fv2%2Fcomments&post=555"}],"version-history":[{"count":6,"href":"https:\/\/pmi-del.cebem.org\/index.php?rest_route=\/wp\/v2\/posts\/555\/revisions"}],"predecessor-version":[{"id":660,"href":"https:\/\/pmi-del.cebem.org\/index.php?rest_route=\/wp\/v2\/posts\/555\/revisions\/660"}],"wp:featuredmedia":[{"embeddable":true,"href":"https:\/\/pmi-del.cebem.org\/index.php?rest_route=\/wp\/v2\/media\/557"}],"wp:attachment":[{"href":"https:\/\/pmi-del.cebem.org\/index.php?rest_route=%2Fwp%2Fv2%2Fmedia&parent=555"}],"wp:term":[{"taxonomy":"category","embeddable":true,"href":"https:\/\/pmi-del.cebem.org\/index.php?rest_route=%2Fwp%2Fv2%2Fcategories&post=555"},{"taxonomy":"post_tag","embeddable":true,"href":"https:\/\/pmi-del.cebem.org\/index.php?rest_route=%2Fwp%2Fv2%2Ftags&post=555"}],"curies":[{"name":"wp","href":"https:\/\/api.w.org\/{rel}","templated":true}]}}