{"id":295,"date":"2017-09-21T17:09:14","date_gmt":"2017-09-21T21:09:14","guid":{"rendered":"http:\/\/pmi-del.cebem.org\/?p=295"},"modified":"2017-09-25T17:38:25","modified_gmt":"2017-09-25T21:38:25","slug":"295","status":"publish","type":"post","link":"https:\/\/pmi-del.cebem.org\/?p=295","title":{"rendered":"Los cinco distritos del Municipio de Cabezas debaten sobre prioridades DEL"},"content":{"rendered":"<p><img data-attachment-id=\"296\" data-permalink=\"https:\/\/pmi-del.cebem.org\/?attachment_id=296\" data-orig-file=\"https:\/\/i0.wp.com\/pmi-del.cebem.org\/wp-content\/uploads\/2017\/09\/IMG_20170921_141953.jpg?fit=3264%2C2448&amp;ssl=1\" data-orig-size=\"3264,2448\" data-comments-opened=\"1\" data-image-meta=\"{&quot;aperture&quot;:&quot;2.2&quot;,&quot;credit&quot;:&quot;&quot;,&quot;camera&quot;:&quot;MHA-L29&quot;,&quot;caption&quot;:&quot;sdr&quot;,&quot;created_timestamp&quot;:&quot;1506003594&quot;,&quot;copyright&quot;:&quot;&quot;,&quot;focal_length&quot;:&quot;3.95&quot;,&quot;iso&quot;:&quot;250&quot;,&quot;shutter_speed&quot;:&quot;0.03&quot;,&quot;title&quot;:&quot;sdr&quot;,&quot;orientation&quot;:&quot;0&quot;}\" data-image-title=\"\" data-image-description=\"\" data-image-caption=\"&lt;p&gt;sdr&lt;\/p&gt;\n\" data-medium-file=\"https:\/\/i0.wp.com\/pmi-del.cebem.org\/wp-content\/uploads\/2017\/09\/IMG_20170921_141953.jpg?fit=300%2C225&amp;ssl=1\" data-large-file=\"https:\/\/i0.wp.com\/pmi-del.cebem.org\/wp-content\/uploads\/2017\/09\/IMG_20170921_141953.jpg?fit=750%2C563&amp;ssl=1\" loading=\"lazy\" class=\" wp-image-296\" src=\"https:\/\/i0.wp.com\/pmi-del.cebem.org\/wp-content\/uploads\/2017\/09\/IMG_20170921_141953.jpg?resize=300%2C225&#038;ssl=1\" alt=\"\" width=\"300\" height=\"225\" srcset=\"https:\/\/i0.wp.com\/pmi-del.cebem.org\/wp-content\/uploads\/2017\/09\/IMG_20170921_141953.jpg?resize=300%2C225&amp;ssl=1 300w, https:\/\/i0.wp.com\/pmi-del.cebem.org\/wp-content\/uploads\/2017\/09\/IMG_20170921_141953.jpg?resize=768%2C576&amp;ssl=1 768w, https:\/\/i0.wp.com\/pmi-del.cebem.org\/wp-content\/uploads\/2017\/09\/IMG_20170921_141953.jpg?resize=1024%2C768&amp;ssl=1 1024w, https:\/\/i0.wp.com\/pmi-del.cebem.org\/wp-content\/uploads\/2017\/09\/IMG_20170921_141953.jpg?w=1500&amp;ssl=1 1500w, https:\/\/i0.wp.com\/pmi-del.cebem.org\/wp-content\/uploads\/2017\/09\/IMG_20170921_141953.jpg?w=2250&amp;ssl=1 2250w\" sizes=\"(max-width: 300px) 100vw, 300px\" data-recalc-dims=\"1\" \/><\/p>\n<p><img data-attachment-id=\"297\" data-permalink=\"https:\/\/pmi-del.cebem.org\/?attachment_id=297\" data-orig-file=\"https:\/\/i0.wp.com\/pmi-del.cebem.org\/wp-content\/uploads\/2017\/09\/IMG_20170921_142033.jpg?fit=3264%2C2448&amp;ssl=1\" data-orig-size=\"3264,2448\" data-comments-opened=\"1\" data-image-meta=\"{&quot;aperture&quot;:&quot;2.2&quot;,&quot;credit&quot;:&quot;&quot;,&quot;camera&quot;:&quot;MHA-L29&quot;,&quot;caption&quot;:&quot;sdr&quot;,&quot;created_timestamp&quot;:&quot;1506003634&quot;,&quot;copyright&quot;:&quot;&quot;,&quot;focal_length&quot;:&quot;3.95&quot;,&quot;iso&quot;:&quot;250&quot;,&quot;shutter_speed&quot;:&quot;0.03&quot;,&quot;title&quot;:&quot;sdr&quot;,&quot;orientation&quot;:&quot;0&quot;}\" data-image-title=\"sdr\" data-image-description=\"\" data-image-caption=\"&lt;p&gt;sdr&lt;\/p&gt;\n\" data-medium-file=\"https:\/\/i0.wp.com\/pmi-del.cebem.org\/wp-content\/uploads\/2017\/09\/IMG_20170921_142033.jpg?fit=300%2C225&amp;ssl=1\" data-large-file=\"https:\/\/i0.wp.com\/pmi-del.cebem.org\/wp-content\/uploads\/2017\/09\/IMG_20170921_142033.jpg?fit=750%2C563&amp;ssl=1\" loading=\"lazy\" class=\" wp-image-297\" src=\"https:\/\/i0.wp.com\/pmi-del.cebem.org\/wp-content\/uploads\/2017\/09\/IMG_20170921_142033.jpg?resize=258%2C194&#038;ssl=1\" alt=\"\" width=\"258\" height=\"194\" srcset=\"https:\/\/i0.wp.com\/pmi-del.cebem.org\/wp-content\/uploads\/2017\/09\/IMG_20170921_142033.jpg?resize=300%2C225&amp;ssl=1 300w, https:\/\/i0.wp.com\/pmi-del.cebem.org\/wp-content\/uploads\/2017\/09\/IMG_20170921_142033.jpg?resize=768%2C576&amp;ssl=1 768w, https:\/\/i0.wp.com\/pmi-del.cebem.org\/wp-content\/uploads\/2017\/09\/IMG_20170921_142033.jpg?resize=1024%2C768&amp;ssl=1 1024w, https:\/\/i0.wp.com\/pmi-del.cebem.org\/wp-content\/uploads\/2017\/09\/IMG_20170921_142033.jpg?w=1500&amp;ssl=1 1500w, https:\/\/i0.wp.com\/pmi-del.cebem.org\/wp-content\/uploads\/2017\/09\/IMG_20170921_142033.jpg?w=2250&amp;ssl=1 2250w\" sizes=\"(max-width: 258px) 100vw, 258px\" data-recalc-dims=\"1\" \/><\/p>\n<p><img data-attachment-id=\"298\" data-permalink=\"https:\/\/pmi-del.cebem.org\/?attachment_id=298\" data-orig-file=\"https:\/\/i0.wp.com\/pmi-del.cebem.org\/wp-content\/uploads\/2017\/09\/IMG_20170921_145305.jpg?fit=3264%2C2448&amp;ssl=1\" data-orig-size=\"3264,2448\" data-comments-opened=\"1\" data-image-meta=\"{&quot;aperture&quot;:&quot;2.2&quot;,&quot;credit&quot;:&quot;&quot;,&quot;camera&quot;:&quot;MHA-L29&quot;,&quot;caption&quot;:&quot;sdr&quot;,&quot;created_timestamp&quot;:&quot;1506005586&quot;,&quot;copyright&quot;:&quot;&quot;,&quot;focal_length&quot;:&quot;3.95&quot;,&quot;iso&quot;:&quot;250&quot;,&quot;shutter_speed&quot;:&quot;0.03&quot;,&quot;title&quot;:&quot;sdr&quot;,&quot;orientation&quot;:&quot;0&quot;}\" data-image-title=\"sdr\" data-image-description=\"\" data-image-caption=\"&lt;p&gt;sdr&lt;\/p&gt;\n\" data-medium-file=\"https:\/\/i0.wp.com\/pmi-del.cebem.org\/wp-content\/uploads\/2017\/09\/IMG_20170921_145305.jpg?fit=300%2C225&amp;ssl=1\" data-large-file=\"https:\/\/i0.wp.com\/pmi-del.cebem.org\/wp-content\/uploads\/2017\/09\/IMG_20170921_145305.jpg?fit=750%2C563&amp;ssl=1\" loading=\"lazy\" class=\" wp-image-298\" src=\"https:\/\/i0.wp.com\/pmi-del.cebem.org\/wp-content\/uploads\/2017\/09\/IMG_20170921_145305.jpg?resize=269%2C202&#038;ssl=1\" alt=\"\" width=\"269\" height=\"202\" srcset=\"https:\/\/i0.wp.com\/pmi-del.cebem.org\/wp-content\/uploads\/2017\/09\/IMG_20170921_145305.jpg?resize=300%2C225&amp;ssl=1 300w, https:\/\/i0.wp.com\/pmi-del.cebem.org\/wp-content\/uploads\/2017\/09\/IMG_20170921_145305.jpg?resize=768%2C576&amp;ssl=1 768w, https:\/\/i0.wp.com\/pmi-del.cebem.org\/wp-content\/uploads\/2017\/09\/IMG_20170921_145305.jpg?resize=1024%2C768&amp;ssl=1 1024w, https:\/\/i0.wp.com\/pmi-del.cebem.org\/wp-content\/uploads\/2017\/09\/IMG_20170921_145305.jpg?w=1500&amp;ssl=1 1500w, https:\/\/i0.wp.com\/pmi-del.cebem.org\/wp-content\/uploads\/2017\/09\/IMG_20170921_145305.jpg?w=2250&amp;ssl=1 2250w\" sizes=\"(max-width: 269px) 100vw, 269px\" data-recalc-dims=\"1\" \/><\/p>\n<p>&nbsp;<\/p>\n<p>&nbsp;<\/p>\n<p>&nbsp;<\/p>\n<p>&nbsp;<\/p>\n<p>&nbsp;<\/p>\n<p>&nbsp;<\/p>\n<p>&nbsp;<\/p>\n<p>Al final de tres d\u00edas de trabajo, en la sede del CONCEJO del Municipio de Cabezas, se debate, con el m\u00e9todo FODA, cu\u00e1les ser\u00e1n las l\u00edneas priorizadas de acci\u00f3n del Municipio y los actores de la sociedad civil.<\/p>\n<p>Especial atenci\u00f3n a las propuestas de las mujeres, los j\u00f3venes y los peque\u00f1os emprendedores.<\/p>\n","protected":false},"excerpt":{"rendered":"<p>&nbsp; &nbsp; &nbsp; &nbsp; &nbsp; &nbsp; &nbsp; Al final de tres d\u00edas de trabajo, en la sede del CONCEJO del Municipio de Cabezas, se debate, con el m\u00e9todo FODA, cu\u00e1les ser\u00e1n las l\u00edneas priorizadas de acci\u00f3n del Municipio y los actores de la sociedad civil. Especial atenci\u00f3n a las propuestas de las mujeres, los j\u00f3venes [&hellip;]<\/p>\n","protected":false},"author":2,"featured_media":296,"comment_status":"open","ping_status":"closed","sticky":false,"template":"","format":"standard","meta":{"jetpack_publicize_message":"","jetpack_is_tweetstorm":false,"jetpack_publicize_feature_enabled":true},"categories":[3],"tags":[],"jetpack_publicize_connections":[],"jetpack_featured_media_url":"https:\/\/i0.wp.com\/pmi-del.cebem.org\/wp-content\/uploads\/2017\/09\/IMG_20170921_141953.jpg?fit=3264%2C2448&ssl=1","jetpack_sharing_enabled":true,"jetpack_shortlink":"https:\/\/wp.me\/s9d00R-295","_links":{"self":[{"href":"https:\/\/pmi-del.cebem.org\/index.php?rest_route=\/wp\/v2\/posts\/295"}],"collection":[{"href":"https:\/\/pmi-del.cebem.org\/index.php?rest_route=\/wp\/v2\/posts"}],"about":[{"href":"https:\/\/pmi-del.cebem.org\/index.php?rest_route=\/wp\/v2\/types\/post"}],"author":[{"embeddable":true,"href":"https:\/\/pmi-del.cebem.org\/index.php?rest_route=\/wp\/v2\/users\/2"}],"replies":[{"embeddable":true,"href":"https:\/\/pmi-del.cebem.org\/index.php?rest_route=%2Fwp%2Fv2%2Fcomments&post=295"}],"version-history":[{"count":8,"href":"https:\/\/pmi-del.cebem.org\/index.php?rest_route=\/wp\/v2\/posts\/295\/revisions"}],"predecessor-version":[{"id":306,"href":"https:\/\/pmi-del.cebem.org\/index.php?rest_route=\/wp\/v2\/posts\/295\/revisions\/306"}],"wp:featuredmedia":[{"embeddable":true,"href":"https:\/\/pmi-del.cebem.org\/index.php?rest_route=\/wp\/v2\/media\/296"}],"wp:attachment":[{"href":"https:\/\/pmi-del.cebem.org\/index.php?rest_route=%2Fwp%2Fv2%2Fmedia&parent=295"}],"wp:term":[{"taxonomy":"category","embeddable":true,"href":"https:\/\/pmi-del.cebem.org\/index.php?rest_route=%2Fwp%2Fv2%2Fcategories&post=295"},{"taxonomy":"post_tag","embeddable":true,"href":"https:\/\/pmi-del.cebem.org\/index.php?rest_route=%2Fwp%2Fv2%2Ftags&post=295"}],"curies":[{"name":"wp","href":"https:\/\/api.w.org\/{rel}","templated":true}]}}