{"id":1477,"date":"2020-05-28T12:20:22","date_gmt":"2020-05-28T16:20:22","guid":{"rendered":"http:\/\/pmi-del.cebem.org\/?p=1477"},"modified":"2020-06-25T22:55:46","modified_gmt":"2020-06-26T02:55:46","slug":"ciclo-de-webinars-covid-19-y-genero","status":"publish","type":"post","link":"https:\/\/pmi-del.cebem.org\/?p=1477","title":{"rendered":"CICLO DE WEBINARS COVID-19 Y G\u00c9NERO"},"content":{"rendered":"\n<p><strong>WEBINAR 6: \u201cCOVID-19: El Desaf\u00edo de las Ciudades con Lentes de G\u00e9nero\u201d,<\/strong><\/p>\n\n\n\n<p>Fecha: jueves 28 Mayo de 2020<\/p>\n\n\n\n<p>Hora: 11.00 a 12.30 EST\/10.00 a 11.30 PAN<\/p>\n\n\n\n<div class=\"wp-block-image\"><figure class=\"aligncenter size-large is-resized\"><img data-attachment-id=\"1478\" data-permalink=\"https:\/\/pmi-del.cebem.org\/?attachment_id=1478\" data-orig-file=\"https:\/\/i0.wp.com\/pmi-del.cebem.org\/wp-content\/uploads\/2020\/05\/EZG0wLyWAAUelPj.jpg?fit=1080%2C1080&amp;ssl=1\" data-orig-size=\"1080,1080\" data-comments-opened=\"1\" data-image-meta=\"{&quot;aperture&quot;:&quot;0&quot;,&quot;credit&quot;:&quot;&quot;,&quot;camera&quot;:&quot;&quot;,&quot;caption&quot;:&quot;&quot;,&quot;created_timestamp&quot;:&quot;0&quot;,&quot;copyright&quot;:&quot;&quot;,&quot;focal_length&quot;:&quot;0&quot;,&quot;iso&quot;:&quot;0&quot;,&quot;shutter_speed&quot;:&quot;0&quot;,&quot;title&quot;:&quot;&quot;,&quot;orientation&quot;:&quot;0&quot;}\" data-image-title=\"EZG0wLyWAAUelPj\" data-image-description=\"\" data-image-caption=\"\" data-medium-file=\"https:\/\/i0.wp.com\/pmi-del.cebem.org\/wp-content\/uploads\/2020\/05\/EZG0wLyWAAUelPj.jpg?fit=300%2C300&amp;ssl=1\" data-large-file=\"https:\/\/i0.wp.com\/pmi-del.cebem.org\/wp-content\/uploads\/2020\/05\/EZG0wLyWAAUelPj.jpg?fit=750%2C750&amp;ssl=1\" loading=\"lazy\" src=\"https:\/\/i0.wp.com\/pmi-del.cebem.org\/wp-content\/uploads\/2020\/05\/EZG0wLyWAAUelPj.jpg?resize=512%2C512&#038;ssl=1\" alt=\"\" class=\"wp-image-1478\" width=\"512\" height=\"512\" srcset=\"https:\/\/i0.wp.com\/pmi-del.cebem.org\/wp-content\/uploads\/2020\/05\/EZG0wLyWAAUelPj.jpg?resize=1024%2C1024&amp;ssl=1 1024w, https:\/\/i0.wp.com\/pmi-del.cebem.org\/wp-content\/uploads\/2020\/05\/EZG0wLyWAAUelPj.jpg?resize=300%2C300&amp;ssl=1 300w, https:\/\/i0.wp.com\/pmi-del.cebem.org\/wp-content\/uploads\/2020\/05\/EZG0wLyWAAUelPj.jpg?resize=150%2C150&amp;ssl=1 150w, https:\/\/i0.wp.com\/pmi-del.cebem.org\/wp-content\/uploads\/2020\/05\/EZG0wLyWAAUelPj.jpg?resize=768%2C768&amp;ssl=1 768w, https:\/\/i0.wp.com\/pmi-del.cebem.org\/wp-content\/uploads\/2020\/05\/EZG0wLyWAAUelPj.jpg?w=1080&amp;ssl=1 1080w\" sizes=\"(max-width: 512px) 100vw, 512px\" data-recalc-dims=\"1\" \/><\/figure><\/div>\n\n\n\n<p><strong><u>ANTECEDENTES<\/u><\/strong><\/p>\n\n\n\n<p>El COVID-19 y las medidas de respuesta ante la crisis sanitaria, econ\u00f3mica y social suponen una dura disrupci\u00f3n de la cotidianidad de las personas y del tejido econ\u00f3mico, productivo y afectando de manera directa a las relaciones sociales preexistentes<a href=\"#_ftn1\">[1]<\/a>. A pesar de que estamos ante escenarios inciertos, la pandemia est\u00e1 tiendo un mayor impacto negativo sobre las comunidades o grupos sociales que viven en situaciones de vulnerabilidad y pobreza, como lo resalt\u00f3 el Secretario General de las Naciones Unidas \u201clos m\u00e1s vulnerables \u2014las mujeres y las y los ni\u00f1os, las personas con discapacidad, las personas marginadas y desplazadas\u2014 pagan el precio m\u00e1s elevado y, adem\u00e1s, son quienes tienen un mayor riesgo de sufrir devastadoras p\u00e9rdidas por la COVID-19<a href=\"#_ftn2\">[2]<\/a>\u201d.<\/p>\n\n\n\n<p>Dichos impactos del COVID-19 son diversos y multidimensionales. No obstante, mucho de los estudios en este momento se enfocan en entornos urbanos y muchas ciudades est\u00e1n generando iniciativas y pol\u00edticas innovadoras para responder a la Pandemia de COVID-19<a href=\"#_ftn3\">[3]<\/a>.<\/p>\n\n\n\n<p>La vulnerabilidad ante una crisis socioecon\u00f3mica derivada del COVID-2019 en Am\u00e9rica Latina y el Caribe se exacerba al ser la regi\u00f3n con mayores niveles de desigualdad. La pobreza tambi\u00e9n tiene dimensiones de g\u00e9nero. Mientras que, en 2002, el \u00edndice de feminidad de los hogares en situaci\u00f3n de pobreza ascend\u00eda a 105 mujeres por cada 100 hombres; en 2017 este valor se ubicaba en 113 mujeres por cada 100 hombres. Por su parte, la pobreza extrema de las mujeres tambi\u00e9n aument\u00f3 en el mismo per\u00edodo, pasando de 108 mujeres por cada 100 hombres en 2002 a 116 mujeres por cada 100 hombres en 2017 (CEPAL, 2019).<\/p>\n\n\n\n<p>En este marco, las mujeres en situaci\u00f3n de pobreza y en mayor vulnerabilidad, se ver\u00e1n m\u00e1s afectadas, no solamente por el aumento de las cargas de cuidados y la p\u00e9rdida de ingresos si se encuentran en la informalidad, sino tambi\u00e9n por las propias condiciones materiales y de infraestructura de sus hogares, barrios y comunidades. A las mujeres y familias que viven en zonas urbanas excluidas, con escasez de agua y de sistema de saneamiento b\u00e1sico, y en hogares y entornos densamente poblados, se encuentran con dificultades para poner en pr\u00e1ctica las acciones establecidas por los gobiernos para prevenir el avance de brote y mitigar los impactos de la pandemia. Las pol\u00edticas de aislamiento social son de dif\u00edcil aplicaci\u00f3n en dichos contextos, donde las medidas efectivas para prevenir la pandemia son sin duda un privilegio de clase, y en algunas circunstancias pueden incluso generar el efecto contrario, lo que podr\u00eda escalar los niveles de transmisi\u00f3n en territorios y comunidades ya ampliamente marginados y precarizados.<\/p>\n\n\n\n<p>En este tiempo de incertidumbre global y regional, es esencial garantizar que \u201cnadie se quede atr\u00e1s\u201d y que se preste especial atenci\u00f3n a quienes son m\u00e1s vulnerables. Por ello, el PNUD est\u00e1 comprometido a que la respuesta ante el COVID-19 se base en un enfoque multidimensional donde las medidas de respuesta no incrementen las vulnerabilidades y las brechas de g\u00e9nero que viven d\u00eda con d\u00eda las mujeres e incluyan acciones espec\u00edficas que permitan cerrar estas brechas y generar oportunidades de empoderamiento econ\u00f3mico para estas mujeres.&nbsp;&nbsp;<\/p>\n\n\n\n<p>En este contexto, UN H\u00e1bitat<a href=\"#_ftn4\">[4]<\/a> plantea la necesidad de \u201capoyar a los gobiernos locales y las soluciones<\/p>\n\n\n\n<p>impulsadas por la comunidad en los asentamientos informales mediante, entre otros movilizar una extensa red de socios globales y locales para apoyar la recopilaci\u00f3n, el mapeo y el an\u00e1lisis de datos utilizando tecnolog\u00edas inteligentes que permitan una respuesta m\u00e1s espec\u00edfica a las necesidades prioritarias emergentes que incluyen agua y saneamiento, alimentos, vivienda, servicios de salud y medios de vida\u201d.<\/p>\n\n\n\n<p>Esta Webinar se desarrolla en el marco del <a href=\"http:\/\/americalatinagenera.org\/newsite\/index.php\/es\/covid19-y-genero#webinars\" target=\"_blank\" rel=\"noreferrer noopener\">Ciclo de Webinars sobre COVID-19 y G\u00e9nero<\/a> realizado por el <a href=\"http:\/\/americalatinagenera.org\/newsite\/index.php\/es\/covid19-y-genero\" target=\"_blank\" rel=\"noreferrer noopener\">PNUD para Am\u00e9rica Latina y el Caribe<\/a> y en el marco del <a href=\"http:\/\/americalatinagenera.org\/delgen\/\">Consorcio DELGEN<\/a>; un consorcio de 6 organizaciones regionales y globales que buscan promover la ampliaci\u00f3n del modelo de Desarrollo Econ\u00f3mico Local para incorporar de forma sostenible y efectiva la perspectiva de g\u00e9nero en el dise\u00f1o, implementaci\u00f3n y evaluaci\u00f3n de los planes y pol\u00edticas territoriales y finalmente contribuir a una mayor&nbsp; igualdad de g\u00e9nero y empoderamiento econ\u00f3mico de las mujeres en los territorios de la regi\u00f3n. Y en el marco del consorcio DELGEN desarrollamos la siguiente Webinar:<\/p>\n\n\n\n<p><strong><u>OBJETIVO DEL WEBINAR<\/u><\/strong><\/p>\n\n\n\n<ul><li>Generar un di\u00e1logo y an\u00e1lisis de la situaci\u00f3n de las Ciudades en Latinoam\u00e9rica ante la pandemia del COVID-19 con lentes de g\u00e9nero, particularmente analizar los impactos de las medidas de respuesta sobre las relaciones de g\u00e9nero y de las mujeres en las ciudades.<\/li><\/ul>\n\n\n\n<p><strong>AGENDA<\/strong><\/p>\n\n\n\n<p><strong>Inauguraci\u00f3n y Bienvenida:<\/strong><\/p>\n\n\n\n<p>\u2022 Stefan Lilier, Representante Residente, PNUD Uruguay<\/p>\n\n\n\n<p><strong>Presentaci\u00f3n:<\/strong><\/p>\n\n\n\n<p>\u2022 Carme Miralles. \u201cReflexiones sobre las Ciudades, la Movilidad y la Igualdad de G\u00e9nero en el contexto de la Pandemia de COVID-19\u201d<\/p>\n\n\n\n<p><strong>Di\u00e1logo Global:<\/strong><\/p>\n\n\n\n<p>\u2022&nbsp;&nbsp;&nbsp;&nbsp;&nbsp;&nbsp;&nbsp;&nbsp;&nbsp;&nbsp;&nbsp;&nbsp; Christian Di Candia, Intendente de Montevideo, Uruguay<\/p>\n\n\n\n<p>\u2022&nbsp;&nbsp;&nbsp;&nbsp;&nbsp;&nbsp;&nbsp;&nbsp;&nbsp;&nbsp;&nbsp;&nbsp; Ayuntamiento de Barcelona<\/p>\n\n\n\n<p>\u2022&nbsp;&nbsp;&nbsp;&nbsp;&nbsp;&nbsp;&nbsp;&nbsp;&nbsp;&nbsp;&nbsp;&nbsp; Izaskun Landaida Larizgoitia, Directora de Emakunde-Instituto Vasco de la Mujer.<\/p>\n\n\n\n<p><strong>Cierre:<\/strong><\/p>\n\n\n\n<p>Maria Garcia Pizarro, Vicesecretaria General Primera de la Uni\u00f3n Iberoamericana de Municipalistas. (UIM).<\/p>\n\n\n\n<p><strong>Preguntas a panelistas:<\/strong><\/p>\n\n\n\n<p>Moderaci\u00f3n: Guillermina Mart\u00edn, Especialista en Pol\u00edticas de G\u00e9nero, PNUDLAC<\/p>\n\n\n\n<h3 class=\"has-text-align-center\"><a rel=\"noreferrer noopener\" href=\"https:\/\/www.youtube.com\/channel\/UCrWAd98HBEPfyf5CLd_ZcBA?view_as=subscriber\" target=\"_blank\">Mira la webinar en nuestro canal de YouTube<\/a><\/h3>\n\n\n\n<hr class=\"wp-block-separator\"\/>\n\n\n\n<p><a href=\"#_ftnref1\">[1]<\/a> PNUD. Nota T\u00e9cnica \u201cLos Impactos Econ\u00f3micos Del Covid-19 Y Las Desigualdades De G\u00e9nero Recomendaciones Y Lineamientos De Pol\u00edticas P\u00fablicas\u201d Disponible en <a href=\"http:\/\/americalatinagenera.org\/newsite\/index.php\/es\/covid19-y-genero\" target=\"_blank\" rel=\"noreferrer noopener\">http:\/\/americalatinagenera.org\/newsite\/index.php\/es\/covid19-y-genero<\/a><\/p>\n\n\n\n<p><a href=\"#_ftnref2\">[2]<\/a> UN working to ensure vulnerable groups not left behind in COVID-19 response Disponible en <a href=\"https:\/\/www.un.org\/en\/un-coronavirus-communications-team\/un-working-ensure-vulnerable-groups-not-left-behind-covid-19\" target=\"_blank\" rel=\"noreferrer noopener\">https:\/\/www.un.org\/en\/un-coronavirus-communications-team\/un-working-ensure-vulnerable-groups-not-left-behind-covid-19<\/a><\/p>\n\n\n\n<p><a href=\"#_ftnref3\">[3]<\/a> <a href=\"https:\/\/www.citiesforglobalhealth.org\/initiatives\" target=\"_blank\" rel=\"noreferrer noopener\">https:\/\/www.citiesforglobalhealth.org\/initiatives<\/a><\/p>\n\n\n\n<p><a href=\"#_ftnref4\">[4]<\/a> <a href=\"https:\/\/unhabitat.org\/sites\/default\/files\/2020\/04\/final_un-habitat_covid-19_response_plan.pdf\" target=\"_blank\" rel=\"noreferrer noopener\">https:\/\/unhabitat.org\/sites\/default\/files\/2020\/04\/final_un-habitat_covid-19_response_plan.pdf<\/a><\/p>\n","protected":false},"excerpt":{"rendered":"<p>WEBINAR 6: \u201cCOVID-19: El Desaf\u00edo de las Ciudades con Lentes de G\u00e9nero\u201d, Fecha: jueves 28 Mayo de 2020 Hora: 11.00 a 12.30 EST\/10.00 a 11.30 PAN ANTECEDENTES El COVID-19 y las medidas de respuesta ante la crisis sanitaria, econ\u00f3mica y social suponen una dura disrupci\u00f3n de la cotidianidad de las personas y del tejido econ\u00f3mico, [&hellip;]<\/p>\n","protected":false},"author":3,"featured_media":1478,"comment_status":"closed","ping_status":"closed","sticky":false,"template":"","format":"standard","meta":{"jetpack_publicize_message":"","jetpack_is_tweetstorm":false,"jetpack_publicize_feature_enabled":true},"categories":[44],"tags":[43],"jetpack_publicize_connections":[],"jetpack_featured_media_url":"https:\/\/i0.wp.com\/pmi-del.cebem.org\/wp-content\/uploads\/2020\/05\/EZG0wLyWAAUelPj.jpg?fit=1080%2C1080&ssl=1","jetpack_sharing_enabled":true,"jetpack_shortlink":"https:\/\/wp.me\/p9d00R-nP","_links":{"self":[{"href":"https:\/\/pmi-del.cebem.org\/index.php?rest_route=\/wp\/v2\/posts\/1477"}],"collection":[{"href":"https:\/\/pmi-del.cebem.org\/index.php?rest_route=\/wp\/v2\/posts"}],"about":[{"href":"https:\/\/pmi-del.cebem.org\/index.php?rest_route=\/wp\/v2\/types\/post"}],"author":[{"embeddable":true,"href":"https:\/\/pmi-del.cebem.org\/index.php?rest_route=\/wp\/v2\/users\/3"}],"replies":[{"embeddable":true,"href":"https:\/\/pmi-del.cebem.org\/index.php?rest_route=%2Fwp%2Fv2%2Fcomments&post=1477"}],"version-history":[{"count":2,"href":"https:\/\/pmi-del.cebem.org\/index.php?rest_route=\/wp\/v2\/posts\/1477\/revisions"}],"predecessor-version":[{"id":1522,"href":"https:\/\/pmi-del.cebem.org\/index.php?rest_route=\/wp\/v2\/posts\/1477\/revisions\/1522"}],"wp:featuredmedia":[{"embeddable":true,"href":"https:\/\/pmi-del.cebem.org\/index.php?rest_route=\/wp\/v2\/media\/1478"}],"wp:attachment":[{"href":"https:\/\/pmi-del.cebem.org\/index.php?rest_route=%2Fwp%2Fv2%2Fmedia&parent=1477"}],"wp:term":[{"taxonomy":"category","embeddable":true,"href":"https:\/\/pmi-del.cebem.org\/index.php?rest_route=%2Fwp%2Fv2%2Fcategories&post=1477"},{"taxonomy":"post_tag","embeddable":true,"href":"https:\/\/pmi-del.cebem.org\/index.php?rest_route=%2Fwp%2Fv2%2Ftags&post=1477"}],"curies":[{"name":"wp","href":"https:\/\/api.w.org\/{rel}","templated":true}]}}