{"id":1345,"date":"2019-12-18T11:18:28","date_gmt":"2019-12-18T15:18:28","guid":{"rendered":"http:\/\/pmi-del.cebem.org\/?p=1345"},"modified":"2019-12-18T11:18:29","modified_gmt":"2019-12-18T15:18:29","slug":"v-cumbre-iberoamericana-de-agendas-locales-de-genero","status":"publish","type":"post","link":"https:\/\/pmi-del.cebem.org\/?p=1345","title":{"rendered":"V Cumbre Iberoamericana de Agendas locales de G\u00e9nero"},"content":{"rendered":"\n<div class=\"wp-block-image\"><figure class=\"aligncenter size-large\"><img data-attachment-id=\"1346\" data-permalink=\"https:\/\/pmi-del.cebem.org\/?attachment_id=1346\" data-orig-file=\"https:\/\/i0.wp.com\/pmi-del.cebem.org\/wp-content\/uploads\/2019\/12\/logo-v-cumbre-alargado.jpg?fit=1280%2C359&amp;ssl=1\" data-orig-size=\"1280,359\" data-comments-opened=\"1\" data-image-meta=\"{&quot;aperture&quot;:&quot;0&quot;,&quot;credit&quot;:&quot;&quot;,&quot;camera&quot;:&quot;&quot;,&quot;caption&quot;:&quot;&quot;,&quot;created_timestamp&quot;:&quot;0&quot;,&quot;copyright&quot;:&quot;&quot;,&quot;focal_length&quot;:&quot;0&quot;,&quot;iso&quot;:&quot;0&quot;,&quot;shutter_speed&quot;:&quot;0&quot;,&quot;title&quot;:&quot;&quot;,&quot;orientation&quot;:&quot;0&quot;}\" data-image-title=\"logo-v-cumbre-alargado\" data-image-description=\"\" data-image-caption=\"\" data-medium-file=\"https:\/\/i0.wp.com\/pmi-del.cebem.org\/wp-content\/uploads\/2019\/12\/logo-v-cumbre-alargado.jpg?fit=300%2C84&amp;ssl=1\" data-large-file=\"https:\/\/i0.wp.com\/pmi-del.cebem.org\/wp-content\/uploads\/2019\/12\/logo-v-cumbre-alargado.jpg?fit=750%2C210&amp;ssl=1\" loading=\"lazy\" width=\"750\" height=\"210\" src=\"https:\/\/i0.wp.com\/pmi-del.cebem.org\/wp-content\/uploads\/2019\/12\/logo-v-cumbre-alargado.jpg?resize=750%2C210&#038;ssl=1\" alt=\"\" class=\"wp-image-1346\" srcset=\"https:\/\/i0.wp.com\/pmi-del.cebem.org\/wp-content\/uploads\/2019\/12\/logo-v-cumbre-alargado.jpg?resize=1024%2C287&amp;ssl=1 1024w, https:\/\/i0.wp.com\/pmi-del.cebem.org\/wp-content\/uploads\/2019\/12\/logo-v-cumbre-alargado.jpg?resize=300%2C84&amp;ssl=1 300w, https:\/\/i0.wp.com\/pmi-del.cebem.org\/wp-content\/uploads\/2019\/12\/logo-v-cumbre-alargado.jpg?resize=768%2C215&amp;ssl=1 768w, https:\/\/i0.wp.com\/pmi-del.cebem.org\/wp-content\/uploads\/2019\/12\/logo-v-cumbre-alargado.jpg?w=1280&amp;ssl=1 1280w\" sizes=\"(max-width: 750px) 100vw, 750px\" data-recalc-dims=\"1\" \/><\/figure><\/div>\n\n\n\n<p>El Estado de Colima (M\u00e9xico), nos invita a construir la agenda de la igualdad desde la mirada local, desde la defensa de los derechos humanos y desde la justicia social. Sumando las voces de las mujeres que trabajan desde las organizaciones y las bases, las lideresas, las funcionarias, las t\u00e9cnicas, las acad\u00e9micas y las cient\u00edficas, as\u00ed como tambi\u00e9n los hombres democr\u00e1ticos que aportan a la tarea de avanzar a un nuevo pacto social.<\/p>\n\n\n\n<p>Pasado un cuarto de siglo desde el inicio del trabajo de la Plataforma de Acci\u00f3n de Beijing con el compromiso de 189 gobiernos adheridos a ONU, es hora de que la igualdad de g\u00e9nero sea realidad y camino a Beijing +25 el mundo local y las agendas locales de g\u00e9nero deben expresar su sentir y dialogar sobre la situaci\u00f3n actual en cuanto al avance de las mujeres en Iberoam\u00e9rica, as\u00ed como los logros, retos y desaf\u00edos a\u00fan pendientes que desde lo local deben ponerse en las agendas internacionales.<\/p>\n\n\n\n<p>La innovaci\u00f3n, la ciencia y la tecnolog\u00eda abren nuevas oportunidades al liderazgo de las mujeres y tambi\u00e9n plantean nuevos retos en cuanto a la discriminaci\u00f3n y la desigualdad de G\u00e9nero, sobre todo ello trabajaremos en esta Cumbre de G\u00e9nero, liderada por quinta vez por la Uni\u00f3n Iberoamericana de Municipalistas.<\/p>\n\n\n\n<p class=\"has-medium-font-size\"><a href=\"https:\/\/cumbrecolima.eventosuim.org\/\" target=\"_blank\" rel=\"noreferrer noopener\" aria-label=\"M\u00e1s informaci\u00f3n (opens in a new tab)\"><strong>M\u00e1s informaci\u00f3n<\/strong><\/a><\/p>\n","protected":false},"excerpt":{"rendered":"<p>La V Cumbre Iberoamericana de Agendas Locales de G\u00e9nero \u201cConstruyendo la Agenda Subnacional Beijing +25: Innovaci\u00f3n, Desarrollo e Igualdad\u201d, invita a pensar el desarrollo de los territorios desde el enfoque de la igualdad de g\u00e9nero.<\/p>\n","protected":false},"author":3,"featured_media":1346,"comment_status":"closed","ping_status":"closed","sticky":false,"template":"","format":"standard","meta":{"jetpack_publicize_message":"V #Cumbre Iberoamericana de Agendas locales de #G\u00e9nero\n\nLos d\u00edas 27 al 30 de abril 2020 en #Colima #M\u00e9xico","jetpack_is_tweetstorm":false,"jetpack_publicize_feature_enabled":true},"categories":[3],"tags":[33,34],"jetpack_publicize_connections":[],"jetpack_featured_media_url":"https:\/\/i0.wp.com\/pmi-del.cebem.org\/wp-content\/uploads\/2019\/12\/logo-v-cumbre-alargado.jpg?fit=1280%2C359&ssl=1","jetpack_sharing_enabled":true,"jetpack_shortlink":"https:\/\/wp.me\/p9d00R-lH","_links":{"self":[{"href":"https:\/\/pmi-del.cebem.org\/index.php?rest_route=\/wp\/v2\/posts\/1345"}],"collection":[{"href":"https:\/\/pmi-del.cebem.org\/index.php?rest_route=\/wp\/v2\/posts"}],"about":[{"href":"https:\/\/pmi-del.cebem.org\/index.php?rest_route=\/wp\/v2\/types\/post"}],"author":[{"embeddable":true,"href":"https:\/\/pmi-del.cebem.org\/index.php?rest_route=\/wp\/v2\/users\/3"}],"replies":[{"embeddable":true,"href":"https:\/\/pmi-del.cebem.org\/index.php?rest_route=%2Fwp%2Fv2%2Fcomments&post=1345"}],"version-history":[{"count":1,"href":"https:\/\/pmi-del.cebem.org\/index.php?rest_route=\/wp\/v2\/posts\/1345\/revisions"}],"predecessor-version":[{"id":1347,"href":"https:\/\/pmi-del.cebem.org\/index.php?rest_route=\/wp\/v2\/posts\/1345\/revisions\/1347"}],"wp:featuredmedia":[{"embeddable":true,"href":"https:\/\/pmi-del.cebem.org\/index.php?rest_route=\/wp\/v2\/media\/1346"}],"wp:attachment":[{"href":"https:\/\/pmi-del.cebem.org\/index.php?rest_route=%2Fwp%2Fv2%2Fmedia&parent=1345"}],"wp:term":[{"taxonomy":"category","embeddable":true,"href":"https:\/\/pmi-del.cebem.org\/index.php?rest_route=%2Fwp%2Fv2%2Fcategories&post=1345"},{"taxonomy":"post_tag","embeddable":true,"href":"https:\/\/pmi-del.cebem.org\/index.php?rest_route=%2Fwp%2Fv2%2Ftags&post=1345"}],"curies":[{"name":"wp","href":"https:\/\/api.w.org\/{rel}","templated":true}]}}