{"id":1301,"date":"2019-12-13T17:28:31","date_gmt":"2019-12-13T21:28:31","guid":{"rendered":"http:\/\/pmi-del.cebem.org\/?p=1301"},"modified":"2019-12-13T17:28:33","modified_gmt":"2019-12-13T21:28:33","slug":"buenas-practicas-pmi-del-la-familia-natue-empresa-familiar","status":"publish","type":"post","link":"https:\/\/pmi-del.cebem.org\/?p=1301","title":{"rendered":"Buenas Pr\u00e1cticas PMI-DEL: \u201cLa familia NATUE\u201d, empresa familiar"},"content":{"rendered":"\n<p class=\"has-background has-text-align-justify has-very-light-gray-background-color\">En el mundo del sector informal abundan las empresas familiares, que, con  frecuencia, no contabilizan el valor de sus recursos y no remuneran en  su verdadera dimensi\u00f3n la fuerza de trabajo. Se trata de sobrexplotaci\u00f3n  familiar, lo que les permite sobrevivir en el mercado. <\/p>\n\n\n\n<div class=\"wp-block-image\"><figure class=\"aligncenter size-large\"><img data-attachment-id=\"1302\" data-permalink=\"https:\/\/pmi-del.cebem.org\/?attachment_id=1302\" data-orig-file=\"https:\/\/i0.wp.com\/pmi-del.cebem.org\/wp-content\/uploads\/2019\/12\/bp-natue-01.jpg?fit=563%2C317&amp;ssl=1\" data-orig-size=\"563,317\" data-comments-opened=\"1\" data-image-meta=\"{&quot;aperture&quot;:&quot;0&quot;,&quot;credit&quot;:&quot;&quot;,&quot;camera&quot;:&quot;&quot;,&quot;caption&quot;:&quot;&quot;,&quot;created_timestamp&quot;:&quot;0&quot;,&quot;copyright&quot;:&quot;&quot;,&quot;focal_length&quot;:&quot;0&quot;,&quot;iso&quot;:&quot;0&quot;,&quot;shutter_speed&quot;:&quot;0&quot;,&quot;title&quot;:&quot;&quot;,&quot;orientation&quot;:&quot;0&quot;}\" data-image-title=\"bp-natue-01\" data-image-description=\"\" data-image-caption=\"\" data-medium-file=\"https:\/\/i0.wp.com\/pmi-del.cebem.org\/wp-content\/uploads\/2019\/12\/bp-natue-01.jpg?fit=300%2C169&amp;ssl=1\" data-large-file=\"https:\/\/i0.wp.com\/pmi-del.cebem.org\/wp-content\/uploads\/2019\/12\/bp-natue-01.jpg?fit=563%2C317&amp;ssl=1\" loading=\"lazy\" width=\"563\" height=\"317\" src=\"https:\/\/i0.wp.com\/pmi-del.cebem.org\/wp-content\/uploads\/2019\/12\/bp-natue-01.jpg?resize=563%2C317&#038;ssl=1\" alt=\"\" class=\"wp-image-1302\" srcset=\"https:\/\/i0.wp.com\/pmi-del.cebem.org\/wp-content\/uploads\/2019\/12\/bp-natue-01.jpg?w=563&amp;ssl=1 563w, https:\/\/i0.wp.com\/pmi-del.cebem.org\/wp-content\/uploads\/2019\/12\/bp-natue-01.jpg?resize=300%2C169&amp;ssl=1 300w\" sizes=\"(max-width: 563px) 100vw, 563px\" data-recalc-dims=\"1\" \/><\/figure><\/div>\n\n\n\n<h3><strong>\u00bfC\u00f3mo se incorpora la condici\u00f3n familiar en el plan de negocios?<\/strong> <\/h3>\n\n\n\n<p>En muchos casos el ambiente familiar es un gran capital que facilita el \u00e9xito del emprendimiento.<\/p>\n\n\n\n<div class=\"wp-block-image\"><figure class=\"aligncenter size-large\"><img data-attachment-id=\"1303\" data-permalink=\"https:\/\/pmi-del.cebem.org\/?attachment_id=1303\" data-orig-file=\"https:\/\/i0.wp.com\/pmi-del.cebem.org\/wp-content\/uploads\/2019\/12\/bp-natue-02.jpg?fit=543%2C305&amp;ssl=1\" data-orig-size=\"543,305\" data-comments-opened=\"1\" data-image-meta=\"{&quot;aperture&quot;:&quot;0&quot;,&quot;credit&quot;:&quot;&quot;,&quot;camera&quot;:&quot;&quot;,&quot;caption&quot;:&quot;&quot;,&quot;created_timestamp&quot;:&quot;0&quot;,&quot;copyright&quot;:&quot;&quot;,&quot;focal_length&quot;:&quot;0&quot;,&quot;iso&quot;:&quot;0&quot;,&quot;shutter_speed&quot;:&quot;0&quot;,&quot;title&quot;:&quot;&quot;,&quot;orientation&quot;:&quot;0&quot;}\" data-image-title=\"bp-natue-02\" data-image-description=\"\" data-image-caption=\"\" data-medium-file=\"https:\/\/i0.wp.com\/pmi-del.cebem.org\/wp-content\/uploads\/2019\/12\/bp-natue-02.jpg?fit=300%2C169&amp;ssl=1\" data-large-file=\"https:\/\/i0.wp.com\/pmi-del.cebem.org\/wp-content\/uploads\/2019\/12\/bp-natue-02.jpg?fit=543%2C305&amp;ssl=1\" loading=\"lazy\" width=\"543\" height=\"305\" src=\"https:\/\/i0.wp.com\/pmi-del.cebem.org\/wp-content\/uploads\/2019\/12\/bp-natue-02.jpg?resize=543%2C305&#038;ssl=1\" alt=\"\" class=\"wp-image-1303\" srcset=\"https:\/\/i0.wp.com\/pmi-del.cebem.org\/wp-content\/uploads\/2019\/12\/bp-natue-02.jpg?w=543&amp;ssl=1 543w, https:\/\/i0.wp.com\/pmi-del.cebem.org\/wp-content\/uploads\/2019\/12\/bp-natue-02.jpg?resize=300%2C169&amp;ssl=1 300w\" sizes=\"(max-width: 543px) 100vw, 543px\" data-recalc-dims=\"1\" \/><\/figure><\/div>\n\n\n\n<p>Los miembros de la familia aportan confianza mutua, que, trat\u00e1ndose de  negocios es un factor muy importante y cuesta mucho a los que no lo  tienen. <br>La familia no escatima el tiempo ni se tiene un horario. No existe burocracia. <\/p>\n\n\n\n<div class=\"wp-container-4 wp-block-columns\">\n<div class=\"wp-container-1 wp-block-column\" style=\"flex-basis:25%\">\n<figure class=\"wp-block-image size-large\"><img data-attachment-id=\"1304\" data-permalink=\"https:\/\/pmi-del.cebem.org\/?attachment_id=1304\" data-orig-file=\"https:\/\/i0.wp.com\/pmi-del.cebem.org\/wp-content\/uploads\/2019\/12\/bp-natue-03.jpg?fit=417%2C440&amp;ssl=1\" data-orig-size=\"417,440\" data-comments-opened=\"1\" data-image-meta=\"{&quot;aperture&quot;:&quot;0&quot;,&quot;credit&quot;:&quot;&quot;,&quot;camera&quot;:&quot;&quot;,&quot;caption&quot;:&quot;&quot;,&quot;created_timestamp&quot;:&quot;1576087615&quot;,&quot;copyright&quot;:&quot;&quot;,&quot;focal_length&quot;:&quot;0&quot;,&quot;iso&quot;:&quot;0&quot;,&quot;shutter_speed&quot;:&quot;0&quot;,&quot;title&quot;:&quot;&quot;,&quot;orientation&quot;:&quot;1&quot;}\" data-image-title=\"bp-natue-03\" data-image-description=\"\" data-image-caption=\"\" data-medium-file=\"https:\/\/i0.wp.com\/pmi-del.cebem.org\/wp-content\/uploads\/2019\/12\/bp-natue-03.jpg?fit=284%2C300&amp;ssl=1\" data-large-file=\"https:\/\/i0.wp.com\/pmi-del.cebem.org\/wp-content\/uploads\/2019\/12\/bp-natue-03.jpg?fit=417%2C440&amp;ssl=1\" loading=\"lazy\" width=\"417\" height=\"440\" src=\"https:\/\/i0.wp.com\/pmi-del.cebem.org\/wp-content\/uploads\/2019\/12\/bp-natue-03.jpg?resize=417%2C440&#038;ssl=1\" alt=\"\" class=\"wp-image-1304\" srcset=\"https:\/\/i0.wp.com\/pmi-del.cebem.org\/wp-content\/uploads\/2019\/12\/bp-natue-03.jpg?w=417&amp;ssl=1 417w, https:\/\/i0.wp.com\/pmi-del.cebem.org\/wp-content\/uploads\/2019\/12\/bp-natue-03.jpg?resize=284%2C300&amp;ssl=1 284w\" sizes=\"(max-width: 417px) 100vw, 417px\" data-recalc-dims=\"1\" \/><\/figure>\n<\/div>\n\n\n\n<div class=\"wp-container-2 wp-block-column\" style=\"flex-basis:50%\">\n<p class=\"has-text-align-justify\">Existe un est\u00edmulo superior, es la empresa de la familia.<br>El recuerdo de sus progenitores que los educaron est\u00e1 presente en todo lo que hacen y los une. <\/p>\n<\/div>\n\n\n\n<div class=\"wp-container-3 wp-block-column\" style=\"flex-basis:25%\">\n<figure class=\"wp-block-image size-large is-resized\"><img data-attachment-id=\"1305\" data-permalink=\"https:\/\/pmi-del.cebem.org\/?attachment_id=1305\" data-orig-file=\"https:\/\/i0.wp.com\/pmi-del.cebem.org\/wp-content\/uploads\/2019\/12\/bp-natue-04.jpg?fit=398%2C478&amp;ssl=1\" data-orig-size=\"398,478\" data-comments-opened=\"1\" data-image-meta=\"{&quot;aperture&quot;:&quot;0&quot;,&quot;credit&quot;:&quot;&quot;,&quot;camera&quot;:&quot;&quot;,&quot;caption&quot;:&quot;&quot;,&quot;created_timestamp&quot;:&quot;1576087630&quot;,&quot;copyright&quot;:&quot;&quot;,&quot;focal_length&quot;:&quot;0&quot;,&quot;iso&quot;:&quot;0&quot;,&quot;shutter_speed&quot;:&quot;0&quot;,&quot;title&quot;:&quot;&quot;,&quot;orientation&quot;:&quot;1&quot;}\" data-image-title=\"bp-natue-04\" data-image-description=\"\" data-image-caption=\"\" data-medium-file=\"https:\/\/i0.wp.com\/pmi-del.cebem.org\/wp-content\/uploads\/2019\/12\/bp-natue-04.jpg?fit=250%2C300&amp;ssl=1\" data-large-file=\"https:\/\/i0.wp.com\/pmi-del.cebem.org\/wp-content\/uploads\/2019\/12\/bp-natue-04.jpg?fit=398%2C478&amp;ssl=1\" src=\"https:\/\/i0.wp.com\/pmi-del.cebem.org\/wp-content\/uploads\/2019\/12\/bp-natue-04.jpg?fit=750%2C440&#038;ssl=1\" alt=\"\" class=\"wp-image-1305\" height=\"440\" srcset=\"https:\/\/i0.wp.com\/pmi-del.cebem.org\/wp-content\/uploads\/2019\/12\/bp-natue-04.jpg?w=398&amp;ssl=1 398w, https:\/\/i0.wp.com\/pmi-del.cebem.org\/wp-content\/uploads\/2019\/12\/bp-natue-04.jpg?resize=250%2C300&amp;ssl=1 250w\" sizes=\"(max-width: 398px) 100vw, 398px\" data-recalc-dims=\"1\" \/><\/figure>\n<\/div>\n<\/div>\n\n\n\n<div class=\"wp-container-8 wp-block-columns\">\n<div class=\"wp-container-5 wp-block-column\" style=\"flex-basis:25%\">\n<figure class=\"wp-block-image size-large\"><img data-attachment-id=\"1306\" data-permalink=\"https:\/\/pmi-del.cebem.org\/?attachment_id=1306\" data-orig-file=\"https:\/\/i0.wp.com\/pmi-del.cebem.org\/wp-content\/uploads\/2019\/12\/bp-natue-05.jpg?fit=407%2C376&amp;ssl=1\" data-orig-size=\"407,376\" data-comments-opened=\"1\" data-image-meta=\"{&quot;aperture&quot;:&quot;0&quot;,&quot;credit&quot;:&quot;&quot;,&quot;camera&quot;:&quot;&quot;,&quot;caption&quot;:&quot;&quot;,&quot;created_timestamp&quot;:&quot;1576087644&quot;,&quot;copyright&quot;:&quot;&quot;,&quot;focal_length&quot;:&quot;0&quot;,&quot;iso&quot;:&quot;0&quot;,&quot;shutter_speed&quot;:&quot;0&quot;,&quot;title&quot;:&quot;&quot;,&quot;orientation&quot;:&quot;1&quot;}\" data-image-title=\"bp-natue-05\" data-image-description=\"\" data-image-caption=\"\" data-medium-file=\"https:\/\/i0.wp.com\/pmi-del.cebem.org\/wp-content\/uploads\/2019\/12\/bp-natue-05.jpg?fit=300%2C277&amp;ssl=1\" data-large-file=\"https:\/\/i0.wp.com\/pmi-del.cebem.org\/wp-content\/uploads\/2019\/12\/bp-natue-05.jpg?fit=407%2C376&amp;ssl=1\" loading=\"lazy\" width=\"407\" height=\"376\" src=\"https:\/\/i0.wp.com\/pmi-del.cebem.org\/wp-content\/uploads\/2019\/12\/bp-natue-05.jpg?resize=407%2C376&#038;ssl=1\" alt=\"\" class=\"wp-image-1306\" srcset=\"https:\/\/i0.wp.com\/pmi-del.cebem.org\/wp-content\/uploads\/2019\/12\/bp-natue-05.jpg?w=407&amp;ssl=1 407w, https:\/\/i0.wp.com\/pmi-del.cebem.org\/wp-content\/uploads\/2019\/12\/bp-natue-05.jpg?resize=300%2C277&amp;ssl=1 300w\" sizes=\"(max-width: 407px) 100vw, 407px\" data-recalc-dims=\"1\" \/><\/figure>\n<\/div>\n\n\n\n<div class=\"wp-container-6 wp-block-column\" style=\"flex-basis:50%\">\n<p class=\"has-text-align-justify\">\u201cAs\u00ed nos educaron a los 10 hermanos\u201d Relacionados con esta base se contabilizan muchos factores que se  refieren a la divisi\u00f3n del trabajo y al aporte diferenciado de las ideas  y creatividad.  Todo ello compone las ventajas de la empresa familiar.<\/p>\n<\/div>\n\n\n\n<div class=\"wp-container-7 wp-block-column\" style=\"flex-basis:25%\">\n<figure class=\"wp-block-image size-large\"><img data-attachment-id=\"1307\" data-permalink=\"https:\/\/pmi-del.cebem.org\/?attachment_id=1307\" data-orig-file=\"https:\/\/i0.wp.com\/pmi-del.cebem.org\/wp-content\/uploads\/2019\/12\/bp-natue-06.jpg?fit=326%2C398&amp;ssl=1\" data-orig-size=\"326,398\" data-comments-opened=\"1\" data-image-meta=\"{&quot;aperture&quot;:&quot;0&quot;,&quot;credit&quot;:&quot;&quot;,&quot;camera&quot;:&quot;&quot;,&quot;caption&quot;:&quot;&quot;,&quot;created_timestamp&quot;:&quot;1576087694&quot;,&quot;copyright&quot;:&quot;&quot;,&quot;focal_length&quot;:&quot;0&quot;,&quot;iso&quot;:&quot;0&quot;,&quot;shutter_speed&quot;:&quot;0&quot;,&quot;title&quot;:&quot;&quot;,&quot;orientation&quot;:&quot;1&quot;}\" data-image-title=\"bp-natue-06\" data-image-description=\"\" data-image-caption=\"\" data-medium-file=\"https:\/\/i0.wp.com\/pmi-del.cebem.org\/wp-content\/uploads\/2019\/12\/bp-natue-06.jpg?fit=246%2C300&amp;ssl=1\" data-large-file=\"https:\/\/i0.wp.com\/pmi-del.cebem.org\/wp-content\/uploads\/2019\/12\/bp-natue-06.jpg?fit=326%2C398&amp;ssl=1\" loading=\"lazy\" width=\"326\" height=\"398\" src=\"https:\/\/i0.wp.com\/pmi-del.cebem.org\/wp-content\/uploads\/2019\/12\/bp-natue-06.jpg?resize=326%2C398&#038;ssl=1\" alt=\"\" class=\"wp-image-1307\" srcset=\"https:\/\/i0.wp.com\/pmi-del.cebem.org\/wp-content\/uploads\/2019\/12\/bp-natue-06.jpg?w=326&amp;ssl=1 326w, https:\/\/i0.wp.com\/pmi-del.cebem.org\/wp-content\/uploads\/2019\/12\/bp-natue-06.jpg?resize=246%2C300&amp;ssl=1 246w\" sizes=\"(max-width: 326px) 100vw, 326px\" data-recalc-dims=\"1\" \/><\/figure>\n<\/div>\n<\/div>\n\n\n\n<h3>Bien usadas las ventajas son invalorables para un plan de negocios<\/h3>\n\n\n\n<div class=\"wp-block-media-text is-stacked-on-mobile\" style=\"grid-template-columns:36% auto\"><figure class=\"wp-block-media-text__media\"><img data-attachment-id=\"1308\" data-permalink=\"https:\/\/pmi-del.cebem.org\/?attachment_id=1308\" data-orig-file=\"https:\/\/i0.wp.com\/pmi-del.cebem.org\/wp-content\/uploads\/2019\/12\/bp-natue-07.jpg?fit=413%2C539&amp;ssl=1\" data-orig-size=\"413,539\" data-comments-opened=\"1\" data-image-meta=\"{&quot;aperture&quot;:&quot;0&quot;,&quot;credit&quot;:&quot;&quot;,&quot;camera&quot;:&quot;&quot;,&quot;caption&quot;:&quot;&quot;,&quot;created_timestamp&quot;:&quot;1576087737&quot;,&quot;copyright&quot;:&quot;&quot;,&quot;focal_length&quot;:&quot;0&quot;,&quot;iso&quot;:&quot;0&quot;,&quot;shutter_speed&quot;:&quot;0&quot;,&quot;title&quot;:&quot;&quot;,&quot;orientation&quot;:&quot;1&quot;}\" data-image-title=\"bp-natue-07\" data-image-description=\"\" data-image-caption=\"\" data-medium-file=\"https:\/\/i0.wp.com\/pmi-del.cebem.org\/wp-content\/uploads\/2019\/12\/bp-natue-07.jpg?fit=230%2C300&amp;ssl=1\" data-large-file=\"https:\/\/i0.wp.com\/pmi-del.cebem.org\/wp-content\/uploads\/2019\/12\/bp-natue-07.jpg?fit=413%2C539&amp;ssl=1\" loading=\"lazy\" width=\"413\" height=\"539\" src=\"https:\/\/i0.wp.com\/pmi-del.cebem.org\/wp-content\/uploads\/2019\/12\/bp-natue-07.jpg?resize=413%2C539&#038;ssl=1\" alt=\"\" class=\"wp-image-1308\" srcset=\"https:\/\/i0.wp.com\/pmi-del.cebem.org\/wp-content\/uploads\/2019\/12\/bp-natue-07.jpg?w=413&amp;ssl=1 413w, https:\/\/i0.wp.com\/pmi-del.cebem.org\/wp-content\/uploads\/2019\/12\/bp-natue-07.jpg?resize=230%2C300&amp;ssl=1 230w\" sizes=\"(max-width: 413px) 100vw, 413px\" data-recalc-dims=\"1\" \/><\/figure><div class=\"wp-block-media-text__content\">\n<p class=\"has-text-align-justify has-normal-font-size\">\u00bfCu\u00e1l es el \u00e9xito obtenido por esta empresa familiar para competir en el  mercado sin incurrir en la sobreexplotaci\u00f3n de su fuerza de trabajo y  otros recursos, y convertirse en un ejemplo de eficiencia en los  negocios?<br> Podemos observar muchas ventajas en esta familia de 10 miembros para escribir un buen plan de negocios.<br> Todo es un patrimonio familiar que no depende del banco. Hay un gran  equilibrio afectivo que significa importantes ahorros ante los  conflictos.<br> Pero tambi\u00e9n tienen que mantener la raz\u00f3n del negocio que est\u00e1 exigida por el mercado.<\/p>\n<\/div><\/div>\n\n\n\n<div style=\"height:20px\" aria-hidden=\"true\" class=\"wp-block-spacer\"><\/div>\n\n\n\n<h3>El curso sobre planes de negocio<\/h3>\n\n\n\n<p class=\"has-text-align-justify\">Con  el curso se logr\u00f3 unir el sue\u00f1o con la racionalidad del conocimiento.  Fue costoso entender los conceptos, aunque se fueron reconociendo que  estaban presentes en su pr\u00e1ctica cotidiana. Una gu\u00eda de procedimientos  permite valorar mejor los esfuerzos. Fue una buena idea compartir  experiencias de ida y de vuelta entre Timmins y Vinto.<br>Un buen  estudio de mercado, valorar los recursos, comprender las ventajas del  mercado, actualizar su oferta, conocer mejor la competencia y sus  dimensiones.<br>Fue as\u00ed que se integraron los conceptos te\u00f3ricos, con  los sue\u00f1os como el camino de una nueva practica en los negocios.&nbsp; El  curso permiti\u00f3 compartir su experiencia como empresa con los dem\u00e1s  emprendedores. Todos ellos tienen en com\u00fan, una empresa de tama\u00f1o  \u201cfamiliar\u201d, donde la confianza y la asociatividad son factores  fundamentales, es el capital intangible escaso en el mercado y en el  mundo de los grandes negocios. <\/p>\n\n\n\n<h3>Dar cr\u00e9dito al nombre de NATUE, Natural Ecol\u00f3gico<\/h3>\n\n\n\n<p class=\"has-text-align-justify\">Con gran inventiva se fue sustituyendo el pl\u00e1stico por cajas de cart\u00f3n  herm\u00e9ticas, evitando el da\u00f1o al medio ambiente. Se puede ir  generalizando esa conciencia compartida con los otros emprendedores y  mostrarlo que una realizaci\u00f3n de la pol\u00edtica municipal. <br>Han desarrollado su propio compost para mejorar sus cualidades para la buena salud.<br>Crearon un mensaje positivo sobre los productos saludables que tenemos a nuestro alcance.<\/p>\n\n\n\n<div class=\"wp-block-image\"><figure class=\"aligncenter size-large\"><img data-attachment-id=\"1309\" data-permalink=\"https:\/\/pmi-del.cebem.org\/?attachment_id=1309\" data-orig-file=\"https:\/\/i0.wp.com\/pmi-del.cebem.org\/wp-content\/uploads\/2019\/12\/bp-natue-08.jpg?fit=1280%2C957&amp;ssl=1\" data-orig-size=\"1280,957\" data-comments-opened=\"1\" data-image-meta=\"{&quot;aperture&quot;:&quot;0&quot;,&quot;credit&quot;:&quot;&quot;,&quot;camera&quot;:&quot;&quot;,&quot;caption&quot;:&quot;&quot;,&quot;created_timestamp&quot;:&quot;0&quot;,&quot;copyright&quot;:&quot;&quot;,&quot;focal_length&quot;:&quot;0&quot;,&quot;iso&quot;:&quot;0&quot;,&quot;shutter_speed&quot;:&quot;0&quot;,&quot;title&quot;:&quot;&quot;,&quot;orientation&quot;:&quot;0&quot;}\" data-image-title=\"bp-natue-08\" data-image-description=\"\" data-image-caption=\"\" data-medium-file=\"https:\/\/i0.wp.com\/pmi-del.cebem.org\/wp-content\/uploads\/2019\/12\/bp-natue-08.jpg?fit=300%2C224&amp;ssl=1\" data-large-file=\"https:\/\/i0.wp.com\/pmi-del.cebem.org\/wp-content\/uploads\/2019\/12\/bp-natue-08.jpg?fit=750%2C561&amp;ssl=1\" loading=\"lazy\" width=\"750\" height=\"561\" src=\"https:\/\/i0.wp.com\/pmi-del.cebem.org\/wp-content\/uploads\/2019\/12\/bp-natue-08.jpg?resize=750%2C561&#038;ssl=1\" alt=\"\" class=\"wp-image-1309\" srcset=\"https:\/\/i0.wp.com\/pmi-del.cebem.org\/wp-content\/uploads\/2019\/12\/bp-natue-08.jpg?resize=1024%2C766&amp;ssl=1 1024w, https:\/\/i0.wp.com\/pmi-del.cebem.org\/wp-content\/uploads\/2019\/12\/bp-natue-08.jpg?resize=300%2C224&amp;ssl=1 300w, https:\/\/i0.wp.com\/pmi-del.cebem.org\/wp-content\/uploads\/2019\/12\/bp-natue-08.jpg?resize=768%2C574&amp;ssl=1 768w, https:\/\/i0.wp.com\/pmi-del.cebem.org\/wp-content\/uploads\/2019\/12\/bp-natue-08.jpg?resize=135%2C100&amp;ssl=1 135w, https:\/\/i0.wp.com\/pmi-del.cebem.org\/wp-content\/uploads\/2019\/12\/bp-natue-08.jpg?w=1280&amp;ssl=1 1280w\" sizes=\"(max-width: 750px) 100vw, 750px\" data-recalc-dims=\"1\" \/><\/figure><\/div>\n\n\n\n<h3>\u00bfC\u00f3mo surgi\u00f3 el jengibre?<\/h3>\n\n\n\n<p class=\"has-text-align-justify\">\u201cMi hijita ten\u00eda gastritis cr\u00f3nica y la llevamos al m\u00e9dico. Nos recet\u00f3  omeprazol, ranitidina, \u00f3xido de zinc\u201d \u201cpasaban seis meses y la volv\u00edamos  a llevarla y otra vez la misma receta. Era un c\u00edrculo vicioso del que  ella no iba a salir\u201d<br>\u201cEmpec\u00e9 a investigar y ah\u00ed encontr\u00e9 el jengibre,  con lim\u00f3n, miel y manzanilla. En un vasito, en ayunas, ahora le doy  todos los d\u00edas, antes le daba cada dos semanas.&nbsp; Ahora ya ha superado el  problema de la gastritis\u201d<br>\u201cLe coment\u00e9 a Gerardo y me dijo, se puede  sacar un t\u00e9 de jengibre\u201d y ah\u00ed Carlos trajo un tesito de Europa.&nbsp; Lim\u00f3n y  un poquito de canela. 95%, 5% lim\u00f3n y canela\u201d<\/p>\n\n\n\n<h3>Descubriendo la deshidrataci\u00f3n<\/h3>\n\n\n\n<p class=\"has-text-align-justify\">\u201cEmpezamos deshidratando espinaca, acelga betarraga, frutas, laurel, piment\u00f3n\u201d. &nbsp;<br>\u201cNo hemos encontrado mercado y empezamos a enfocarnos en algo. La Zanahoria, te de zanahoria a granel y en bolsitas.\u201d<br>\u201cAh\u00ed, empezamos a hacer una investigaci\u00f3n. Antes no hab\u00eda t\u00e9s en Bolivia, se hac\u00eda t\u00e9 de zanahoria, se embolsaba.\u201d<br>\u201cEmpezamos  a fortalecernos y se fue ofreciendo este producto (zanahoria) en el  mercado. Despu\u00e9s vino un segundo producto, el t\u00e9 de jengibre, el t\u00e9 de  c\u00farcuma\u201d. <br>\u201cCon esos t\u00e9s hemos empezado a fortalecer la econom\u00eda\u201d<\/p>\n\n\n\n<h3>Empezamos a deshidratar<\/h3>\n\n\n\n<p class=\"has-text-align-justify\">\u201cLa c\u00farcuma y el jengibre lo traen del Chapare, de la zona de  Cristalmayo. Crece en el monte de manera salvaje, no tiene elementos  extra\u00f1os.<\/p>\n\n\n\n<p class=\"has-text-align-justify\">El transporte no lo hacen ellos mismos, quiz\u00e1 en el futuro. <br>\u201cSe requerir\u00eda resolver el tema de transporte, cuando ya haya un gran volumen\u201d.<\/p>\n\n\n\n<p class=\"has-text-align-justify\">Otro\n tema a resolver es el embolsado. \u201cser\u00e1 ideal contar con una m\u00e1quina \npara empaquetar\u2026\u201d Es el sue\u00f1o de Gerardo y anda detr\u00e1s de la idea.\n\n<\/p>\n\n\n\n<div class=\"wp-block-image\"><figure class=\"aligncenter size-large\"><img data-attachment-id=\"1325\" data-permalink=\"https:\/\/pmi-del.cebem.org\/?attachment_id=1325\" data-orig-file=\"https:\/\/i0.wp.com\/pmi-del.cebem.org\/wp-content\/uploads\/2019\/12\/bp-natue-23.jpg?fit=599%2C165&amp;ssl=1\" data-orig-size=\"599,165\" data-comments-opened=\"1\" data-image-meta=\"{&quot;aperture&quot;:&quot;0&quot;,&quot;credit&quot;:&quot;&quot;,&quot;camera&quot;:&quot;&quot;,&quot;caption&quot;:&quot;&quot;,&quot;created_timestamp&quot;:&quot;0&quot;,&quot;copyright&quot;:&quot;&quot;,&quot;focal_length&quot;:&quot;0&quot;,&quot;iso&quot;:&quot;0&quot;,&quot;shutter_speed&quot;:&quot;0&quot;,&quot;title&quot;:&quot;&quot;,&quot;orientation&quot;:&quot;0&quot;}\" data-image-title=\"bp-natue-23\" data-image-description=\"\" data-image-caption=\"\" data-medium-file=\"https:\/\/i0.wp.com\/pmi-del.cebem.org\/wp-content\/uploads\/2019\/12\/bp-natue-23.jpg?fit=300%2C83&amp;ssl=1\" data-large-file=\"https:\/\/i0.wp.com\/pmi-del.cebem.org\/wp-content\/uploads\/2019\/12\/bp-natue-23.jpg?fit=599%2C165&amp;ssl=1\" loading=\"lazy\" width=\"599\" height=\"165\" src=\"https:\/\/i0.wp.com\/pmi-del.cebem.org\/wp-content\/uploads\/2019\/12\/bp-natue-23.jpg?resize=599%2C165&#038;ssl=1\" alt=\"\" class=\"wp-image-1325\" srcset=\"https:\/\/i0.wp.com\/pmi-del.cebem.org\/wp-content\/uploads\/2019\/12\/bp-natue-23.jpg?w=599&amp;ssl=1 599w, https:\/\/i0.wp.com\/pmi-del.cebem.org\/wp-content\/uploads\/2019\/12\/bp-natue-23.jpg?resize=300%2C83&amp;ssl=1 300w\" sizes=\"(max-width: 599px) 100vw, 599px\" data-recalc-dims=\"1\" \/><\/figure><\/div>\n\n\n\n<p class=\"has-text-align-justify\">Construyeron su propia tecnolog\u00eda para el disecado totalmente ecol\u00f3gico.  Puro calor del sol y aislado de los contaminantes del polvo.<\/p>\n\n\n\n<div class=\"wp-block-image\"><figure class=\"aligncenter size-large\"><img data-attachment-id=\"1312\" data-permalink=\"https:\/\/pmi-del.cebem.org\/?attachment_id=1312\" data-orig-file=\"https:\/\/i0.wp.com\/pmi-del.cebem.org\/wp-content\/uploads\/2019\/12\/bp-natue-11.jpg?fit=698%2C393&amp;ssl=1\" data-orig-size=\"698,393\" data-comments-opened=\"1\" data-image-meta=\"{&quot;aperture&quot;:&quot;0&quot;,&quot;credit&quot;:&quot;&quot;,&quot;camera&quot;:&quot;&quot;,&quot;caption&quot;:&quot;&quot;,&quot;created_timestamp&quot;:&quot;0&quot;,&quot;copyright&quot;:&quot;&quot;,&quot;focal_length&quot;:&quot;0&quot;,&quot;iso&quot;:&quot;0&quot;,&quot;shutter_speed&quot;:&quot;0&quot;,&quot;title&quot;:&quot;&quot;,&quot;orientation&quot;:&quot;0&quot;}\" data-image-title=\"bp-natue-11\" data-image-description=\"\" data-image-caption=\"\" data-medium-file=\"https:\/\/i0.wp.com\/pmi-del.cebem.org\/wp-content\/uploads\/2019\/12\/bp-natue-11.jpg?fit=300%2C169&amp;ssl=1\" data-large-file=\"https:\/\/i0.wp.com\/pmi-del.cebem.org\/wp-content\/uploads\/2019\/12\/bp-natue-11.jpg?fit=698%2C393&amp;ssl=1\" loading=\"lazy\" width=\"698\" height=\"393\" src=\"https:\/\/i0.wp.com\/pmi-del.cebem.org\/wp-content\/uploads\/2019\/12\/bp-natue-11.jpg?resize=698%2C393&#038;ssl=1\" alt=\"\" class=\"wp-image-1312\" srcset=\"https:\/\/i0.wp.com\/pmi-del.cebem.org\/wp-content\/uploads\/2019\/12\/bp-natue-11.jpg?w=698&amp;ssl=1 698w, https:\/\/i0.wp.com\/pmi-del.cebem.org\/wp-content\/uploads\/2019\/12\/bp-natue-11.jpg?resize=300%2C169&amp;ssl=1 300w\" sizes=\"(max-width: 698px) 100vw, 698px\" data-recalc-dims=\"1\" \/><\/figure><\/div>\n\n\n\n<h3>\u00bfEste negocio es un emprendimiento o un sue\u00f1o loco?<\/h3>\n\n\n\n<p class=\"has-text-align-justify\">\u201cCuando nos preguntan que es un emprendedor, les digo es una locura, hemos empezado de la nada.&nbsp; Aporte familiar\u201d<br>\u201cHab\u00edamos montado el tinglado, dise\u00f1ado para criar gallinas\u201d.&nbsp; Tuvimos que cambiar la l\u00ednea de producci\u00f3n en base al mercado.<br>\u201cEmpezamos  a desarrollar otros emprendimientos. Del jengibre y de la c\u00farcuma  hicimos un sazonador.&nbsp; Actualmente, estos son los productos que tenemos y  estamos comercializando.\u201d <br>Tres t\u00e9s iniciales y dos sazonadores. Vendr\u00e1n m\u00e1s.<br>\u201cNo tenemos una gran escala. Estamos esperando un permiso del SENASAG que es moroso obtenerlo\u201d<\/p>\n\n\n\n<h3>Buscando la tecnolog\u00eda para su sue\u00f1o<\/h3>\n\n\n\n<div class=\"wp-container-12 wp-block-columns are-vertically-aligned-center\">\n<div class=\"wp-container-9 wp-block-column is-vertically-aligned-center\" style=\"flex-basis:25%\">\n<figure class=\"wp-block-image size-large\"><img data-attachment-id=\"1313\" data-permalink=\"https:\/\/pmi-del.cebem.org\/?attachment_id=1313\" data-orig-file=\"https:\/\/i0.wp.com\/pmi-del.cebem.org\/wp-content\/uploads\/2019\/12\/bp-natue-12.jpg?fit=960%2C1280&amp;ssl=1\" data-orig-size=\"960,1280\" data-comments-opened=\"1\" data-image-meta=\"{&quot;aperture&quot;:&quot;0&quot;,&quot;credit&quot;:&quot;&quot;,&quot;camera&quot;:&quot;&quot;,&quot;caption&quot;:&quot;&quot;,&quot;created_timestamp&quot;:&quot;0&quot;,&quot;copyright&quot;:&quot;&quot;,&quot;focal_length&quot;:&quot;0&quot;,&quot;iso&quot;:&quot;0&quot;,&quot;shutter_speed&quot;:&quot;0&quot;,&quot;title&quot;:&quot;&quot;,&quot;orientation&quot;:&quot;0&quot;}\" data-image-title=\"bp-natue-12\" data-image-description=\"\" data-image-caption=\"\" data-medium-file=\"https:\/\/i0.wp.com\/pmi-del.cebem.org\/wp-content\/uploads\/2019\/12\/bp-natue-12.jpg?fit=225%2C300&amp;ssl=1\" data-large-file=\"https:\/\/i0.wp.com\/pmi-del.cebem.org\/wp-content\/uploads\/2019\/12\/bp-natue-12.jpg?fit=750%2C1000&amp;ssl=1\" loading=\"lazy\" width=\"750\" height=\"1000\" src=\"https:\/\/i0.wp.com\/pmi-del.cebem.org\/wp-content\/uploads\/2019\/12\/bp-natue-12.jpg?resize=750%2C1000&#038;ssl=1\" alt=\"\" class=\"wp-image-1313\" srcset=\"https:\/\/i0.wp.com\/pmi-del.cebem.org\/wp-content\/uploads\/2019\/12\/bp-natue-12.jpg?resize=768%2C1024&amp;ssl=1 768w, https:\/\/i0.wp.com\/pmi-del.cebem.org\/wp-content\/uploads\/2019\/12\/bp-natue-12.jpg?resize=225%2C300&amp;ssl=1 225w, https:\/\/i0.wp.com\/pmi-del.cebem.org\/wp-content\/uploads\/2019\/12\/bp-natue-12.jpg?w=960&amp;ssl=1 960w\" sizes=\"(max-width: 750px) 100vw, 750px\" data-recalc-dims=\"1\" \/><\/figure>\n<\/div>\n\n\n\n<div class=\"wp-container-10 wp-block-column is-vertically-aligned-center\" style=\"flex-basis:50%\">\n<p><strong>Gerardo se las ingenio con un molino de bolas.<\/strong><\/p>\n\n\n\n<p>Mucho logr\u00f3 aprender de sus viajes a Brasil <\/p>\n<\/div>\n\n\n\n<div class=\"wp-container-11 wp-block-column is-vertically-aligned-center\" style=\"flex-basis:25%\">\n<figure class=\"wp-block-image size-large\"><img data-attachment-id=\"1314\" data-permalink=\"https:\/\/pmi-del.cebem.org\/?attachment_id=1314\" data-orig-file=\"https:\/\/i0.wp.com\/pmi-del.cebem.org\/wp-content\/uploads\/2019\/12\/bp-natue-13.jpg?fit=940%2C788&amp;ssl=1\" data-orig-size=\"940,788\" data-comments-opened=\"1\" data-image-meta=\"{&quot;aperture&quot;:&quot;0&quot;,&quot;credit&quot;:&quot;&quot;,&quot;camera&quot;:&quot;&quot;,&quot;caption&quot;:&quot;&quot;,&quot;created_timestamp&quot;:&quot;0&quot;,&quot;copyright&quot;:&quot;&quot;,&quot;focal_length&quot;:&quot;0&quot;,&quot;iso&quot;:&quot;0&quot;,&quot;shutter_speed&quot;:&quot;0&quot;,&quot;title&quot;:&quot;&quot;,&quot;orientation&quot;:&quot;0&quot;}\" data-image-title=\"bp-natue-13\" data-image-description=\"\" data-image-caption=\"\" data-medium-file=\"https:\/\/i0.wp.com\/pmi-del.cebem.org\/wp-content\/uploads\/2019\/12\/bp-natue-13.jpg?fit=300%2C251&amp;ssl=1\" data-large-file=\"https:\/\/i0.wp.com\/pmi-del.cebem.org\/wp-content\/uploads\/2019\/12\/bp-natue-13.jpg?fit=750%2C629&amp;ssl=1\" loading=\"lazy\" width=\"750\" height=\"629\" src=\"https:\/\/i0.wp.com\/pmi-del.cebem.org\/wp-content\/uploads\/2019\/12\/bp-natue-13.jpg?resize=750%2C629&#038;ssl=1\" alt=\"\" class=\"wp-image-1314\" srcset=\"https:\/\/i0.wp.com\/pmi-del.cebem.org\/wp-content\/uploads\/2019\/12\/bp-natue-13.jpg?w=940&amp;ssl=1 940w, https:\/\/i0.wp.com\/pmi-del.cebem.org\/wp-content\/uploads\/2019\/12\/bp-natue-13.jpg?resize=300%2C251&amp;ssl=1 300w, https:\/\/i0.wp.com\/pmi-del.cebem.org\/wp-content\/uploads\/2019\/12\/bp-natue-13.jpg?resize=768%2C644&amp;ssl=1 768w\" sizes=\"(max-width: 750px) 100vw, 750px\" data-recalc-dims=\"1\" \/><\/figure>\n<\/div>\n<\/div>\n\n\n\n<div class=\"wp-container-16 wp-block-columns are-vertically-aligned-center\">\n<div class=\"wp-container-13 wp-block-column is-vertically-aligned-center\" style=\"flex-basis:25%\">\n<figure class=\"wp-block-image size-large\"><img data-attachment-id=\"1315\" data-permalink=\"https:\/\/pmi-del.cebem.org\/?attachment_id=1315\" data-orig-file=\"https:\/\/i0.wp.com\/pmi-del.cebem.org\/wp-content\/uploads\/2019\/12\/bp-natue-14.jpg?fit=685%2C960&amp;ssl=1\" data-orig-size=\"685,960\" data-comments-opened=\"1\" data-image-meta=\"{&quot;aperture&quot;:&quot;0&quot;,&quot;credit&quot;:&quot;&quot;,&quot;camera&quot;:&quot;&quot;,&quot;caption&quot;:&quot;&quot;,&quot;created_timestamp&quot;:&quot;0&quot;,&quot;copyright&quot;:&quot;&quot;,&quot;focal_length&quot;:&quot;0&quot;,&quot;iso&quot;:&quot;0&quot;,&quot;shutter_speed&quot;:&quot;0&quot;,&quot;title&quot;:&quot;&quot;,&quot;orientation&quot;:&quot;0&quot;}\" data-image-title=\"bp-natue-14\" data-image-description=\"\" data-image-caption=\"\" data-medium-file=\"https:\/\/i0.wp.com\/pmi-del.cebem.org\/wp-content\/uploads\/2019\/12\/bp-natue-14.jpg?fit=214%2C300&amp;ssl=1\" data-large-file=\"https:\/\/i0.wp.com\/pmi-del.cebem.org\/wp-content\/uploads\/2019\/12\/bp-natue-14.jpg?fit=685%2C960&amp;ssl=1\" loading=\"lazy\" width=\"685\" height=\"960\" src=\"https:\/\/i0.wp.com\/pmi-del.cebem.org\/wp-content\/uploads\/2019\/12\/bp-natue-14.jpg?resize=685%2C960&#038;ssl=1\" alt=\"\" class=\"wp-image-1315\" srcset=\"https:\/\/i0.wp.com\/pmi-del.cebem.org\/wp-content\/uploads\/2019\/12\/bp-natue-14.jpg?w=685&amp;ssl=1 685w, https:\/\/i0.wp.com\/pmi-del.cebem.org\/wp-content\/uploads\/2019\/12\/bp-natue-14.jpg?resize=214%2C300&amp;ssl=1 214w\" sizes=\"(max-width: 685px) 100vw, 685px\" data-recalc-dims=\"1\" \/><\/figure>\n<\/div>\n\n\n\n<div class=\"wp-container-14 wp-block-column is-vertically-aligned-center\" style=\"flex-basis:50%\">\n<p><strong>El impacto de la presentaci\u00f3n del negocio un ejemplo para los otros.<\/strong><\/p>\n<\/div>\n\n\n\n<div class=\"wp-container-15 wp-block-column is-vertically-aligned-center\" style=\"flex-basis:25%\">\n<figure class=\"wp-block-image size-large\"><img data-attachment-id=\"1316\" data-permalink=\"https:\/\/pmi-del.cebem.org\/?attachment_id=1316\" data-orig-file=\"https:\/\/i0.wp.com\/pmi-del.cebem.org\/wp-content\/uploads\/2019\/12\/bp-natue-15.jpg?fit=497%2C416&amp;ssl=1\" data-orig-size=\"497,416\" data-comments-opened=\"1\" data-image-meta=\"{&quot;aperture&quot;:&quot;0&quot;,&quot;credit&quot;:&quot;&quot;,&quot;camera&quot;:&quot;&quot;,&quot;caption&quot;:&quot;&quot;,&quot;created_timestamp&quot;:&quot;0&quot;,&quot;copyright&quot;:&quot;&quot;,&quot;focal_length&quot;:&quot;0&quot;,&quot;iso&quot;:&quot;0&quot;,&quot;shutter_speed&quot;:&quot;0&quot;,&quot;title&quot;:&quot;&quot;,&quot;orientation&quot;:&quot;0&quot;}\" data-image-title=\"bp-natue-15\" data-image-description=\"\" data-image-caption=\"\" data-medium-file=\"https:\/\/i0.wp.com\/pmi-del.cebem.org\/wp-content\/uploads\/2019\/12\/bp-natue-15.jpg?fit=300%2C251&amp;ssl=1\" data-large-file=\"https:\/\/i0.wp.com\/pmi-del.cebem.org\/wp-content\/uploads\/2019\/12\/bp-natue-15.jpg?fit=497%2C416&amp;ssl=1\" loading=\"lazy\" width=\"497\" height=\"416\" src=\"https:\/\/i0.wp.com\/pmi-del.cebem.org\/wp-content\/uploads\/2019\/12\/bp-natue-15.jpg?resize=497%2C416&#038;ssl=1\" alt=\"\" class=\"wp-image-1316\" srcset=\"https:\/\/i0.wp.com\/pmi-del.cebem.org\/wp-content\/uploads\/2019\/12\/bp-natue-15.jpg?w=497&amp;ssl=1 497w, https:\/\/i0.wp.com\/pmi-del.cebem.org\/wp-content\/uploads\/2019\/12\/bp-natue-15.jpg?resize=300%2C251&amp;ssl=1 300w\" sizes=\"(max-width: 497px) 100vw, 497px\" data-recalc-dims=\"1\" \/><\/figure>\n<\/div>\n<\/div>\n\n\n\n<p class=\"has-text-align-justify\">La empresa ha asimilado la metodolog\u00eda del manual. <br>Ya son participantes junto con el profesor en todos los talleres. <br>Son como mentores para los otros.<br>Alianza  con las cesteras. Se estudias canastillas para vender los t\u00e9s. Ello  implica m\u00e1s valor para la comercializaci\u00f3n. \u201cEn las ferias  internacionales, que contengan un surtido de t\u00e9s. Un concepto m\u00e1s  artesanal\u201d<\/p>\n\n\n\n<h3>Atacar los mercados y consolidar la marca NATUE<\/h3>\n\n\n\n<p class=\"has-text-align-justify\">Los factores del capital intangible no son suficientes, se requer\u00eda  conocer lo que es un negocio en el mercado, hoy dia, en Cochabamba y en  el pa\u00eds. Hay que aprender a hacerlo con escasos recursos.<\/p>\n\n\n\n<div class=\"wp-block-image\"><figure class=\"aligncenter size-large\"><img data-attachment-id=\"1326\" data-permalink=\"https:\/\/pmi-del.cebem.org\/?attachment_id=1326\" data-orig-file=\"https:\/\/i0.wp.com\/pmi-del.cebem.org\/wp-content\/uploads\/2019\/12\/bp-natue-24.jpg?fit=599%2C200&amp;ssl=1\" data-orig-size=\"599,200\" data-comments-opened=\"1\" data-image-meta=\"{&quot;aperture&quot;:&quot;0&quot;,&quot;credit&quot;:&quot;&quot;,&quot;camera&quot;:&quot;&quot;,&quot;caption&quot;:&quot;&quot;,&quot;created_timestamp&quot;:&quot;0&quot;,&quot;copyright&quot;:&quot;&quot;,&quot;focal_length&quot;:&quot;0&quot;,&quot;iso&quot;:&quot;0&quot;,&quot;shutter_speed&quot;:&quot;0&quot;,&quot;title&quot;:&quot;&quot;,&quot;orientation&quot;:&quot;0&quot;}\" data-image-title=\"bp-natue-24\" data-image-description=\"\" data-image-caption=\"\" data-medium-file=\"https:\/\/i0.wp.com\/pmi-del.cebem.org\/wp-content\/uploads\/2019\/12\/bp-natue-24.jpg?fit=300%2C100&amp;ssl=1\" data-large-file=\"https:\/\/i0.wp.com\/pmi-del.cebem.org\/wp-content\/uploads\/2019\/12\/bp-natue-24.jpg?fit=599%2C200&amp;ssl=1\" loading=\"lazy\" width=\"599\" height=\"200\" src=\"https:\/\/i0.wp.com\/pmi-del.cebem.org\/wp-content\/uploads\/2019\/12\/bp-natue-24.jpg?resize=599%2C200&#038;ssl=1\" alt=\"\" class=\"wp-image-1326\" srcset=\"https:\/\/i0.wp.com\/pmi-del.cebem.org\/wp-content\/uploads\/2019\/12\/bp-natue-24.jpg?w=599&amp;ssl=1 599w, https:\/\/i0.wp.com\/pmi-del.cebem.org\/wp-content\/uploads\/2019\/12\/bp-natue-24.jpg?resize=300%2C100&amp;ssl=1 300w\" sizes=\"(max-width: 599px) 100vw, 599px\" data-recalc-dims=\"1\" \/><\/figure><\/div>\n\n\n\n<div class=\"wp-block-image\"><figure class=\"aligncenter size-large\"><img data-attachment-id=\"1327\" data-permalink=\"https:\/\/pmi-del.cebem.org\/?attachment_id=1327\" data-orig-file=\"https:\/\/i0.wp.com\/pmi-del.cebem.org\/wp-content\/uploads\/2019\/12\/bp-natue-25.jpg?fit=600%2C400&amp;ssl=1\" data-orig-size=\"600,400\" data-comments-opened=\"1\" data-image-meta=\"{&quot;aperture&quot;:&quot;0&quot;,&quot;credit&quot;:&quot;&quot;,&quot;camera&quot;:&quot;&quot;,&quot;caption&quot;:&quot;&quot;,&quot;created_timestamp&quot;:&quot;0&quot;,&quot;copyright&quot;:&quot;&quot;,&quot;focal_length&quot;:&quot;0&quot;,&quot;iso&quot;:&quot;0&quot;,&quot;shutter_speed&quot;:&quot;0&quot;,&quot;title&quot;:&quot;&quot;,&quot;orientation&quot;:&quot;0&quot;}\" data-image-title=\"bp-natue-25\" data-image-description=\"\" data-image-caption=\"\" data-medium-file=\"https:\/\/i0.wp.com\/pmi-del.cebem.org\/wp-content\/uploads\/2019\/12\/bp-natue-25.jpg?fit=300%2C200&amp;ssl=1\" data-large-file=\"https:\/\/i0.wp.com\/pmi-del.cebem.org\/wp-content\/uploads\/2019\/12\/bp-natue-25.jpg?fit=600%2C400&amp;ssl=1\" loading=\"lazy\" width=\"600\" height=\"400\" src=\"https:\/\/i0.wp.com\/pmi-del.cebem.org\/wp-content\/uploads\/2019\/12\/bp-natue-25.jpg?resize=600%2C400&#038;ssl=1\" alt=\"\" class=\"wp-image-1327\" srcset=\"https:\/\/i0.wp.com\/pmi-del.cebem.org\/wp-content\/uploads\/2019\/12\/bp-natue-25.jpg?w=600&amp;ssl=1 600w, https:\/\/i0.wp.com\/pmi-del.cebem.org\/wp-content\/uploads\/2019\/12\/bp-natue-25.jpg?resize=300%2C200&amp;ssl=1 300w\" sizes=\"(max-width: 600px) 100vw, 600px\" data-recalc-dims=\"1\" \/><\/figure><\/div>\n\n\n\n<h3>El aporte del curso fue muy importante y decisivo<\/h3>\n\n\n\n<div class=\"wp-block-media-text is-stacked-on-mobile\" style=\"grid-template-columns:44% auto\"><figure class=\"wp-block-media-text__media\"><img data-attachment-id=\"1323\" data-permalink=\"https:\/\/pmi-del.cebem.org\/?attachment_id=1323\" data-orig-file=\"https:\/\/i0.wp.com\/pmi-del.cebem.org\/wp-content\/uploads\/2019\/12\/bp-natue-22.jpg?fit=730%2C850&amp;ssl=1\" data-orig-size=\"730,850\" data-comments-opened=\"1\" data-image-meta=\"{&quot;aperture&quot;:&quot;0&quot;,&quot;credit&quot;:&quot;&quot;,&quot;camera&quot;:&quot;&quot;,&quot;caption&quot;:&quot;&quot;,&quot;created_timestamp&quot;:&quot;1576088088&quot;,&quot;copyright&quot;:&quot;&quot;,&quot;focal_length&quot;:&quot;0&quot;,&quot;iso&quot;:&quot;0&quot;,&quot;shutter_speed&quot;:&quot;0&quot;,&quot;title&quot;:&quot;&quot;,&quot;orientation&quot;:&quot;1&quot;}\" data-image-title=\"bp-natue-22\" data-image-description=\"\" data-image-caption=\"\" data-medium-file=\"https:\/\/i0.wp.com\/pmi-del.cebem.org\/wp-content\/uploads\/2019\/12\/bp-natue-22.jpg?fit=258%2C300&amp;ssl=1\" data-large-file=\"https:\/\/i0.wp.com\/pmi-del.cebem.org\/wp-content\/uploads\/2019\/12\/bp-natue-22.jpg?fit=730%2C850&amp;ssl=1\" loading=\"lazy\" width=\"730\" height=\"850\" src=\"https:\/\/i0.wp.com\/pmi-del.cebem.org\/wp-content\/uploads\/2019\/12\/bp-natue-22.jpg?resize=730%2C850&#038;ssl=1\" alt=\"\" class=\"wp-image-1323\" srcset=\"https:\/\/i0.wp.com\/pmi-del.cebem.org\/wp-content\/uploads\/2019\/12\/bp-natue-22.jpg?w=730&amp;ssl=1 730w, https:\/\/i0.wp.com\/pmi-del.cebem.org\/wp-content\/uploads\/2019\/12\/bp-natue-22.jpg?resize=258%2C300&amp;ssl=1 258w\" sizes=\"(max-width: 730px) 100vw, 730px\" data-recalc-dims=\"1\" \/><\/figure><div class=\"wp-block-media-text__content\">\n<p class=\"has-text-align-justify has-normal-font-size\">Con el partenariado entre los municipios de Truro y de Vinto, los  entrenamientos que acudieron a la capacitaci\u00f3n aprovecharon la  adecuaci\u00f3n de los materiales a la realidad boliviana.  El programa  Partenarios Municipales impulsado por el gobierno del Canad\u00e1 mediante el  PMI-DEL. Un grupo variado de peque\u00f1os productores aprendieron sobre  negocios y se beneficiaron de un intercambio entre los diferentes  emprendimientos.<br> \u201cUn gran impulso el curso, se vieron cosas que hab\u00eda que aplicar en la  empresa, aumentando las exigencias. Ya est\u00e1n aqu\u00ed todas las maquinas\u201d.<br> \u201cSe vieron los momentos de innovaci\u00f3n, propuesta \u00fanica de mercado,  lugares para vender (tiendas de productos naturales)\u201d  \u201cse ha abierto a  la visi\u00f3n de mercado y a la diversificaci\u00f3n de productos y modificaci\u00f3n  de procesos\u201d.  \u201cLa pr\u00f3xima partida de c\u00farcuma vendr\u00e1 con pimienta  negra\u201d.<\/p>\n<\/div><\/div>\n\n\n\n<blockquote class=\"wp-block-quote is-style-default\"><p><strong>Lo m\u00e1s importante<\/strong><br>No existe en Cochabamba un ambiente amigable para negocios con racionalidad empresarial. El ambiente es de informalidad y desorden.<br> Todo depende de la intuici\u00f3n y la capacidad de riesgo y sacrificio personal sin perspectivas claras de futuro.  Basados en la sobreexplotaci\u00f3n de sus recursos personales y familiares, el resultado es el circulo vicioso de la pobreza y no el desarrollo econ\u00f3mico local.<br> El curso ha sido una oportunidad. No existen muchas alternativas.<br> Estas asociaciones de productores pueden constituir un faro que contribuya con ideas en ambiente econ\u00f3mico de peque\u00f1os empresarios que representan m\u00e1s del 70 % de los negocios. Un plan de negocios si es posible y sirve mucho.<\/p><\/blockquote>\n\n\n\n<p><a href=\"https:\/\/www.facebook.com\/natuecorp\/\" target=\"_blank\" rel=\"noreferrer noopener\" aria-label=\"Visite su p\u00e1gina en Facebook (opens in a new tab)\">Visite su p\u00e1gina en Facebook<\/a><\/p>\n","protected":false},"excerpt":{"rendered":"<p>Los miembros de la familia aportan confianza mutua, que, trat\u00e1ndose de  negocios es un factor muy importante y cuesta mucho a los que no lo  tienen.<br \/>\nLa familia no escatima el tiempo ni se tiene un horario. No existe burocracia.<\/p>\n","protected":false},"author":3,"featured_media":1312,"comment_status":"closed","ping_status":"closed","sticky":false,"template":"","format":"standard","meta":{"jetpack_publicize_message":"#BuenasPr\u00e1cticas PMI-DEL: \u201cLa familia NATUE\u201d, empresa familiar\n\nEn muchos casos el ambiente familiar es un gran capital que facilita el \u00e9xito del emprendimiento.","jetpack_is_tweetstorm":false,"jetpack_publicize_feature_enabled":true},"categories":[31],"tags":[27,32],"jetpack_publicize_connections":[],"jetpack_featured_media_url":"https:\/\/i0.wp.com\/pmi-del.cebem.org\/wp-content\/uploads\/2019\/12\/bp-natue-11.jpg?fit=698%2C393&ssl=1","jetpack_sharing_enabled":true,"jetpack_shortlink":"https:\/\/wp.me\/p9d00R-kZ","_links":{"self":[{"href":"https:\/\/pmi-del.cebem.org\/index.php?rest_route=\/wp\/v2\/posts\/1301"}],"collection":[{"href":"https:\/\/pmi-del.cebem.org\/index.php?rest_route=\/wp\/v2\/posts"}],"about":[{"href":"https:\/\/pmi-del.cebem.org\/index.php?rest_route=\/wp\/v2\/types\/post"}],"author":[{"embeddable":true,"href":"https:\/\/pmi-del.cebem.org\/index.php?rest_route=\/wp\/v2\/users\/3"}],"replies":[{"embeddable":true,"href":"https:\/\/pmi-del.cebem.org\/index.php?rest_route=%2Fwp%2Fv2%2Fcomments&post=1301"}],"version-history":[{"count":17,"href":"https:\/\/pmi-del.cebem.org\/index.php?rest_route=\/wp\/v2\/posts\/1301\/revisions"}],"predecessor-version":[{"id":1344,"href":"https:\/\/pmi-del.cebem.org\/index.php?rest_route=\/wp\/v2\/posts\/1301\/revisions\/1344"}],"wp:featuredmedia":[{"embeddable":true,"href":"https:\/\/pmi-del.cebem.org\/index.php?rest_route=\/wp\/v2\/media\/1312"}],"wp:attachment":[{"href":"https:\/\/pmi-del.cebem.org\/index.php?rest_route=%2Fwp%2Fv2%2Fmedia&parent=1301"}],"wp:term":[{"taxonomy":"category","embeddable":true,"href":"https:\/\/pmi-del.cebem.org\/index.php?rest_route=%2Fwp%2Fv2%2Fcategories&post=1301"},{"taxonomy":"post_tag","embeddable":true,"href":"https:\/\/pmi-del.cebem.org\/index.php?rest_route=%2Fwp%2Fv2%2Ftags&post=1301"}],"curies":[{"name":"wp","href":"https:\/\/api.w.org\/{rel}","templated":true}]}}