{"id":1259,"date":"2019-11-27T12:26:48","date_gmt":"2019-11-27T16:26:48","guid":{"rendered":"http:\/\/pmi-del.cebem.org\/?p=1259"},"modified":"2019-12-13T17:25:48","modified_gmt":"2019-12-13T21:25:48","slug":"las-buenas-practicas-de-la-asociacion-de-productores-lecheros-de-vinto","status":"publish","type":"post","link":"https:\/\/pmi-del.cebem.org\/?p=1259","title":{"rendered":"Buenas Pr\u00e1cticas PMI-DEL"},"content":{"rendered":"\n<hr class=\"wp-block-separator is-style-wide\"\/>\n\n\n\n<h2 class=\"has-text-align-center\">Las buenas pr\u00e1cticas de la asociaci\u00f3n de productores lecheros de Vinto<\/h2>\n\n\n\n<p class=\"has-background has-text-align-center has-medium-font-size has-very-light-gray-background-color\"><strong>Superando la precariedad de la informalidad<\/strong><br>La asociaci\u00f3n de productores y la pol\u00edtica de apoyo municipal son los dos caminos que han abierto las posibilidades de negocios.<br>Que la competitividad no dependa de la depreciaci\u00f3n de la mano de obra y de la sobreexplotaci\u00f3n de los recursos familiares.<\/p>\n\n\n\n<p class=\"has-text-align-left has-medium-font-size\"><strong>Tres asociaciones se han unido para\nconstituir ASOPROD<\/strong><\/p>\n\n\n\n<figure class=\"wp-block-image size-large\"><img data-attachment-id=\"1262\" data-permalink=\"https:\/\/pmi-del.cebem.org\/?attachment_id=1262\" data-orig-file=\"https:\/\/i0.wp.com\/pmi-del.cebem.org\/wp-content\/uploads\/2019\/11\/bp-vinto-01.jpg?fit=1350%2C761&amp;ssl=1\" data-orig-size=\"1350,761\" data-comments-opened=\"1\" data-image-meta=\"{&quot;aperture&quot;:&quot;0&quot;,&quot;credit&quot;:&quot;&quot;,&quot;camera&quot;:&quot;&quot;,&quot;caption&quot;:&quot;&quot;,&quot;created_timestamp&quot;:&quot;0&quot;,&quot;copyright&quot;:&quot;&quot;,&quot;focal_length&quot;:&quot;0&quot;,&quot;iso&quot;:&quot;0&quot;,&quot;shutter_speed&quot;:&quot;0&quot;,&quot;title&quot;:&quot;&quot;,&quot;orientation&quot;:&quot;0&quot;}\" data-image-title=\"bp-vinto-01\" data-image-description=\"\" data-image-caption=\"\" data-medium-file=\"https:\/\/i0.wp.com\/pmi-del.cebem.org\/wp-content\/uploads\/2019\/11\/bp-vinto-01.jpg?fit=300%2C169&amp;ssl=1\" data-large-file=\"https:\/\/i0.wp.com\/pmi-del.cebem.org\/wp-content\/uploads\/2019\/11\/bp-vinto-01.jpg?fit=750%2C423&amp;ssl=1\" loading=\"lazy\" width=\"750\" height=\"423\" src=\"https:\/\/i0.wp.com\/pmi-del.cebem.org\/wp-content\/uploads\/2019\/11\/bp-vinto-01.jpg?resize=750%2C423&#038;ssl=1\" alt=\"\" class=\"wp-image-1262\" srcset=\"https:\/\/i0.wp.com\/pmi-del.cebem.org\/wp-content\/uploads\/2019\/11\/bp-vinto-01.jpg?resize=1024%2C577&amp;ssl=1 1024w, https:\/\/i0.wp.com\/pmi-del.cebem.org\/wp-content\/uploads\/2019\/11\/bp-vinto-01.jpg?resize=300%2C169&amp;ssl=1 300w, https:\/\/i0.wp.com\/pmi-del.cebem.org\/wp-content\/uploads\/2019\/11\/bp-vinto-01.jpg?resize=768%2C433&amp;ssl=1 768w, https:\/\/i0.wp.com\/pmi-del.cebem.org\/wp-content\/uploads\/2019\/11\/bp-vinto-01.jpg?w=1350&amp;ssl=1 1350w\" sizes=\"(max-width: 750px) 100vw, 750px\" data-recalc-dims=\"1\" \/><figcaption> El nombre de Machajmarca le viene de que antiguamente era una zona de producci\u00f3n de chicha de ma\u00edz.<\/figcaption><\/figure>\n\n\n\n<p class=\"has-text-align-left has-medium-font-size\"><strong>Tres m\u00f3dulos que ayudan a 30 familias aproximadamente cada uno<\/strong>.&nbsp; <\/p>\n\n\n\n<figure class=\"wp-block-image size-large\"><img data-attachment-id=\"1263\" data-permalink=\"https:\/\/pmi-del.cebem.org\/?attachment_id=1263\" data-orig-file=\"https:\/\/i0.wp.com\/pmi-del.cebem.org\/wp-content\/uploads\/2019\/11\/bp-vinto-02.jpg?fit=1035%2C583&amp;ssl=1\" data-orig-size=\"1035,583\" data-comments-opened=\"1\" data-image-meta=\"{&quot;aperture&quot;:&quot;0&quot;,&quot;credit&quot;:&quot;&quot;,&quot;camera&quot;:&quot;&quot;,&quot;caption&quot;:&quot;&quot;,&quot;created_timestamp&quot;:&quot;0&quot;,&quot;copyright&quot;:&quot;&quot;,&quot;focal_length&quot;:&quot;0&quot;,&quot;iso&quot;:&quot;0&quot;,&quot;shutter_speed&quot;:&quot;0&quot;,&quot;title&quot;:&quot;&quot;,&quot;orientation&quot;:&quot;0&quot;}\" data-image-title=\"bp-vinto-02\" data-image-description=\"\" data-image-caption=\"\" data-medium-file=\"https:\/\/i0.wp.com\/pmi-del.cebem.org\/wp-content\/uploads\/2019\/11\/bp-vinto-02.jpg?fit=300%2C169&amp;ssl=1\" data-large-file=\"https:\/\/i0.wp.com\/pmi-del.cebem.org\/wp-content\/uploads\/2019\/11\/bp-vinto-02.jpg?fit=750%2C423&amp;ssl=1\" loading=\"lazy\" width=\"750\" height=\"423\" src=\"https:\/\/i0.wp.com\/pmi-del.cebem.org\/wp-content\/uploads\/2019\/11\/bp-vinto-02.jpg?resize=750%2C423&#038;ssl=1\" alt=\"\" class=\"wp-image-1263\" srcset=\"https:\/\/i0.wp.com\/pmi-del.cebem.org\/wp-content\/uploads\/2019\/11\/bp-vinto-02.jpg?resize=1024%2C577&amp;ssl=1 1024w, https:\/\/i0.wp.com\/pmi-del.cebem.org\/wp-content\/uploads\/2019\/11\/bp-vinto-02.jpg?resize=300%2C169&amp;ssl=1 300w, https:\/\/i0.wp.com\/pmi-del.cebem.org\/wp-content\/uploads\/2019\/11\/bp-vinto-02.jpg?resize=768%2C433&amp;ssl=1 768w, https:\/\/i0.wp.com\/pmi-del.cebem.org\/wp-content\/uploads\/2019\/11\/bp-vinto-02.jpg?w=1035&amp;ssl=1 1035w\" sizes=\"(max-width: 750px) 100vw, 750px\" data-recalc-dims=\"1\" \/><\/figure>\n\n\n\n<p class=\"has-text-align-justify\">La empresa estatal PIL Andina otorga un cupo de 3.200 l, que son acumulados\npor 30 familias de cada sector. Se paga 3,20 por litro y los excedentes los\npaga a 1,7<\/p>\n\n\n\n<p class=\"has-text-align-justify\">Se les utiliza solo como\nproductores con la entrega de la materia prima, la leche en, sus condiciones.\nPrecios entre Bs 3,30 a 3,20 y con un cupo. <\/p>\n\n\n\n<figure class=\"wp-block-image size-large\"><img data-attachment-id=\"1264\" data-permalink=\"https:\/\/pmi-del.cebem.org\/?attachment_id=1264\" data-orig-file=\"https:\/\/i0.wp.com\/pmi-del.cebem.org\/wp-content\/uploads\/2019\/11\/bp-vinto-03.jpg?fit=741%2C418&amp;ssl=1\" data-orig-size=\"741,418\" data-comments-opened=\"1\" data-image-meta=\"{&quot;aperture&quot;:&quot;0&quot;,&quot;credit&quot;:&quot;&quot;,&quot;camera&quot;:&quot;&quot;,&quot;caption&quot;:&quot;&quot;,&quot;created_timestamp&quot;:&quot;0&quot;,&quot;copyright&quot;:&quot;&quot;,&quot;focal_length&quot;:&quot;0&quot;,&quot;iso&quot;:&quot;0&quot;,&quot;shutter_speed&quot;:&quot;0&quot;,&quot;title&quot;:&quot;&quot;,&quot;orientation&quot;:&quot;0&quot;}\" data-image-title=\"bp-vinto-03\" data-image-description=\"\" data-image-caption=\"\" data-medium-file=\"https:\/\/i0.wp.com\/pmi-del.cebem.org\/wp-content\/uploads\/2019\/11\/bp-vinto-03.jpg?fit=300%2C169&amp;ssl=1\" data-large-file=\"https:\/\/i0.wp.com\/pmi-del.cebem.org\/wp-content\/uploads\/2019\/11\/bp-vinto-03.jpg?fit=741%2C418&amp;ssl=1\" loading=\"lazy\" width=\"741\" height=\"418\" src=\"https:\/\/i0.wp.com\/pmi-del.cebem.org\/wp-content\/uploads\/2019\/11\/bp-vinto-03.jpg?resize=741%2C418&#038;ssl=1\" alt=\"\" class=\"wp-image-1264\" srcset=\"https:\/\/i0.wp.com\/pmi-del.cebem.org\/wp-content\/uploads\/2019\/11\/bp-vinto-03.jpg?w=741&amp;ssl=1 741w, https:\/\/i0.wp.com\/pmi-del.cebem.org\/wp-content\/uploads\/2019\/11\/bp-vinto-03.jpg?resize=300%2C169&amp;ssl=1 300w\" sizes=\"(max-width: 741px) 100vw, 741px\" data-recalc-dims=\"1\" \/><\/figure>\n\n\n\n<p class=\"has-text-align-justify\">Gracias al\nequipamiento de los m\u00f3dulos pueden mantener la leche 24 horas para llevarla a\nPIL Andina. <\/p>\n\n\n\n<p class=\"has-text-align-justify\">La\ninfraestructura, como centro piloto para mostrar c\u00f3mo puede ser el proyecto\npropio, sin las limitaciones de la PIL que baja precio y cupos.<\/p>\n\n\n\n<p class=\"has-text-align-justify\">Permiten\naprovechar sus oportunidades:&nbsp; buena\nalimentaci\u00f3n, buena agua de la cordillera del Tunari.&nbsp; Es un factor importante de valor a su\nproducto<\/p>\n\n\n\n<p class=\"has-text-align-justify\">Conciencia de los\nproductores empe\u00f1ados en la mejora de la calidad de la leche mediante el\ncuidado del medio ambiente.&nbsp; &nbsp;La mayor parte del ganado se alimenta en campo\nabierto, de forma tradicional. Una cantidad creciente de vacas est\u00e1 estabulada\nen granjas modelo. <\/p>\n\n\n\n<p class=\"has-text-align-justify\">La principal alimentaci\u00f3n\nes la alfalfa y el silo (ma\u00edz verde picado) Tambi\u00e9n se les proporciona alimentos\nbalanceados con minerales.<\/p>\n\n\n\n<p class=\"has-medium-font-size\"><strong>Estrategia dejar de depender de PIL Andina<\/strong><strong><\/strong><\/p>\n\n\n\n<figure class=\"wp-block-image size-large\"><img data-attachment-id=\"1265\" data-permalink=\"https:\/\/pmi-del.cebem.org\/?attachment_id=1265\" data-orig-file=\"https:\/\/i0.wp.com\/pmi-del.cebem.org\/wp-content\/uploads\/2019\/11\/bp-vinto-04.jpg?fit=917%2C517&amp;ssl=1\" data-orig-size=\"917,517\" data-comments-opened=\"1\" data-image-meta=\"{&quot;aperture&quot;:&quot;0&quot;,&quot;credit&quot;:&quot;&quot;,&quot;camera&quot;:&quot;&quot;,&quot;caption&quot;:&quot;&quot;,&quot;created_timestamp&quot;:&quot;0&quot;,&quot;copyright&quot;:&quot;&quot;,&quot;focal_length&quot;:&quot;0&quot;,&quot;iso&quot;:&quot;0&quot;,&quot;shutter_speed&quot;:&quot;0&quot;,&quot;title&quot;:&quot;&quot;,&quot;orientation&quot;:&quot;0&quot;}\" data-image-title=\"bp-vinto-04\" data-image-description=\"\" data-image-caption=\"\" data-medium-file=\"https:\/\/i0.wp.com\/pmi-del.cebem.org\/wp-content\/uploads\/2019\/11\/bp-vinto-04.jpg?fit=300%2C169&amp;ssl=1\" data-large-file=\"https:\/\/i0.wp.com\/pmi-del.cebem.org\/wp-content\/uploads\/2019\/11\/bp-vinto-04.jpg?fit=750%2C423&amp;ssl=1\" loading=\"lazy\" width=\"750\" height=\"423\" src=\"https:\/\/i0.wp.com\/pmi-del.cebem.org\/wp-content\/uploads\/2019\/11\/bp-vinto-04.jpg?resize=750%2C423&#038;ssl=1\" alt=\"\" class=\"wp-image-1265\" srcset=\"https:\/\/i0.wp.com\/pmi-del.cebem.org\/wp-content\/uploads\/2019\/11\/bp-vinto-04.jpg?w=917&amp;ssl=1 917w, https:\/\/i0.wp.com\/pmi-del.cebem.org\/wp-content\/uploads\/2019\/11\/bp-vinto-04.jpg?resize=300%2C169&amp;ssl=1 300w, https:\/\/i0.wp.com\/pmi-del.cebem.org\/wp-content\/uploads\/2019\/11\/bp-vinto-04.jpg?resize=768%2C433&amp;ssl=1 768w\" sizes=\"(max-width: 750px) 100vw, 750px\" data-recalc-dims=\"1\" \/><\/figure>\n\n\n\n<p>\u00bfC\u00f3mo vencer esta obst\u00e1culo tan limitante?<\/p>\n\n\n\n<p class=\"has-text-align-justify\">Hace tres a\u00f1os la PIL recog\u00eda sin\nlimite la producci\u00f3n. Pero la importaci\u00f3n de otros pa\u00edses les ha afectado a los\nproductores. &nbsp;Les dan un cupo, lo que les\nimpide un desarrollo de su actividad. &nbsp;<\/p>\n\n\n\n<p>Hoy, ellos buscan otros mercados.<\/p>\n\n\n\n<p class=\"has-text-align-justify\">Han participado en la\ncapacitaci\u00f3n para armar su negocio y no depender de una sola empresa. <\/p>\n\n\n\n<p class=\"has-text-align-justify\">La infraestructura, como centro\npiloto, es una de las bases para mostrar c\u00f3mo puede ser un proyecto propio,\nsalvando en parte las limitaciones que les impone la PIL: baja precio y cupos. <\/p>\n\n\n\n<p class=\"has-medium-font-size\"><strong>Mercado diversificado<\/strong><\/p>\n\n\n\n<p class=\"has-text-align-justify\">El Municipio apoya, comprando el\ndesayuno escolar. Que ellos puedan proveer la raci\u00f3n liquida del desayuno\nescolar al igual que otras productoras.<\/p>\n\n\n\n<figure class=\"wp-block-image size-large\"><img data-attachment-id=\"1266\" data-permalink=\"https:\/\/pmi-del.cebem.org\/?attachment_id=1266\" data-orig-file=\"https:\/\/i0.wp.com\/pmi-del.cebem.org\/wp-content\/uploads\/2019\/11\/bp-vinto-05.jpg?fit=1350%2C761&amp;ssl=1\" data-orig-size=\"1350,761\" data-comments-opened=\"1\" data-image-meta=\"{&quot;aperture&quot;:&quot;0&quot;,&quot;credit&quot;:&quot;&quot;,&quot;camera&quot;:&quot;&quot;,&quot;caption&quot;:&quot;&quot;,&quot;created_timestamp&quot;:&quot;0&quot;,&quot;copyright&quot;:&quot;&quot;,&quot;focal_length&quot;:&quot;0&quot;,&quot;iso&quot;:&quot;0&quot;,&quot;shutter_speed&quot;:&quot;0&quot;,&quot;title&quot;:&quot;&quot;,&quot;orientation&quot;:&quot;0&quot;}\" data-image-title=\"bp-vinto-05\" data-image-description=\"\" data-image-caption=\"\" data-medium-file=\"https:\/\/i0.wp.com\/pmi-del.cebem.org\/wp-content\/uploads\/2019\/11\/bp-vinto-05.jpg?fit=300%2C169&amp;ssl=1\" data-large-file=\"https:\/\/i0.wp.com\/pmi-del.cebem.org\/wp-content\/uploads\/2019\/11\/bp-vinto-05.jpg?fit=750%2C423&amp;ssl=1\" loading=\"lazy\" width=\"750\" height=\"423\" src=\"https:\/\/i0.wp.com\/pmi-del.cebem.org\/wp-content\/uploads\/2019\/11\/bp-vinto-05.jpg?resize=750%2C423&#038;ssl=1\" alt=\"\" class=\"wp-image-1266\" srcset=\"https:\/\/i0.wp.com\/pmi-del.cebem.org\/wp-content\/uploads\/2019\/11\/bp-vinto-05.jpg?resize=1024%2C577&amp;ssl=1 1024w, https:\/\/i0.wp.com\/pmi-del.cebem.org\/wp-content\/uploads\/2019\/11\/bp-vinto-05.jpg?resize=300%2C169&amp;ssl=1 300w, https:\/\/i0.wp.com\/pmi-del.cebem.org\/wp-content\/uploads\/2019\/11\/bp-vinto-05.jpg?resize=768%2C433&amp;ssl=1 768w, https:\/\/i0.wp.com\/pmi-del.cebem.org\/wp-content\/uploads\/2019\/11\/bp-vinto-05.jpg?w=1350&amp;ssl=1 1350w\" sizes=\"(max-width: 750px) 100vw, 750px\" data-recalc-dims=\"1\" \/><\/figure>\n\n\n\n<p class=\"has-medium-font-size\"><strong>La producci\u00f3n de derivados <\/strong><\/p>\n\n\n\n<p class=\"has-text-align-justify\">Es f\u00e1cil y tambi\u00e9n una forma de\ndefenderse de las limitaciones de la PIL<\/p>\n\n\n\n<p class=\"has-text-align-justify\">Hay que vencer\nobst\u00e1culos como la comercializaci\u00f3n, conseguir la personer\u00eda jur\u00eddica para\nvender al municipio y obtener la certificaci\u00f3n del Servicio Nacional de Sanidad\nAgroindustrial y Ganadera SENASAG<\/p>\n\n\n\n<figure class=\"wp-block-image size-large\"><img data-attachment-id=\"1267\" data-permalink=\"https:\/\/pmi-del.cebem.org\/?attachment_id=1267\" data-orig-file=\"https:\/\/i0.wp.com\/pmi-del.cebem.org\/wp-content\/uploads\/2019\/11\/bp-vinto-06.jpg?fit=1350%2C761&amp;ssl=1\" data-orig-size=\"1350,761\" data-comments-opened=\"1\" data-image-meta=\"{&quot;aperture&quot;:&quot;0&quot;,&quot;credit&quot;:&quot;&quot;,&quot;camera&quot;:&quot;&quot;,&quot;caption&quot;:&quot;&quot;,&quot;created_timestamp&quot;:&quot;0&quot;,&quot;copyright&quot;:&quot;&quot;,&quot;focal_length&quot;:&quot;0&quot;,&quot;iso&quot;:&quot;0&quot;,&quot;shutter_speed&quot;:&quot;0&quot;,&quot;title&quot;:&quot;&quot;,&quot;orientation&quot;:&quot;0&quot;}\" data-image-title=\"bp-vinto-06\" data-image-description=\"\" data-image-caption=\"\" data-medium-file=\"https:\/\/i0.wp.com\/pmi-del.cebem.org\/wp-content\/uploads\/2019\/11\/bp-vinto-06.jpg?fit=300%2C169&amp;ssl=1\" data-large-file=\"https:\/\/i0.wp.com\/pmi-del.cebem.org\/wp-content\/uploads\/2019\/11\/bp-vinto-06.jpg?fit=750%2C423&amp;ssl=1\" loading=\"lazy\" width=\"750\" height=\"423\" src=\"https:\/\/i0.wp.com\/pmi-del.cebem.org\/wp-content\/uploads\/2019\/11\/bp-vinto-06.jpg?resize=750%2C423&#038;ssl=1\" alt=\"\" class=\"wp-image-1267\" srcset=\"https:\/\/i0.wp.com\/pmi-del.cebem.org\/wp-content\/uploads\/2019\/11\/bp-vinto-06.jpg?resize=1024%2C577&amp;ssl=1 1024w, https:\/\/i0.wp.com\/pmi-del.cebem.org\/wp-content\/uploads\/2019\/11\/bp-vinto-06.jpg?resize=300%2C169&amp;ssl=1 300w, https:\/\/i0.wp.com\/pmi-del.cebem.org\/wp-content\/uploads\/2019\/11\/bp-vinto-06.jpg?resize=768%2C433&amp;ssl=1 768w, https:\/\/i0.wp.com\/pmi-del.cebem.org\/wp-content\/uploads\/2019\/11\/bp-vinto-06.jpg?w=1350&amp;ssl=1 1350w\" sizes=\"(max-width: 750px) 100vw, 750px\" data-recalc-dims=\"1\" \/><\/figure>\n\n\n\n<p class=\"has-medium-font-size\"><strong>Con el excedente elaboran derivados como\nson el yogurt<\/strong> <\/p>\n\n\n\n<figure class=\"wp-block-image size-large\"><img data-attachment-id=\"1268\" data-permalink=\"https:\/\/pmi-del.cebem.org\/?attachment_id=1268\" data-orig-file=\"https:\/\/i0.wp.com\/pmi-del.cebem.org\/wp-content\/uploads\/2019\/11\/bp-vinto-07.jpg?fit=990%2C558&amp;ssl=1\" data-orig-size=\"990,558\" data-comments-opened=\"1\" data-image-meta=\"{&quot;aperture&quot;:&quot;0&quot;,&quot;credit&quot;:&quot;&quot;,&quot;camera&quot;:&quot;&quot;,&quot;caption&quot;:&quot;&quot;,&quot;created_timestamp&quot;:&quot;0&quot;,&quot;copyright&quot;:&quot;&quot;,&quot;focal_length&quot;:&quot;0&quot;,&quot;iso&quot;:&quot;0&quot;,&quot;shutter_speed&quot;:&quot;0&quot;,&quot;title&quot;:&quot;&quot;,&quot;orientation&quot;:&quot;0&quot;}\" data-image-title=\"bp-vinto-07\" data-image-description=\"\" data-image-caption=\"\" data-medium-file=\"https:\/\/i0.wp.com\/pmi-del.cebem.org\/wp-content\/uploads\/2019\/11\/bp-vinto-07.jpg?fit=300%2C169&amp;ssl=1\" data-large-file=\"https:\/\/i0.wp.com\/pmi-del.cebem.org\/wp-content\/uploads\/2019\/11\/bp-vinto-07.jpg?fit=750%2C423&amp;ssl=1\" loading=\"lazy\" width=\"750\" height=\"423\" src=\"https:\/\/i0.wp.com\/pmi-del.cebem.org\/wp-content\/uploads\/2019\/11\/bp-vinto-07.jpg?resize=750%2C423&#038;ssl=1\" alt=\"\" class=\"wp-image-1268\" srcset=\"https:\/\/i0.wp.com\/pmi-del.cebem.org\/wp-content\/uploads\/2019\/11\/bp-vinto-07.jpg?w=990&amp;ssl=1 990w, https:\/\/i0.wp.com\/pmi-del.cebem.org\/wp-content\/uploads\/2019\/11\/bp-vinto-07.jpg?resize=300%2C169&amp;ssl=1 300w, https:\/\/i0.wp.com\/pmi-del.cebem.org\/wp-content\/uploads\/2019\/11\/bp-vinto-07.jpg?resize=768%2C433&amp;ssl=1 768w\" sizes=\"(max-width: 750px) 100vw, 750px\" data-recalc-dims=\"1\" \/><\/figure>\n\n\n\n<p class=\"has-text-align-justify\">Pronto se vender\u00e1\nal municipio para el desayuno escolar.&nbsp;\n\u201cNuestros hijos se benefician del desayuno y comen producto muy natural\ny de calidad\u201d.<\/p>\n\n\n\n<p class=\"has-text-align-justify\">Por ahora la\nraci\u00f3n liquida la proporciona otro abastecedor, DELICIA, abastece al municipio.<\/p>\n\n\n\n<p class=\"has-text-align-justify\">\u201cUn tiempo nos\nestaban obligando a consumir los proyectos, yogur, leche y otros de la PIL.\u201d<\/p>\n\n\n\n<p class=\"has-text-align-justify\">\u201cSe han reducido\nlos productores de leche los \u00faltimos a\u00f1os. Han vendido sus vacas para reducir\nla oferta. Era trabajar mucho para la PIL.\u201d<\/p>\n\n\n\n<p class=\"has-medium-font-size\"><strong>Una planta t\u00e9cnica y administrativa peque\u00f1a y eficiente<\/strong><\/p>\n\n\n\n<figure class=\"wp-block-image size-large\"><img data-attachment-id=\"1269\" data-permalink=\"https:\/\/pmi-del.cebem.org\/?attachment_id=1269\" data-orig-file=\"https:\/\/i0.wp.com\/pmi-del.cebem.org\/wp-content\/uploads\/2019\/11\/bp-vinto-08.jpg?fit=1080%2C609&amp;ssl=1\" data-orig-size=\"1080,609\" data-comments-opened=\"1\" data-image-meta=\"{&quot;aperture&quot;:&quot;0&quot;,&quot;credit&quot;:&quot;&quot;,&quot;camera&quot;:&quot;&quot;,&quot;caption&quot;:&quot;&quot;,&quot;created_timestamp&quot;:&quot;0&quot;,&quot;copyright&quot;:&quot;&quot;,&quot;focal_length&quot;:&quot;0&quot;,&quot;iso&quot;:&quot;0&quot;,&quot;shutter_speed&quot;:&quot;0&quot;,&quot;title&quot;:&quot;&quot;,&quot;orientation&quot;:&quot;0&quot;}\" data-image-title=\"bp-vinto-08\" data-image-description=\"\" data-image-caption=\"\" data-medium-file=\"https:\/\/i0.wp.com\/pmi-del.cebem.org\/wp-content\/uploads\/2019\/11\/bp-vinto-08.jpg?fit=300%2C169&amp;ssl=1\" data-large-file=\"https:\/\/i0.wp.com\/pmi-del.cebem.org\/wp-content\/uploads\/2019\/11\/bp-vinto-08.jpg?fit=750%2C423&amp;ssl=1\" loading=\"lazy\" width=\"750\" height=\"423\" src=\"https:\/\/i0.wp.com\/pmi-del.cebem.org\/wp-content\/uploads\/2019\/11\/bp-vinto-08.jpg?resize=750%2C423&#038;ssl=1\" alt=\"\" class=\"wp-image-1269\" srcset=\"https:\/\/i0.wp.com\/pmi-del.cebem.org\/wp-content\/uploads\/2019\/11\/bp-vinto-08.jpg?resize=1024%2C577&amp;ssl=1 1024w, https:\/\/i0.wp.com\/pmi-del.cebem.org\/wp-content\/uploads\/2019\/11\/bp-vinto-08.jpg?resize=300%2C169&amp;ssl=1 300w, https:\/\/i0.wp.com\/pmi-del.cebem.org\/wp-content\/uploads\/2019\/11\/bp-vinto-08.jpg?resize=768%2C433&amp;ssl=1 768w, https:\/\/i0.wp.com\/pmi-del.cebem.org\/wp-content\/uploads\/2019\/11\/bp-vinto-08.jpg?w=1080&amp;ssl=1 1080w\" sizes=\"(max-width: 750px) 100vw, 750px\" data-recalc-dims=\"1\" \/><\/figure>\n\n\n\n<p class=\"has-text-align-justify\">Ingeniero Oscar\nQui\u00f1ones encargado del proyecto. Dos personas m\u00e1s representantes, Rosita C\u00e1ceres\ny Lizi Paichucan. <\/p>\n\n\n\n<p class=\"has-text-align-justify\">Han participado\nde los cursos elaborando su plan de negocios gracias a la Alcald\u00eda y el Proyecto\nde partenariados del Canad\u00e1. <\/p>\n\n\n\n<div class=\"wp-block-image\"><figure class=\"aligncenter size-large\"><img data-attachment-id=\"1270\" data-permalink=\"https:\/\/pmi-del.cebem.org\/?attachment_id=1270\" data-orig-file=\"https:\/\/i0.wp.com\/pmi-del.cebem.org\/wp-content\/uploads\/2019\/11\/bp-vinto-09.jpg?fit=460%2C354&amp;ssl=1\" data-orig-size=\"460,354\" data-comments-opened=\"1\" data-image-meta=\"{&quot;aperture&quot;:&quot;0&quot;,&quot;credit&quot;:&quot;&quot;,&quot;camera&quot;:&quot;&quot;,&quot;caption&quot;:&quot;&quot;,&quot;created_timestamp&quot;:&quot;0&quot;,&quot;copyright&quot;:&quot;&quot;,&quot;focal_length&quot;:&quot;0&quot;,&quot;iso&quot;:&quot;0&quot;,&quot;shutter_speed&quot;:&quot;0&quot;,&quot;title&quot;:&quot;&quot;,&quot;orientation&quot;:&quot;0&quot;}\" data-image-title=\"bp-vinto-09\" data-image-description=\"\" data-image-caption=\"\" data-medium-file=\"https:\/\/i0.wp.com\/pmi-del.cebem.org\/wp-content\/uploads\/2019\/11\/bp-vinto-09.jpg?fit=300%2C231&amp;ssl=1\" data-large-file=\"https:\/\/i0.wp.com\/pmi-del.cebem.org\/wp-content\/uploads\/2019\/11\/bp-vinto-09.jpg?fit=460%2C354&amp;ssl=1\" loading=\"lazy\" width=\"460\" height=\"354\" src=\"https:\/\/i0.wp.com\/pmi-del.cebem.org\/wp-content\/uploads\/2019\/11\/bp-vinto-09.jpg?resize=460%2C354&#038;ssl=1\" alt=\"\" class=\"wp-image-1270\" srcset=\"https:\/\/i0.wp.com\/pmi-del.cebem.org\/wp-content\/uploads\/2019\/11\/bp-vinto-09.jpg?w=460&amp;ssl=1 460w, https:\/\/i0.wp.com\/pmi-del.cebem.org\/wp-content\/uploads\/2019\/11\/bp-vinto-09.jpg?resize=300%2C231&amp;ssl=1 300w\" sizes=\"(max-width: 460px) 100vw, 460px\" data-recalc-dims=\"1\" \/><\/figure><\/div>\n\n\n\n<p class=\"has-text-align-justify\">Como municipio se apoya el\ncomienzo del emprendimiento.&nbsp; Se necesita\nllegar a otros productores y dar trabajo a los j\u00f3venes.&nbsp; Hay que ver con una visi\u00f3n de empresa y\nvalorar el tiempo de los trabajadores.<\/p>\n\n\n\n<p class=\"has-medium-font-size\"><strong>La lecher\u00eda descansa en las mujeres <\/strong><\/p>\n\n\n\n<p class=\"has-text-align-justify\">Proyecto de partenariado con\nCanad\u00e1 se enfoca en especial a las mujeres.&nbsp;\n\u00bfCu\u00e1l es el rol?&nbsp; <\/p>\n\n\n\n<figure class=\"wp-block-image size-large\"><img data-attachment-id=\"1271\" data-permalink=\"https:\/\/pmi-del.cebem.org\/?attachment_id=1271\" data-orig-file=\"https:\/\/i0.wp.com\/pmi-del.cebem.org\/wp-content\/uploads\/2019\/11\/bp-vinto-10.jpg?fit=1117%2C629&amp;ssl=1\" data-orig-size=\"1117,629\" data-comments-opened=\"1\" data-image-meta=\"{&quot;aperture&quot;:&quot;0&quot;,&quot;credit&quot;:&quot;&quot;,&quot;camera&quot;:&quot;&quot;,&quot;caption&quot;:&quot;&quot;,&quot;created_timestamp&quot;:&quot;0&quot;,&quot;copyright&quot;:&quot;&quot;,&quot;focal_length&quot;:&quot;0&quot;,&quot;iso&quot;:&quot;0&quot;,&quot;shutter_speed&quot;:&quot;0&quot;,&quot;title&quot;:&quot;&quot;,&quot;orientation&quot;:&quot;0&quot;}\" data-image-title=\"bp-vinto-10\" data-image-description=\"\" data-image-caption=\"\" data-medium-file=\"https:\/\/i0.wp.com\/pmi-del.cebem.org\/wp-content\/uploads\/2019\/11\/bp-vinto-10.jpg?fit=300%2C169&amp;ssl=1\" data-large-file=\"https:\/\/i0.wp.com\/pmi-del.cebem.org\/wp-content\/uploads\/2019\/11\/bp-vinto-10.jpg?fit=750%2C423&amp;ssl=1\" loading=\"lazy\" width=\"750\" height=\"423\" src=\"https:\/\/i0.wp.com\/pmi-del.cebem.org\/wp-content\/uploads\/2019\/11\/bp-vinto-10.jpg?resize=750%2C423&#038;ssl=1\" alt=\"\" class=\"wp-image-1271\" srcset=\"https:\/\/i0.wp.com\/pmi-del.cebem.org\/wp-content\/uploads\/2019\/11\/bp-vinto-10.jpg?resize=1024%2C577&amp;ssl=1 1024w, https:\/\/i0.wp.com\/pmi-del.cebem.org\/wp-content\/uploads\/2019\/11\/bp-vinto-10.jpg?resize=300%2C169&amp;ssl=1 300w, https:\/\/i0.wp.com\/pmi-del.cebem.org\/wp-content\/uploads\/2019\/11\/bp-vinto-10.jpg?resize=768%2C432&amp;ssl=1 768w, https:\/\/i0.wp.com\/pmi-del.cebem.org\/wp-content\/uploads\/2019\/11\/bp-vinto-10.jpg?w=1117&amp;ssl=1 1117w\" sizes=\"(max-width: 750px) 100vw, 750px\" data-recalc-dims=\"1\" \/><\/figure>\n\n\n\n<p>Las mujeres est\u00e1n muy ocupadas y \u00e9sta es una ocupaci\u00f3n adicional. <\/p>\n\n\n\n<p>Los maridos se van, tienen otros\ntrabajos, la lecher\u00eda no abastece. <\/p>\n\n\n\n<p>Las mujeres atienden a la vaca, a\nlos hijos, al marido, <\/p>\n\n\n\n<p>\u201cPara nosotras no hay feriado, no\nhay descanso, aunque est\u00e9n enfermas\u201d.<\/p>\n\n\n\n<figure class=\"wp-block-image size-large\"><img data-attachment-id=\"1272\" data-permalink=\"https:\/\/pmi-del.cebem.org\/?attachment_id=1272\" data-orig-file=\"https:\/\/i0.wp.com\/pmi-del.cebem.org\/wp-content\/uploads\/2019\/11\/bp-vinto-11.jpg?fit=1350%2C761&amp;ssl=1\" data-orig-size=\"1350,761\" data-comments-opened=\"1\" data-image-meta=\"{&quot;aperture&quot;:&quot;0&quot;,&quot;credit&quot;:&quot;&quot;,&quot;camera&quot;:&quot;&quot;,&quot;caption&quot;:&quot;&quot;,&quot;created_timestamp&quot;:&quot;0&quot;,&quot;copyright&quot;:&quot;&quot;,&quot;focal_length&quot;:&quot;0&quot;,&quot;iso&quot;:&quot;0&quot;,&quot;shutter_speed&quot;:&quot;0&quot;,&quot;title&quot;:&quot;&quot;,&quot;orientation&quot;:&quot;0&quot;}\" data-image-title=\"bp-vinto-11\" data-image-description=\"\" data-image-caption=\"\" data-medium-file=\"https:\/\/i0.wp.com\/pmi-del.cebem.org\/wp-content\/uploads\/2019\/11\/bp-vinto-11.jpg?fit=300%2C169&amp;ssl=1\" data-large-file=\"https:\/\/i0.wp.com\/pmi-del.cebem.org\/wp-content\/uploads\/2019\/11\/bp-vinto-11.jpg?fit=750%2C423&amp;ssl=1\" loading=\"lazy\" width=\"750\" height=\"423\" src=\"https:\/\/i0.wp.com\/pmi-del.cebem.org\/wp-content\/uploads\/2019\/11\/bp-vinto-11.jpg?resize=750%2C423&#038;ssl=1\" alt=\"\" class=\"wp-image-1272\" srcset=\"https:\/\/i0.wp.com\/pmi-del.cebem.org\/wp-content\/uploads\/2019\/11\/bp-vinto-11.jpg?resize=1024%2C577&amp;ssl=1 1024w, https:\/\/i0.wp.com\/pmi-del.cebem.org\/wp-content\/uploads\/2019\/11\/bp-vinto-11.jpg?resize=300%2C169&amp;ssl=1 300w, https:\/\/i0.wp.com\/pmi-del.cebem.org\/wp-content\/uploads\/2019\/11\/bp-vinto-11.jpg?resize=768%2C433&amp;ssl=1 768w, https:\/\/i0.wp.com\/pmi-del.cebem.org\/wp-content\/uploads\/2019\/11\/bp-vinto-11.jpg?w=1350&amp;ssl=1 1350w\" sizes=\"(max-width: 750px) 100vw, 750px\" data-recalc-dims=\"1\" \/><\/figure>\n\n\n\n<p class=\"has-text-align-justify\">Para la misi\u00f3n de amistad de\nTimmins con Vinto ha sido un buen momento que ha permitido conocer la\nexperiencia y el personal de la comunidad, el trabajo del proyecto, sus\nesfuerzos y sus metas. \u201cTenemos buenas ideas en Timmnis, pero tambi\u00e9n hemos aprendido\nde sus ideas, de sus aprendizajes.\u201d Les expresa Kelsi.<\/p>\n\n\n\n<p class=\"has-text-align-justify\">\u201cTenemos productores con los\nmismos problemas\u201d. \u201cHemos hecho este ejercicio en Canad\u00e1 y vemos que es buena\nesta hermandad y ver sus productos\u201d.<\/p>\n\n\n\n<figure class=\"wp-block-image size-large\"><img data-attachment-id=\"1261\" data-permalink=\"https:\/\/pmi-del.cebem.org\/?attachment_id=1261\" data-orig-file=\"https:\/\/i0.wp.com\/pmi-del.cebem.org\/wp-content\/uploads\/2019\/11\/bp-vinto-12.jpg?fit=1350%2C761&amp;ssl=1\" data-orig-size=\"1350,761\" data-comments-opened=\"1\" data-image-meta=\"{&quot;aperture&quot;:&quot;0&quot;,&quot;credit&quot;:&quot;&quot;,&quot;camera&quot;:&quot;&quot;,&quot;caption&quot;:&quot;&quot;,&quot;created_timestamp&quot;:&quot;0&quot;,&quot;copyright&quot;:&quot;&quot;,&quot;focal_length&quot;:&quot;0&quot;,&quot;iso&quot;:&quot;0&quot;,&quot;shutter_speed&quot;:&quot;0&quot;,&quot;title&quot;:&quot;&quot;,&quot;orientation&quot;:&quot;0&quot;}\" data-image-title=\"bp-vinto-12\" data-image-description=\"\" data-image-caption=\"\" data-medium-file=\"https:\/\/i0.wp.com\/pmi-del.cebem.org\/wp-content\/uploads\/2019\/11\/bp-vinto-12.jpg?fit=300%2C169&amp;ssl=1\" data-large-file=\"https:\/\/i0.wp.com\/pmi-del.cebem.org\/wp-content\/uploads\/2019\/11\/bp-vinto-12.jpg?fit=750%2C423&amp;ssl=1\" loading=\"lazy\" width=\"750\" height=\"423\" src=\"https:\/\/i0.wp.com\/pmi-del.cebem.org\/wp-content\/uploads\/2019\/11\/bp-vinto-12.jpg?resize=750%2C423&#038;ssl=1\" alt=\"\" class=\"wp-image-1261\" srcset=\"https:\/\/i0.wp.com\/pmi-del.cebem.org\/wp-content\/uploads\/2019\/11\/bp-vinto-12.jpg?resize=1024%2C577&amp;ssl=1 1024w, https:\/\/i0.wp.com\/pmi-del.cebem.org\/wp-content\/uploads\/2019\/11\/bp-vinto-12.jpg?resize=300%2C169&amp;ssl=1 300w, https:\/\/i0.wp.com\/pmi-del.cebem.org\/wp-content\/uploads\/2019\/11\/bp-vinto-12.jpg?resize=768%2C433&amp;ssl=1 768w, https:\/\/i0.wp.com\/pmi-del.cebem.org\/wp-content\/uploads\/2019\/11\/bp-vinto-12.jpg?w=1350&amp;ssl=1 1350w\" sizes=\"(max-width: 750px) 100vw, 750px\" data-recalc-dims=\"1\" \/><\/figure>\n\n\n\n<p class=\"has-text-align-justify\">CEBEM, que acompa\u00f1a al proyecto, se propone que el proyecto sea conocido por Canad\u00e1 y otros pa\u00edses que pueden aprender de la pr\u00e1ctica de Vinto. Deben conocer el esfuerzo que hacen, ponerlo en las redes y la prensa. \u201cSi no lo ven no existe\u201d. Es necesario \u201cponerlos en el tablero a nivel internacional que sirva para otras comunidades\u201d. \u201cUstedes son pioneros y sus trabajos son de alto valor y puede servir a otros\u201d.<\/p>\n","protected":false},"excerpt":{"rendered":"<p>Las buenas pr\u00e1cticas de la asociaci\u00f3n de productores lecheros de Vinto Superando la precariedad de la informalidadLa asociaci\u00f3n de productores y la pol\u00edtica de apoyo municipal son los dos caminos que han abierto las posibilidades de negocios.Que la competitividad no dependa de la depreciaci\u00f3n de la mano de obra y de la sobreexplotaci\u00f3n de los [&hellip;]<\/p>\n","protected":false},"author":3,"featured_media":1268,"comment_status":"closed","ping_status":"closed","sticky":false,"template":"","format":"standard","meta":{"jetpack_publicize_message":"","jetpack_is_tweetstorm":false,"jetpack_publicize_feature_enabled":true},"categories":[31],"tags":[27,20],"jetpack_publicize_connections":[],"jetpack_featured_media_url":"https:\/\/i0.wp.com\/pmi-del.cebem.org\/wp-content\/uploads\/2019\/11\/bp-vinto-07.jpg?fit=990%2C558&ssl=1","jetpack_sharing_enabled":true,"jetpack_shortlink":"https:\/\/wp.me\/p9d00R-kj","_links":{"self":[{"href":"https:\/\/pmi-del.cebem.org\/index.php?rest_route=\/wp\/v2\/posts\/1259"}],"collection":[{"href":"https:\/\/pmi-del.cebem.org\/index.php?rest_route=\/wp\/v2\/posts"}],"about":[{"href":"https:\/\/pmi-del.cebem.org\/index.php?rest_route=\/wp\/v2\/types\/post"}],"author":[{"embeddable":true,"href":"https:\/\/pmi-del.cebem.org\/index.php?rest_route=\/wp\/v2\/users\/3"}],"replies":[{"embeddable":true,"href":"https:\/\/pmi-del.cebem.org\/index.php?rest_route=%2Fwp%2Fv2%2Fcomments&post=1259"}],"version-history":[{"count":13,"href":"https:\/\/pmi-del.cebem.org\/index.php?rest_route=\/wp\/v2\/posts\/1259\/revisions"}],"predecessor-version":[{"id":1287,"href":"https:\/\/pmi-del.cebem.org\/index.php?rest_route=\/wp\/v2\/posts\/1259\/revisions\/1287"}],"wp:featuredmedia":[{"embeddable":true,"href":"https:\/\/pmi-del.cebem.org\/index.php?rest_route=\/wp\/v2\/media\/1268"}],"wp:attachment":[{"href":"https:\/\/pmi-del.cebem.org\/index.php?rest_route=%2Fwp%2Fv2%2Fmedia&parent=1259"}],"wp:term":[{"taxonomy":"category","embeddable":true,"href":"https:\/\/pmi-del.cebem.org\/index.php?rest_route=%2Fwp%2Fv2%2Fcategories&post=1259"},{"taxonomy":"post_tag","embeddable":true,"href":"https:\/\/pmi-del.cebem.org\/index.php?rest_route=%2Fwp%2Fv2%2Ftags&post=1259"}],"curies":[{"name":"wp","href":"https:\/\/api.w.org\/{rel}","templated":true}]}}