{"id":1148,"date":"2019-10-01T17:58:29","date_gmt":"2019-10-01T21:58:29","guid":{"rendered":"http:\/\/pmi-del.cebem.org\/?p=1148"},"modified":"2019-10-04T17:44:13","modified_gmt":"2019-10-04T21:44:13","slug":"bolivia-boletin-numero-6-agosto-2019","status":"publish","type":"post","link":"https:\/\/pmi-del.cebem.org\/?p=1148","title":{"rendered":"BOLIVIA | Bolet\u00edn n\u00famero 6 | Agosto 2019"},"content":{"rendered":"\n<div class=\"wp-block-media-text\" style=\"background-color:#731b3d;grid-template-columns:40% auto\"><figure class=\"wp-block-media-text__media\"><img data-attachment-id=\"829\" data-permalink=\"https:\/\/pmi-del.cebem.org\/?attachment_id=829\" data-orig-file=\"https:\/\/i0.wp.com\/pmi-del.cebem.org\/wp-content\/uploads\/2019\/05\/logo-pmi-xl-fondo.jpg?fit=600%2C300&amp;ssl=1\" data-orig-size=\"600,300\" data-comments-opened=\"1\" data-image-meta=\"{&quot;aperture&quot;:&quot;0&quot;,&quot;credit&quot;:&quot;&quot;,&quot;camera&quot;:&quot;&quot;,&quot;caption&quot;:&quot;&quot;,&quot;created_timestamp&quot;:&quot;0&quot;,&quot;copyright&quot;:&quot;&quot;,&quot;focal_length&quot;:&quot;0&quot;,&quot;iso&quot;:&quot;0&quot;,&quot;shutter_speed&quot;:&quot;0&quot;,&quot;title&quot;:&quot;&quot;,&quot;orientation&quot;:&quot;0&quot;}\" data-image-title=\"logo-pmi-xl-fondo\" data-image-description=\"\" data-image-caption=\"\" data-medium-file=\"https:\/\/i0.wp.com\/pmi-del.cebem.org\/wp-content\/uploads\/2019\/05\/logo-pmi-xl-fondo.jpg?fit=300%2C150&amp;ssl=1\" data-large-file=\"https:\/\/i0.wp.com\/pmi-del.cebem.org\/wp-content\/uploads\/2019\/05\/logo-pmi-xl-fondo.jpg?fit=600%2C300&amp;ssl=1\" loading=\"lazy\" width=\"600\" height=\"300\" src=\"https:\/\/i0.wp.com\/pmi-del.cebem.org\/wp-content\/uploads\/2019\/05\/logo-pmi-xl-fondo.jpg?resize=600%2C300&#038;ssl=1\" alt=\"\" class=\"wp-image-829\" srcset=\"https:\/\/i0.wp.com\/pmi-del.cebem.org\/wp-content\/uploads\/2019\/05\/logo-pmi-xl-fondo.jpg?w=600&amp;ssl=1 600w, https:\/\/i0.wp.com\/pmi-del.cebem.org\/wp-content\/uploads\/2019\/05\/logo-pmi-xl-fondo.jpg?resize=300%2C150&amp;ssl=1 300w\" sizes=\"(max-width: 600px) 100vw, 600px\" data-recalc-dims=\"1\" \/><\/figure><div class=\"wp-block-media-text__content\">\n<p style=\"color:#ffffff;text-align:right\" class=\"has-text-color has-medium-font-size\"><strong>Partenariados Municipales para la Innovaci\u00f3n en Desarrollo Econ\u00f3mico Local<\/strong><\/p>\n<\/div><\/div>\n\n\n\n<p style=\"background-color:#dcede2;text-align:right\" class=\"has-background\"><strong>BOLIVIA | Bolet\u00edn n\u00famero 6 | Agosto 2019<\/strong><\/p>\n\n\n\n<div class=\"wp-block-image\"><figure class=\"aligncenter\"><img data-attachment-id=\"1146\" data-permalink=\"https:\/\/pmi-del.cebem.org\/?attachment_id=1146\" data-orig-file=\"https:\/\/i0.wp.com\/pmi-del.cebem.org\/wp-content\/uploads\/2019\/10\/bol01-01.png?fit=820%2C312&amp;ssl=1\" data-orig-size=\"820,312\" data-comments-opened=\"1\" data-image-meta=\"{&quot;aperture&quot;:&quot;0&quot;,&quot;credit&quot;:&quot;&quot;,&quot;camera&quot;:&quot;&quot;,&quot;caption&quot;:&quot;&quot;,&quot;created_timestamp&quot;:&quot;0&quot;,&quot;copyright&quot;:&quot;&quot;,&quot;focal_length&quot;:&quot;0&quot;,&quot;iso&quot;:&quot;0&quot;,&quot;shutter_speed&quot;:&quot;0&quot;,&quot;title&quot;:&quot;&quot;,&quot;orientation&quot;:&quot;0&quot;}\" data-image-title=\"bol01-01\" data-image-description=\"\" data-image-caption=\"\" data-medium-file=\"https:\/\/i0.wp.com\/pmi-del.cebem.org\/wp-content\/uploads\/2019\/10\/bol01-01.png?fit=300%2C114&amp;ssl=1\" data-large-file=\"https:\/\/i0.wp.com\/pmi-del.cebem.org\/wp-content\/uploads\/2019\/10\/bol01-01.png?fit=750%2C285&amp;ssl=1\" loading=\"lazy\" width=\"750\" height=\"285\" src=\"https:\/\/i0.wp.com\/pmi-del.cebem.org\/wp-content\/uploads\/2019\/10\/bol01-01.png?resize=750%2C285&#038;ssl=1\" alt=\"\" class=\"wp-image-1146\" srcset=\"https:\/\/i0.wp.com\/pmi-del.cebem.org\/wp-content\/uploads\/2019\/10\/bol01-01.png?w=820&amp;ssl=1 820w, https:\/\/i0.wp.com\/pmi-del.cebem.org\/wp-content\/uploads\/2019\/10\/bol01-01.png?resize=300%2C114&amp;ssl=1 300w, https:\/\/i0.wp.com\/pmi-del.cebem.org\/wp-content\/uploads\/2019\/10\/bol01-01.png?resize=768%2C292&amp;ssl=1 768w\" sizes=\"(max-width: 750px) 100vw, 750px\" data-recalc-dims=\"1\" \/><\/figure><\/div>\n\n\n\n<h2 style=\"text-align:center\"><strong>Municipios y\nla FAM comparten conocimientos sobre sus territorios en Colombia<\/strong><\/h2>\n\n\n\n<div class=\"wp-block-image\"><figure class=\"aligncenter\"><img data-attachment-id=\"1147\" data-permalink=\"https:\/\/pmi-del.cebem.org\/?attachment_id=1147\" data-orig-file=\"https:\/\/i0.wp.com\/pmi-del.cebem.org\/wp-content\/uploads\/2019\/10\/bol01-02.jpg?fit=1280%2C720&amp;ssl=1\" data-orig-size=\"1280,720\" data-comments-opened=\"1\" data-image-meta=\"{&quot;aperture&quot;:&quot;0&quot;,&quot;credit&quot;:&quot;&quot;,&quot;camera&quot;:&quot;&quot;,&quot;caption&quot;:&quot;&quot;,&quot;created_timestamp&quot;:&quot;0&quot;,&quot;copyright&quot;:&quot;&quot;,&quot;focal_length&quot;:&quot;0&quot;,&quot;iso&quot;:&quot;0&quot;,&quot;shutter_speed&quot;:&quot;0&quot;,&quot;title&quot;:&quot;&quot;,&quot;orientation&quot;:&quot;0&quot;}\" data-image-title=\"bol01-02\" data-image-description=\"\" data-image-caption=\"\" data-medium-file=\"https:\/\/i0.wp.com\/pmi-del.cebem.org\/wp-content\/uploads\/2019\/10\/bol01-02.jpg?fit=300%2C169&amp;ssl=1\" data-large-file=\"https:\/\/i0.wp.com\/pmi-del.cebem.org\/wp-content\/uploads\/2019\/10\/bol01-02.jpg?fit=750%2C422&amp;ssl=1\" loading=\"lazy\" width=\"750\" height=\"422\" src=\"https:\/\/i0.wp.com\/pmi-del.cebem.org\/wp-content\/uploads\/2019\/10\/bol01-02.jpg?resize=750%2C422&#038;ssl=1\" alt=\"\" class=\"wp-image-1147\" srcset=\"https:\/\/i0.wp.com\/pmi-del.cebem.org\/wp-content\/uploads\/2019\/10\/bol01-02.jpg?resize=1024%2C576&amp;ssl=1 1024w, https:\/\/i0.wp.com\/pmi-del.cebem.org\/wp-content\/uploads\/2019\/10\/bol01-02.jpg?resize=300%2C169&amp;ssl=1 300w, https:\/\/i0.wp.com\/pmi-del.cebem.org\/wp-content\/uploads\/2019\/10\/bol01-02.jpg?resize=768%2C432&amp;ssl=1 768w, https:\/\/i0.wp.com\/pmi-del.cebem.org\/wp-content\/uploads\/2019\/10\/bol01-02.jpg?w=1280&amp;ssl=1 1280w\" sizes=\"(max-width: 750px) 100vw, 750px\" data-recalc-dims=\"1\" \/><figcaption><strong>Fuente:<\/strong>  <a href=\"https:\/\/www.forodel.org\/about\/about-introduction\">Forodel<\/a><\/figcaption><\/figure><\/div>\n\n\n\n<p style=\"background-color:#d9ffff;text-align:center\" class=\"has-background has-medium-font-size\" id=\"bol6-1\"><strong>El territorio fue tema eje del Congreso<\/strong><\/p>\n\n\n\n<p style=\"text-align:justify\">El Programa de partenariados\ntrabaja en el desarrollo de la inclusi\u00f3n e innovaci\u00f3n en el desarrollo local al\ntiempo que apoya al asociativismo en la creaci\u00f3n de escenarios propicios para\nel desarrollo. Tambi\u00e9n se buscan escenarios propicios a nivel mundial y\nregional. <\/p>\n\n\n\n<p style=\"text-align:justify\">Los encuentros regionales,\npreparatorios para el V Encuentro mundial en C\u00f3rdoba de Argentina, facilitan la\nparticipaci\u00f3n de nuestra regi\u00f3n en los encuentros mundiales y forman parte de\nla construcci\u00f3n de un territorio com\u00fan en el que son actores del desarrollo. <\/p>\n\n\n\n<p style=\"text-align:justify\">La total coincidencia de enfoque\nentre el proyecto de Partenariados y los encuentros, tanto regional como\nmundial, exig\u00eda que los actores del programa de Bolivia compartan en\nBarranquilla lo aprendido con otros actores territoriales de la regi\u00f3n. <\/p>\n\n\n\n<p style=\"text-align:justify\">Los dos ejes del Proyecto, el\nasociativismo y los gobiernos locales, pudieron nutrirse de los temas de\ndebate, los enfoques de otros lugares, pero sobre todo abrirse a la formaci\u00f3n\nde redes y alianzas.<\/p>\n\n\n\n<p style=\"text-align:justify\" class=\"has-background has-very-light-gray-background-color\">El Programa de Partenariados Municipales para la innovaci\u00f3n en Desarrollo Econ\u00f3mico Local (PMI-DEL) que es implementado en Bolivia por la Federaci\u00f3n Canadiense de Municipalidades (FCM) y financiado por el Gobierno de Canad\u00e1 \u2013 Asuntos Globales Canad\u00e1, posibilito que, una delegaci\u00f3n de socios participen del \u201c3er Foro Regional de Desarrollo Econ\u00f3mico Local para Am\u00e9rica Latina y el Caribe\u201d que se realiz\u00f3 en la ciudad de Barranquilla, Colombia, cuyo t\u00edtulo fue: \u201cDesarrollo Econ\u00f3mico Local en Territorio Fr\u00e1giles y Afectados por Conflictos \u2013 Un marco de resiliencia y cohesi\u00f3n para un desarrollo sostenible e inclusivo\u201d<\/p>\n\n\n\n<div class=\"wp-block-image\"><figure class=\"aligncenter\"><img data-attachment-id=\"1152\" data-permalink=\"https:\/\/pmi-del.cebem.org\/?attachment_id=1152\" data-orig-file=\"https:\/\/i0.wp.com\/pmi-del.cebem.org\/wp-content\/uploads\/2019\/10\/bol01-03.jpg?fit=1280%2C720&amp;ssl=1\" data-orig-size=\"1280,720\" data-comments-opened=\"1\" data-image-meta=\"{&quot;aperture&quot;:&quot;0&quot;,&quot;credit&quot;:&quot;&quot;,&quot;camera&quot;:&quot;&quot;,&quot;caption&quot;:&quot;&quot;,&quot;created_timestamp&quot;:&quot;0&quot;,&quot;copyright&quot;:&quot;&quot;,&quot;focal_length&quot;:&quot;0&quot;,&quot;iso&quot;:&quot;0&quot;,&quot;shutter_speed&quot;:&quot;0&quot;,&quot;title&quot;:&quot;&quot;,&quot;orientation&quot;:&quot;0&quot;}\" data-image-title=\"bol01-03\" data-image-description=\"\" data-image-caption=\"\" data-medium-file=\"https:\/\/i0.wp.com\/pmi-del.cebem.org\/wp-content\/uploads\/2019\/10\/bol01-03.jpg?fit=300%2C169&amp;ssl=1\" data-large-file=\"https:\/\/i0.wp.com\/pmi-del.cebem.org\/wp-content\/uploads\/2019\/10\/bol01-03.jpg?fit=750%2C422&amp;ssl=1\" loading=\"lazy\" width=\"750\" height=\"422\" src=\"https:\/\/i0.wp.com\/pmi-del.cebem.org\/wp-content\/uploads\/2019\/10\/bol01-03.jpg?resize=750%2C422&#038;ssl=1\" alt=\"\" class=\"wp-image-1152\" srcset=\"https:\/\/i0.wp.com\/pmi-del.cebem.org\/wp-content\/uploads\/2019\/10\/bol01-03.jpg?resize=1024%2C576&amp;ssl=1 1024w, https:\/\/i0.wp.com\/pmi-del.cebem.org\/wp-content\/uploads\/2019\/10\/bol01-03.jpg?resize=300%2C169&amp;ssl=1 300w, https:\/\/i0.wp.com\/pmi-del.cebem.org\/wp-content\/uploads\/2019\/10\/bol01-03.jpg?resize=768%2C432&amp;ssl=1 768w, https:\/\/i0.wp.com\/pmi-del.cebem.org\/wp-content\/uploads\/2019\/10\/bol01-03.jpg?w=1280&amp;ssl=1 1280w\" sizes=\"(max-width: 750px) 100vw, 750px\" data-recalc-dims=\"1\" \/><\/figure><\/div>\n\n\n\n<p style=\"text-align:justify\">La delegaci\u00f3n del Programa Bolivia estuvo conformada por Fernando Torres (FAM Bolivia), Bernarda Sarue (ACOBOL), Walter Flores (GAM de Pail\u00f3n \u2013 Santa Cruz) y Christian Salguero (GAM de Vinto \u2013 Cochabamba), acompa\u00f1ados por la Coordinadora internacional del Proyecto Katherine Murillo y el Coordinador Nacional de Programa Isaac Alvarez S.<\/p>\n\n\n\n<p style=\"background-color:#d9ffff;text-align:center\" class=\"has-background has-medium-font-size\" id=\"bol6-2\"><strong>El territorio como sujeto de su desarrollo \u201cgana terreno\u201d<\/strong><\/p>\n\n\n\n<p style=\"text-align:justify\">En las \u00faltimas dos d\u00e9cadas el\nterritorio se va constituyendo un enfoque que gana importancia, a la par de las\npol\u00edticas y tendencias por la descentralizaci\u00f3n.&nbsp; Y no se trata ya del territorio f\u00edsico, que\na\u00edsla a los ciudadanos por sus rugosidades, sino que el territorio contiene\nactores que se constituyen en sujetos de su desarrollo. Este territorio\ncontiene capital y recursos f\u00edsicos, sus actores se dan identidad frente a\nmodelos de desarrollo y de vida.&nbsp; El\nterritorio contiene cultura, capital c\u00edvico, es un espacio de gobernanza y de\ngobernabilidad. El territorio elije a sus representantes, moviliza sus recursos\ny hace gesti\u00f3n social y pol\u00edtica. Y no nos referimos solo al sector p\u00fablico, al\ngobierno municipal.<\/p>\n\n\n\n<p style=\"text-align:justify\">Aunque persisten fuertes impulsos\nde fragmentaci\u00f3n social y econ\u00f3mica, los territorios son espacios donde se articulan\npropuestas de desarrollo. &nbsp;En el\nterritorio se construyen filosof\u00edas de vida, voluntades de cambio, redes,\nalianzas y pactos sociales.&nbsp; En Bolivia\nlos municipios le dieron institucionalidad p\u00fablica a territorios aislados, fragmentados\ny dispersos. Pero el concepto y realidad del territorio va m\u00e1s all\u00e1.<\/p>\n\n\n\n<p style=\"text-align:justify\">Los territorios, tras varias d\u00e9cadas\ndot\u00e1ndose de gobiernos municipales, han copado el eje de las principales\ndiscusiones en los encuentros internacionales y van a ocupar ese lugar en el\nfuturo.&nbsp; Est\u00e1n ganando importancia frente\na los enfoques sectorialistas de las pol\u00edticas y frente al municipalismo. &nbsp;En los enfoques de desarrollo territorial, los\nterritorios son espacios de pactos sociales, econ\u00f3micos y pol\u00edticos que\nconstruyen alianzas, sistemas y formas de gobierno, fortalecen las actividades\nde inclusi\u00f3n de las poblaciones, generan voluntades de desarrollo para vivir\nbien. As\u00ed los territorios son los objetivos de desarrollo. En el futuro\ninmediato ganar\u00e1 el concepto de los pactos territoriales entre los actores\nlocales.<\/p>\n\n\n\n<p style=\"background-color:#d9ffff;text-align:center\" class=\"has-background has-medium-font-size\" id=\"bol6-3\"><strong>Captando nuevas visiones en el Encuentro<\/strong><\/p>\n\n\n\n<div class=\"wp-block-media-text is-stacked-on-mobile\"><figure class=\"wp-block-media-text__media\"><img data-attachment-id=\"1153\" data-permalink=\"https:\/\/pmi-del.cebem.org\/?attachment_id=1153\" data-orig-file=\"https:\/\/i0.wp.com\/pmi-del.cebem.org\/wp-content\/uploads\/2019\/10\/bol01-04.jpg?fit=960%2C1280&amp;ssl=1\" data-orig-size=\"960,1280\" data-comments-opened=\"1\" data-image-meta=\"{&quot;aperture&quot;:&quot;0&quot;,&quot;credit&quot;:&quot;&quot;,&quot;camera&quot;:&quot;&quot;,&quot;caption&quot;:&quot;&quot;,&quot;created_timestamp&quot;:&quot;0&quot;,&quot;copyright&quot;:&quot;&quot;,&quot;focal_length&quot;:&quot;0&quot;,&quot;iso&quot;:&quot;0&quot;,&quot;shutter_speed&quot;:&quot;0&quot;,&quot;title&quot;:&quot;&quot;,&quot;orientation&quot;:&quot;0&quot;}\" data-image-title=\"bol01-04\" data-image-description=\"\" data-image-caption=\"\" data-medium-file=\"https:\/\/i0.wp.com\/pmi-del.cebem.org\/wp-content\/uploads\/2019\/10\/bol01-04.jpg?fit=225%2C300&amp;ssl=1\" data-large-file=\"https:\/\/i0.wp.com\/pmi-del.cebem.org\/wp-content\/uploads\/2019\/10\/bol01-04.jpg?fit=750%2C1000&amp;ssl=1\" loading=\"lazy\" width=\"750\" height=\"1000\" src=\"https:\/\/i0.wp.com\/pmi-del.cebem.org\/wp-content\/uploads\/2019\/10\/bol01-04.jpg?resize=750%2C1000&#038;ssl=1\" alt=\"\" class=\"wp-image-1153\" srcset=\"https:\/\/i0.wp.com\/pmi-del.cebem.org\/wp-content\/uploads\/2019\/10\/bol01-04.jpg?resize=768%2C1024&amp;ssl=1 768w, https:\/\/i0.wp.com\/pmi-del.cebem.org\/wp-content\/uploads\/2019\/10\/bol01-04.jpg?resize=225%2C300&amp;ssl=1 225w, https:\/\/i0.wp.com\/pmi-del.cebem.org\/wp-content\/uploads\/2019\/10\/bol01-04.jpg?w=960&amp;ssl=1 960w\" sizes=\"(max-width: 750px) 100vw, 750px\" data-recalc-dims=\"1\" \/><\/figure><div class=\"wp-block-media-text__content\">\n<p><strong>Pail\u00f3n<\/strong><\/p>\n\n\n\n<p style=\"text-align:justify\">\u201cDe mayor utilidad fue el\nencuentro con los colegas de Bolivia y Canad\u00e1, para intercambiar experiencias\nespec\u00edficas y contextos territoriales. <\/p>\n\n\n\n<p style=\"text-align:justify\">Observar el avance de la Agencias\nde Desarrollo Econ\u00f3mico Local y su interacci\u00f3n con otras iniciativas de los\nterritorios.<\/p>\n\n\n\n<p><strong>Vinto<\/strong><strong> <\/strong><\/p>\n\n\n\n<p style=\"text-align:justify\">\u201cMe parece muy \u00fatil el hecho de\nconocer experiencias positivas de compa\u00f1eros de otros pa\u00edses, entendiendo que\nen Vinto estamos haciendo algunas cosas de forma similar, y otras requieren un\najuste; el haber participado de foros donde la tem\u00e1tica de DEL, se enfoca con\nun criterio participativo amplio, fortalece la idea de las decisiones que\nasumimos como pol\u00edtica p\u00fablica en nuestro Municipio\u201d.<\/p>\n<\/div><\/div>\n\n\n\n<p><strong>CNP<\/strong><\/p>\n\n\n\n<p style=\"text-align:justify\">\u201cEmpleo y empoderamiento\necon\u00f3mico de los j\u00f3venes, las mujeres y los sectores vulnerables. Este tema\ncautiv\u00f3 la atenci\u00f3n en la l\u00f3gica que en Bolivia y con el Programa PMI-DEL tanto\nen el nivel local a trav\u00e9s de los GLs de Vinto y Pail\u00f3n se viene incluyendo a\nlos sectores de j\u00f3venes y mujeres emprendedoras en planes estrat\u00e9gicos para\nempoderarse econ\u00f3micamente y acceder al mercado laboral. Entonces, escuchar y\nconocer otras experiencias posibilitan ampliar el panorama del conocimiento y\ncontar con innovadoras formar de alcanzar una mayor y mejor inclusi\u00f3n socio\necon\u00f3mica de estos sectores en el desarrollo econ\u00f3mico local\u201d.<\/p>\n\n\n\n<p style=\"background-color:#d9ffff;text-align:center\" class=\"has-background has-medium-font-size\" id=\"bol6-4\"><strong>El equipo particip\u00f3 en plenarias <\/strong><\/p>\n\n\n\n<p><strong>Temas principales<\/strong><\/p>\n\n\n\n<div class=\"wp-block-image\"><figure class=\"aligncenter\"><img data-attachment-id=\"1154\" data-permalink=\"https:\/\/pmi-del.cebem.org\/?attachment_id=1154\" data-orig-file=\"https:\/\/i0.wp.com\/pmi-del.cebem.org\/wp-content\/uploads\/2019\/10\/bol01-05.jpg?fit=579%2C326&amp;ssl=1\" data-orig-size=\"579,326\" data-comments-opened=\"1\" data-image-meta=\"{&quot;aperture&quot;:&quot;0&quot;,&quot;credit&quot;:&quot;&quot;,&quot;camera&quot;:&quot;&quot;,&quot;caption&quot;:&quot;&quot;,&quot;created_timestamp&quot;:&quot;0&quot;,&quot;copyright&quot;:&quot;&quot;,&quot;focal_length&quot;:&quot;0&quot;,&quot;iso&quot;:&quot;0&quot;,&quot;shutter_speed&quot;:&quot;0&quot;,&quot;title&quot;:&quot;&quot;,&quot;orientation&quot;:&quot;0&quot;}\" data-image-title=\"bol01-05\" data-image-description=\"\" data-image-caption=\"\" data-medium-file=\"https:\/\/i0.wp.com\/pmi-del.cebem.org\/wp-content\/uploads\/2019\/10\/bol01-05.jpg?fit=300%2C169&amp;ssl=1\" data-large-file=\"https:\/\/i0.wp.com\/pmi-del.cebem.org\/wp-content\/uploads\/2019\/10\/bol01-05.jpg?fit=579%2C326&amp;ssl=1\" loading=\"lazy\" width=\"579\" height=\"326\" src=\"https:\/\/i0.wp.com\/pmi-del.cebem.org\/wp-content\/uploads\/2019\/10\/bol01-05.jpg?resize=579%2C326&#038;ssl=1\" alt=\"\" class=\"wp-image-1154\" srcset=\"https:\/\/i0.wp.com\/pmi-del.cebem.org\/wp-content\/uploads\/2019\/10\/bol01-05.jpg?w=579&amp;ssl=1 579w, https:\/\/i0.wp.com\/pmi-del.cebem.org\/wp-content\/uploads\/2019\/10\/bol01-05.jpg?resize=300%2C169&amp;ssl=1 300w\" sizes=\"(max-width: 579px) 100vw, 579px\" data-recalc-dims=\"1\" \/><figcaption><strong>Fuente:<\/strong> <a href=\"http:\/\/www.acobol.org.bo\/presidenta-de-acobol-participo-en-foro-de-desarrollo-economico-para-america-y-el-caribe\/\" target=\"_blank\" rel=\"noreferrer noopener\" aria-label=\" (opens in a new tab)\">ACOBOL<\/a><\/figcaption><\/figure><\/div>\n\n\n\n<p>\u201cDescentralizaci\u00f3n y gobernanza\nterritorial\u201d<\/p>\n\n\n\n<p>\u201cEsquemas de\narticulaci\u00f3n entre sector privado, cooperaci\u00f3n internacional y desarrollo\nterritorial\u201d&nbsp;&nbsp;&nbsp; <\/p>\n\n\n\n<p>&nbsp;\u201cInstrumentos de planificaci\u00f3n y concertaci\u00f3n para\nla construcci\u00f3n de paz\u201d<\/p>\n\n\n\n<p>\u201cEl Turismo sostenible\ncomo herramienta de desarrollo local\u201d <\/p>\n\n\n\n<p>\u201cArticulaci\u00f3n y sostenibilidad en los procesos de Desarrollo Econ\u00f3mico\nLocal y territorial\u201d<strong><\/strong><\/p>\n\n\n\n<p>\u201cPol\u00edticas\np\u00fablicas para la promoci\u00f3n del Desarrollo Econ\u00f3mico Local y Territorial\u201d<\/p>\n\n\n\n<div class=\"wp-container-3 wp-block-columns has-2-columns\">\n<div class=\"wp-container-1 wp-block-column\">\n<div class=\"wp-block-image\"><figure class=\"aligncenter\"><img data-attachment-id=\"1155\" data-permalink=\"https:\/\/pmi-del.cebem.org\/?attachment_id=1155\" data-orig-file=\"https:\/\/i0.wp.com\/pmi-del.cebem.org\/wp-content\/uploads\/2019\/10\/bol01-06.jpg?fit=500%2C387&amp;ssl=1\" data-orig-size=\"500,387\" data-comments-opened=\"1\" data-image-meta=\"{&quot;aperture&quot;:&quot;0&quot;,&quot;credit&quot;:&quot;&quot;,&quot;camera&quot;:&quot;&quot;,&quot;caption&quot;:&quot;&quot;,&quot;created_timestamp&quot;:&quot;0&quot;,&quot;copyright&quot;:&quot;&quot;,&quot;focal_length&quot;:&quot;0&quot;,&quot;iso&quot;:&quot;0&quot;,&quot;shutter_speed&quot;:&quot;0&quot;,&quot;title&quot;:&quot;&quot;,&quot;orientation&quot;:&quot;0&quot;}\" data-image-title=\"bol01-06\" data-image-description=\"\" data-image-caption=\"&lt;p&gt;Fuente: ACOBOL&lt;\/p&gt;\n\" data-medium-file=\"https:\/\/i0.wp.com\/pmi-del.cebem.org\/wp-content\/uploads\/2019\/10\/bol01-06.jpg?fit=300%2C232&amp;ssl=1\" data-large-file=\"https:\/\/i0.wp.com\/pmi-del.cebem.org\/wp-content\/uploads\/2019\/10\/bol01-06.jpg?fit=500%2C387&amp;ssl=1\" loading=\"lazy\" width=\"500\" height=\"387\" src=\"https:\/\/i0.wp.com\/pmi-del.cebem.org\/wp-content\/uploads\/2019\/10\/bol01-06.jpg?resize=500%2C387&#038;ssl=1\" alt=\"\" class=\"wp-image-1155\" srcset=\"https:\/\/i0.wp.com\/pmi-del.cebem.org\/wp-content\/uploads\/2019\/10\/bol01-06.jpg?w=500&amp;ssl=1 500w, https:\/\/i0.wp.com\/pmi-del.cebem.org\/wp-content\/uploads\/2019\/10\/bol01-06.jpg?resize=300%2C232&amp;ssl=1 300w\" sizes=\"(max-width: 500px) 100vw, 500px\" data-recalc-dims=\"1\" \/><figcaption>Fuente: <a href=\"http:\/\/www.acobol.org.bo\/presidenta-de-acobol-participo-en-foro-de-desarrollo-economico-para-america-y-el-caribe\/\" target=\"_blank\" rel=\"noreferrer noopener\" aria-label=\"ACOBOL (opens in a new tab)\">ACOBOL<\/a><\/figcaption><\/figure><\/div>\n<\/div>\n\n\n\n<div class=\"wp-container-2 wp-block-column\">\n<p style=\"text-align:justify\">\u201cEmpleo y empoderamiento econ\u00f3mico de los j\u00f3venes,\nlas mujeres y los sectores vulnerables\u201d \u2013 panelista Bernarda Sarue \u2013 Directora\nEjecutiva de la ACOBOL.<\/p>\n\n\n\n<p style=\"text-align:justify\">\u201cGesti\u00f3n integrada y sostenible de los\nrecursos naturales\u201d, panelista la Presidenta de ACOBOL Isabel R\u00edos y Claudia\nHerbas \u2013 Directora Ejecutiva de la AMB. <\/p>\n<\/div>\n<\/div>\n\n\n\n<p style=\"background-color:#d9ffff;text-align:center\" class=\"has-background has-medium-font-size\" id=\"bol6-5\"><strong>La Declaraci\u00f3n de Barranquilla<\/strong><\/p>\n\n\n\n<p style=\"text-align:justify\">Los participantes asumieron\ncompromisos para implementar los principios de la declaraci\u00f3n. <\/p>\n\n\n\n<ul class=\"justext\"><li>La importancia de la noci\u00f3n de cohesi\u00f3n territorial, que fortalece la cohesi\u00f3n social,\u201d introduciendo una perspectiva territorial multidimensional como principio articulador y dinamizador de una visi\u00f3n de desarrollo con innovaci\u00f3n y sostenibilidad, y que conjugue eficiencia econ\u00f3mica, inclusi\u00f3n, equilibro ecol\u00f3gico y espacial\u201d.<\/li><\/ul>\n\n\n\n<ul class=\"justext\"><li>La construcci\u00f3n de resiliencia, es decir, m\u00e1s all\u00e1 de una respuesta puntual a situaciones de emergencia, desarrollar capacidad para \u201cabsorber y compensar elementos de riesgo y fragilidad, reforzando la cohesi\u00f3n y el capital social y humano, promoviendo una nueva institucionalidad abierta al dialogo y a la participaci\u00f3n ciudadana, y traduciendo los desaf\u00edos en oportunidades de diversificaci\u00f3n y reorientaci\u00f3n econ\u00f3mica\u201d.<\/li><\/ul>\n\n\n\n<ul class=\"justext\"><li>Fortalecer los di\u00e1logos territoriales, como espacios de b\u00fasqueda de \u201cresoluci\u00f3n de conflictos y acuerdos para la acci\u00f3n conjunta. Junto con el desarrollo de redes y la construcci\u00f3n de visi\u00f3n compartida, la construcci\u00f3n de relaciones de confianza es un eje importante para generar las condiciones b\u00e1sicas para el desarrollo territorial\u201d. La confianza que se construye en el territorio es la mejor estrategia para pasar del discurso a \u201ciniciativas socioecon\u00f3micas concretas en el territorio\u201d. <\/li><\/ul>\n\n\n\n<ul class=\"justext\"><li>Frente a los conflictos y otras adversidades como \u201clos efectos del cambio clim\u00e1tico y las conflictividades sociales, institucionales y econ\u00f3micas\u201d que \u201cimpulsan e incentivan los procesos de migraci\u00f3n, que se ven acrecentadas en contextos de fragilidad y desigualdad\u201d fomentar la cohesi\u00f3n social y la generaci\u00f3n de oportunidades en los territorios.&nbsp; <\/li><\/ul>\n\n\n\n<ul class=\"justext\"><li>Promover la \u201ccentralidad de los territorios en conectar trayectorias de crecimiento, inclusi\u00f3n y sostenibilidad, permitiendo de asumir y lidiar con la multitud y la complejidad de los factores asociados a procesos de desarrollo local desde una perspectiva de integralidad y multidimensionalidad; reconstruyendo relaciones e identidades, y abordando las causas e implicaciones de las diferencias donde efectivamente se originan y manifiestan\u201d.<\/li><\/ul>\n\n\n\n<ul class=\"justext\"><li>\u201cUna arquitectura de pol\u00edticas p\u00fablicas \u2018desde abajo\u2019, transversales a los diferentes niveles de gobernanza y sectores, con base en las especificidades territoriales y en la concertaci\u00f3n de un nuevo pacto social entre instituciones, actores econ\u00f3micos y sociedad civil. Elaborar e implementar pol\u00edticas p\u00fablicas que faciliten la resoluci\u00f3n de conflictos, la construcci\u00f3n de relaciones de confianza y de una visi\u00f3n compartida del territorio\u201d.<\/li><\/ul>\n\n\n\n<p style=\"text-align:justify\">Los municipios de Vinto y Pail\u00f3n, as\u00ed como el sistema asociativo,\nhan venido tomando conciencia de las responsabilidad que asumen tanto a nivel\nnacional como en particular en los \u00e1mbitos regionales de Cochabamba y Santa\nCruz.<\/p>\n","protected":false},"excerpt":{"rendered":"<p>En esta oportunidad en este sexto bolet\u00edn narramos lo sucedido en este importante evento y destacamos la participaci\u00f3n de una delegaci\u00f3n de socios en el \u201c3er Foro Regional de Desarrollo Econ\u00f3mico Local para Am\u00e9rica Latina y el Caribe\u201d que se realiz\u00f3 en la ciudad de Barranquilla, Colombia.<\/p>\n","protected":false},"author":3,"featured_media":1147,"comment_status":"open","ping_status":"closed","sticky":false,"template":"","format":"standard","meta":{"jetpack_publicize_message":"","jetpack_is_tweetstorm":false,"jetpack_publicize_feature_enabled":true},"categories":[10],"tags":[21],"jetpack_publicize_connections":[],"jetpack_featured_media_url":"https:\/\/i0.wp.com\/pmi-del.cebem.org\/wp-content\/uploads\/2019\/10\/bol01-02.jpg?fit=1280%2C720&ssl=1","jetpack_sharing_enabled":true,"jetpack_shortlink":"https:\/\/wp.me\/p9d00R-iw","_links":{"self":[{"href":"https:\/\/pmi-del.cebem.org\/index.php?rest_route=\/wp\/v2\/posts\/1148"}],"collection":[{"href":"https:\/\/pmi-del.cebem.org\/index.php?rest_route=\/wp\/v2\/posts"}],"about":[{"href":"https:\/\/pmi-del.cebem.org\/index.php?rest_route=\/wp\/v2\/types\/post"}],"author":[{"embeddable":true,"href":"https:\/\/pmi-del.cebem.org\/index.php?rest_route=\/wp\/v2\/users\/3"}],"replies":[{"embeddable":true,"href":"https:\/\/pmi-del.cebem.org\/index.php?rest_route=%2Fwp%2Fv2%2Fcomments&post=1148"}],"version-history":[{"count":10,"href":"https:\/\/pmi-del.cebem.org\/index.php?rest_route=\/wp\/v2\/posts\/1148\/revisions"}],"predecessor-version":[{"id":1164,"href":"https:\/\/pmi-del.cebem.org\/index.php?rest_route=\/wp\/v2\/posts\/1148\/revisions\/1164"}],"wp:featuredmedia":[{"embeddable":true,"href":"https:\/\/pmi-del.cebem.org\/index.php?rest_route=\/wp\/v2\/media\/1147"}],"wp:attachment":[{"href":"https:\/\/pmi-del.cebem.org\/index.php?rest_route=%2Fwp%2Fv2%2Fmedia&parent=1148"}],"wp:term":[{"taxonomy":"category","embeddable":true,"href":"https:\/\/pmi-del.cebem.org\/index.php?rest_route=%2Fwp%2Fv2%2Fcategories&post=1148"},{"taxonomy":"post_tag","embeddable":true,"href":"https:\/\/pmi-del.cebem.org\/index.php?rest_route=%2Fwp%2Fv2%2Ftags&post=1148"}],"curies":[{"name":"wp","href":"https:\/\/api.w.org\/{rel}","templated":true}]}}