{"id":1138,"date":"2019-09-30T16:01:10","date_gmt":"2019-09-30T20:01:10","guid":{"rendered":"http:\/\/pmi-del.cebem.org\/?p=1138"},"modified":"2019-09-30T12:02:09","modified_gmt":"2019-09-30T16:02:09","slug":"pailon-empezo-con-la-elaboracion-de-su-marca-municipio","status":"publish","type":"post","link":"https:\/\/pmi-del.cebem.org\/?p=1138","title":{"rendered":"Pail\u00f3n empez\u00f3 con la Elaboraci\u00f3n de su marca Municipio"},"content":{"rendered":"\n<p style=\"text-align:right\"><strong>Por: <\/strong>Danny Mario Perez, comunicador del Municipio de Pail\u00f3n<\/p>\n\n\n\n<div data-carousel-extra='{\"blog_id\":1,\"permalink\":\"https:\\\/\\\/pmi-del.cebem.org\\\/?p=1138\"}' class=\"wp-block-image\"><figure class=\"aligncenter\"><img data-attachment-id=\"1140\" data-permalink=\"https:\/\/pmi-del.cebem.org\/?attachment_id=1140\" data-orig-file=\"https:\/\/i0.wp.com\/pmi-del.cebem.org\/wp-content\/uploads\/2019\/09\/elaboracion-marca-2.jpeg?fit=1280%2C960&amp;ssl=1\" data-orig-size=\"1280,960\" data-comments-opened=\"1\" data-image-meta=\"{&quot;aperture&quot;:&quot;0&quot;,&quot;credit&quot;:&quot;&quot;,&quot;camera&quot;:&quot;&quot;,&quot;caption&quot;:&quot;&quot;,&quot;created_timestamp&quot;:&quot;0&quot;,&quot;copyright&quot;:&quot;&quot;,&quot;focal_length&quot;:&quot;0&quot;,&quot;iso&quot;:&quot;0&quot;,&quot;shutter_speed&quot;:&quot;0&quot;,&quot;title&quot;:&quot;&quot;,&quot;orientation&quot;:&quot;0&quot;}\" data-image-title=\"elaboracion-marca-2\" data-image-description=\"\" data-image-caption=\"\" data-medium-file=\"https:\/\/i0.wp.com\/pmi-del.cebem.org\/wp-content\/uploads\/2019\/09\/elaboracion-marca-2.jpeg?fit=300%2C225&amp;ssl=1\" data-large-file=\"https:\/\/i0.wp.com\/pmi-del.cebem.org\/wp-content\/uploads\/2019\/09\/elaboracion-marca-2.jpeg?fit=750%2C563&amp;ssl=1\" loading=\"lazy\" width=\"750\" height=\"563\" src=\"https:\/\/i0.wp.com\/pmi-del.cebem.org\/wp-content\/uploads\/2019\/09\/elaboracion-marca-2.jpeg?resize=750%2C563&#038;ssl=1\" alt=\"\" class=\"wp-image-1140\" srcset=\"https:\/\/i0.wp.com\/pmi-del.cebem.org\/wp-content\/uploads\/2019\/09\/elaboracion-marca-2.jpeg?resize=1024%2C768&amp;ssl=1 1024w, https:\/\/i0.wp.com\/pmi-del.cebem.org\/wp-content\/uploads\/2019\/09\/elaboracion-marca-2.jpeg?resize=300%2C225&amp;ssl=1 300w, https:\/\/i0.wp.com\/pmi-del.cebem.org\/wp-content\/uploads\/2019\/09\/elaboracion-marca-2.jpeg?resize=768%2C576&amp;ssl=1 768w, https:\/\/i0.wp.com\/pmi-del.cebem.org\/wp-content\/uploads\/2019\/09\/elaboracion-marca-2.jpeg?resize=135%2C100&amp;ssl=1 135w, https:\/\/i0.wp.com\/pmi-del.cebem.org\/wp-content\/uploads\/2019\/09\/elaboracion-marca-2.jpeg?w=1280&amp;ssl=1 1280w\" sizes=\"(max-width: 750px) 100vw, 750px\" data-recalc-dims=\"1\" \/><\/figure><\/div>\n\n\n\n<p>Con la participaci\u00f3n de m\u00e1s de 40 personas, representantes\nde sectores como, educaci\u00f3n, deporte, transporte, alba\u00f1iles, productores, pasteler\u00edas,\nartesanas, OTBs, autoridades del ejecutivo y legislativo, hoy se llev\u00f3 a cabo\nel primer taller sobre elaboraci\u00f3n de la Marca Pail\u00f3n.<\/p>\n\n\n\n<p>Esta actividad busca definir de forma inclusiva y\nparticipativa la identidad municipal para luego construir o crear la Marca\nPail\u00f3n, con elementos que hayan salido de la participaci\u00f3n del ciudadano.<\/p>\n\n\n\n<p>Mario Perez, responsable municipal de Comunicaci\u00f3n, en\ncoordinaci\u00f3n con el equipo Pail\u00f3n y los consultores de la FCM, fue el\nresponsable de llevar a cabo la actividad en la que hubo sugerencias\nimportantes que encaminaron el proceso de elaboraci\u00f3n.<\/p>\n\n\n\n<p>En la parte final, se realiz\u00f3 una din\u00e1mica. Se formaron\ngrupos en la que se identificaron elementos claves de identidad municipal,\nincluso salieron algunos importantes aportes, como: Pail\u00f3n, tierra de\noportunidades, Pail\u00f3n tierra de Esperanza y Progreso y Pail\u00f3n, Portal\nChiquitano.<\/p>\n\n\n\n<p>Estos aportes de los presentes, ser\u00e1n la base de las\nencuestas con las cuales, se llegar\u00e1 a diferentes sectores de la poblaci\u00f3n para\nconocer su percepci\u00f3n. Seg\u00fan lo planificado, para llegar a la pr\u00f3xima reuni\u00f3n\nse tiene que realizar la encuesta, tabulaci\u00f3n de datos y por lo menos dos\npropuestas del logo. El objetivo es presentar la marca Pail\u00f3n para el\naniversario del pueblo el 24 de noviembre.<\/p>\n\n\n\n<ul data-carousel-extra='{\"blog_id\":1,\"permalink\":\"https:\\\/\\\/pmi-del.cebem.org\\\/?p=1138\"}' class=\"wp-container-2 wp-block-gallery-1 wp-block-gallery aligncenter columns-2 is-cropped\"><li class=\"blocks-gallery-item\"><figure><img data-attachment-id=\"1144\" data-permalink=\"https:\/\/pmi-del.cebem.org\/?attachment_id=1144\" data-orig-file=\"https:\/\/i0.wp.com\/pmi-del.cebem.org\/wp-content\/uploads\/2019\/09\/elaboracion-marca-6.jpeg?fit=1280%2C957&amp;ssl=1\" data-orig-size=\"1280,957\" data-comments-opened=\"1\" data-image-meta=\"{&quot;aperture&quot;:&quot;0&quot;,&quot;credit&quot;:&quot;&quot;,&quot;camera&quot;:&quot;&quot;,&quot;caption&quot;:&quot;&quot;,&quot;created_timestamp&quot;:&quot;0&quot;,&quot;copyright&quot;:&quot;&quot;,&quot;focal_length&quot;:&quot;0&quot;,&quot;iso&quot;:&quot;0&quot;,&quot;shutter_speed&quot;:&quot;0&quot;,&quot;title&quot;:&quot;&quot;,&quot;orientation&quot;:&quot;0&quot;}\" data-image-title=\"elaboracion-marca-6\" data-image-description=\"\" data-image-caption=\"\" data-medium-file=\"https:\/\/i0.wp.com\/pmi-del.cebem.org\/wp-content\/uploads\/2019\/09\/elaboracion-marca-6.jpeg?fit=300%2C224&amp;ssl=1\" data-large-file=\"https:\/\/i0.wp.com\/pmi-del.cebem.org\/wp-content\/uploads\/2019\/09\/elaboracion-marca-6.jpeg?fit=750%2C561&amp;ssl=1\" loading=\"lazy\" width=\"750\" height=\"561\" src=\"https:\/\/i0.wp.com\/pmi-del.cebem.org\/wp-content\/uploads\/2019\/09\/elaboracion-marca-6.jpeg?resize=750%2C561&#038;ssl=1\" alt=\"\" data-id=\"1144\" data-link=\"https:\/\/pmi-del.cebem.org\/?attachment_id=1144\" class=\"wp-image-1144\" srcset=\"https:\/\/i0.wp.com\/pmi-del.cebem.org\/wp-content\/uploads\/2019\/09\/elaboracion-marca-6.jpeg?resize=1024%2C766&amp;ssl=1 1024w, https:\/\/i0.wp.com\/pmi-del.cebem.org\/wp-content\/uploads\/2019\/09\/elaboracion-marca-6.jpeg?resize=300%2C224&amp;ssl=1 300w, https:\/\/i0.wp.com\/pmi-del.cebem.org\/wp-content\/uploads\/2019\/09\/elaboracion-marca-6.jpeg?resize=768%2C574&amp;ssl=1 768w, https:\/\/i0.wp.com\/pmi-del.cebem.org\/wp-content\/uploads\/2019\/09\/elaboracion-marca-6.jpeg?resize=135%2C100&amp;ssl=1 135w, https:\/\/i0.wp.com\/pmi-del.cebem.org\/wp-content\/uploads\/2019\/09\/elaboracion-marca-6.jpeg?w=1280&amp;ssl=1 1280w\" sizes=\"(max-width: 750px) 100vw, 750px\" data-recalc-dims=\"1\" \/><\/figure><\/li><li class=\"blocks-gallery-item\"><figure><img data-attachment-id=\"1143\" data-permalink=\"https:\/\/pmi-del.cebem.org\/?attachment_id=1143\" data-orig-file=\"https:\/\/i0.wp.com\/pmi-del.cebem.org\/wp-content\/uploads\/2019\/09\/elaboracion-marca-5.jpeg?fit=1280%2C957&amp;ssl=1\" data-orig-size=\"1280,957\" data-comments-opened=\"1\" data-image-meta=\"{&quot;aperture&quot;:&quot;0&quot;,&quot;credit&quot;:&quot;&quot;,&quot;camera&quot;:&quot;&quot;,&quot;caption&quot;:&quot;&quot;,&quot;created_timestamp&quot;:&quot;0&quot;,&quot;copyright&quot;:&quot;&quot;,&quot;focal_length&quot;:&quot;0&quot;,&quot;iso&quot;:&quot;0&quot;,&quot;shutter_speed&quot;:&quot;0&quot;,&quot;title&quot;:&quot;&quot;,&quot;orientation&quot;:&quot;0&quot;}\" data-image-title=\"elaboracion-marca-5\" data-image-description=\"\" data-image-caption=\"\" data-medium-file=\"https:\/\/i0.wp.com\/pmi-del.cebem.org\/wp-content\/uploads\/2019\/09\/elaboracion-marca-5.jpeg?fit=300%2C224&amp;ssl=1\" data-large-file=\"https:\/\/i0.wp.com\/pmi-del.cebem.org\/wp-content\/uploads\/2019\/09\/elaboracion-marca-5.jpeg?fit=750%2C561&amp;ssl=1\" loading=\"lazy\" width=\"750\" height=\"561\" src=\"https:\/\/i0.wp.com\/pmi-del.cebem.org\/wp-content\/uploads\/2019\/09\/elaboracion-marca-5.jpeg?resize=750%2C561&#038;ssl=1\" alt=\"\" data-id=\"1143\" data-link=\"https:\/\/pmi-del.cebem.org\/?attachment_id=1143\" class=\"wp-image-1143\" srcset=\"https:\/\/i0.wp.com\/pmi-del.cebem.org\/wp-content\/uploads\/2019\/09\/elaboracion-marca-5.jpeg?resize=1024%2C766&amp;ssl=1 1024w, https:\/\/i0.wp.com\/pmi-del.cebem.org\/wp-content\/uploads\/2019\/09\/elaboracion-marca-5.jpeg?resize=300%2C224&amp;ssl=1 300w, https:\/\/i0.wp.com\/pmi-del.cebem.org\/wp-content\/uploads\/2019\/09\/elaboracion-marca-5.jpeg?resize=768%2C574&amp;ssl=1 768w, https:\/\/i0.wp.com\/pmi-del.cebem.org\/wp-content\/uploads\/2019\/09\/elaboracion-marca-5.jpeg?resize=135%2C100&amp;ssl=1 135w, https:\/\/i0.wp.com\/pmi-del.cebem.org\/wp-content\/uploads\/2019\/09\/elaboracion-marca-5.jpeg?w=1280&amp;ssl=1 1280w\" sizes=\"(max-width: 750px) 100vw, 750px\" data-recalc-dims=\"1\" \/><\/figure><\/li><li class=\"blocks-gallery-item\"><figure><img data-attachment-id=\"1142\" data-permalink=\"https:\/\/pmi-del.cebem.org\/?attachment_id=1142\" data-orig-file=\"https:\/\/i0.wp.com\/pmi-del.cebem.org\/wp-content\/uploads\/2019\/09\/elaboracion-marca-4.jpeg?fit=1280%2C957&amp;ssl=1\" data-orig-size=\"1280,957\" data-comments-opened=\"1\" data-image-meta=\"{&quot;aperture&quot;:&quot;0&quot;,&quot;credit&quot;:&quot;&quot;,&quot;camera&quot;:&quot;&quot;,&quot;caption&quot;:&quot;&quot;,&quot;created_timestamp&quot;:&quot;0&quot;,&quot;copyright&quot;:&quot;&quot;,&quot;focal_length&quot;:&quot;0&quot;,&quot;iso&quot;:&quot;0&quot;,&quot;shutter_speed&quot;:&quot;0&quot;,&quot;title&quot;:&quot;&quot;,&quot;orientation&quot;:&quot;0&quot;}\" data-image-title=\"elaboracion-marca-4\" data-image-description=\"\" data-image-caption=\"\" data-medium-file=\"https:\/\/i0.wp.com\/pmi-del.cebem.org\/wp-content\/uploads\/2019\/09\/elaboracion-marca-4.jpeg?fit=300%2C224&amp;ssl=1\" data-large-file=\"https:\/\/i0.wp.com\/pmi-del.cebem.org\/wp-content\/uploads\/2019\/09\/elaboracion-marca-4.jpeg?fit=750%2C561&amp;ssl=1\" loading=\"lazy\" width=\"750\" height=\"561\" src=\"https:\/\/i0.wp.com\/pmi-del.cebem.org\/wp-content\/uploads\/2019\/09\/elaboracion-marca-4.jpeg?resize=750%2C561&#038;ssl=1\" alt=\"\" data-id=\"1142\" data-link=\"https:\/\/pmi-del.cebem.org\/?attachment_id=1142\" class=\"wp-image-1142\" srcset=\"https:\/\/i0.wp.com\/pmi-del.cebem.org\/wp-content\/uploads\/2019\/09\/elaboracion-marca-4.jpeg?resize=1024%2C766&amp;ssl=1 1024w, https:\/\/i0.wp.com\/pmi-del.cebem.org\/wp-content\/uploads\/2019\/09\/elaboracion-marca-4.jpeg?resize=300%2C224&amp;ssl=1 300w, https:\/\/i0.wp.com\/pmi-del.cebem.org\/wp-content\/uploads\/2019\/09\/elaboracion-marca-4.jpeg?resize=768%2C574&amp;ssl=1 768w, https:\/\/i0.wp.com\/pmi-del.cebem.org\/wp-content\/uploads\/2019\/09\/elaboracion-marca-4.jpeg?resize=135%2C100&amp;ssl=1 135w, https:\/\/i0.wp.com\/pmi-del.cebem.org\/wp-content\/uploads\/2019\/09\/elaboracion-marca-4.jpeg?w=1280&amp;ssl=1 1280w\" sizes=\"(max-width: 750px) 100vw, 750px\" data-recalc-dims=\"1\" \/><\/figure><\/li><li class=\"blocks-gallery-item\"><figure><img data-attachment-id=\"1141\" data-permalink=\"https:\/\/pmi-del.cebem.org\/?attachment_id=1141\" data-orig-file=\"https:\/\/i0.wp.com\/pmi-del.cebem.org\/wp-content\/uploads\/2019\/09\/elaboracion-marca-3.jpeg?fit=1280%2C957&amp;ssl=1\" data-orig-size=\"1280,957\" data-comments-opened=\"1\" data-image-meta=\"{&quot;aperture&quot;:&quot;0&quot;,&quot;credit&quot;:&quot;&quot;,&quot;camera&quot;:&quot;&quot;,&quot;caption&quot;:&quot;&quot;,&quot;created_timestamp&quot;:&quot;0&quot;,&quot;copyright&quot;:&quot;&quot;,&quot;focal_length&quot;:&quot;0&quot;,&quot;iso&quot;:&quot;0&quot;,&quot;shutter_speed&quot;:&quot;0&quot;,&quot;title&quot;:&quot;&quot;,&quot;orientation&quot;:&quot;0&quot;}\" data-image-title=\"elaboracion-marca-3\" data-image-description=\"\" data-image-caption=\"\" data-medium-file=\"https:\/\/i0.wp.com\/pmi-del.cebem.org\/wp-content\/uploads\/2019\/09\/elaboracion-marca-3.jpeg?fit=300%2C224&amp;ssl=1\" data-large-file=\"https:\/\/i0.wp.com\/pmi-del.cebem.org\/wp-content\/uploads\/2019\/09\/elaboracion-marca-3.jpeg?fit=750%2C561&amp;ssl=1\" loading=\"lazy\" width=\"750\" height=\"561\" src=\"https:\/\/i0.wp.com\/pmi-del.cebem.org\/wp-content\/uploads\/2019\/09\/elaboracion-marca-3.jpeg?resize=750%2C561&#038;ssl=1\" alt=\"\" data-id=\"1141\" data-link=\"https:\/\/pmi-del.cebem.org\/?attachment_id=1141\" class=\"wp-image-1141\" srcset=\"https:\/\/i0.wp.com\/pmi-del.cebem.org\/wp-content\/uploads\/2019\/09\/elaboracion-marca-3.jpeg?resize=1024%2C766&amp;ssl=1 1024w, https:\/\/i0.wp.com\/pmi-del.cebem.org\/wp-content\/uploads\/2019\/09\/elaboracion-marca-3.jpeg?resize=300%2C224&amp;ssl=1 300w, https:\/\/i0.wp.com\/pmi-del.cebem.org\/wp-content\/uploads\/2019\/09\/elaboracion-marca-3.jpeg?resize=768%2C574&amp;ssl=1 768w, https:\/\/i0.wp.com\/pmi-del.cebem.org\/wp-content\/uploads\/2019\/09\/elaboracion-marca-3.jpeg?resize=135%2C100&amp;ssl=1 135w, https:\/\/i0.wp.com\/pmi-del.cebem.org\/wp-content\/uploads\/2019\/09\/elaboracion-marca-3.jpeg?w=1280&amp;ssl=1 1280w\" sizes=\"(max-width: 750px) 100vw, 750px\" data-recalc-dims=\"1\" \/><\/figure><\/li><li class=\"blocks-gallery-item\"><figure><img data-attachment-id=\"1139\" data-permalink=\"https:\/\/pmi-del.cebem.org\/?attachment_id=1139\" data-orig-file=\"https:\/\/i0.wp.com\/pmi-del.cebem.org\/wp-content\/uploads\/2019\/09\/elaboracion-marca-1.jpeg?fit=1280%2C957&amp;ssl=1\" data-orig-size=\"1280,957\" data-comments-opened=\"1\" data-image-meta=\"{&quot;aperture&quot;:&quot;0&quot;,&quot;credit&quot;:&quot;&quot;,&quot;camera&quot;:&quot;&quot;,&quot;caption&quot;:&quot;&quot;,&quot;created_timestamp&quot;:&quot;0&quot;,&quot;copyright&quot;:&quot;&quot;,&quot;focal_length&quot;:&quot;0&quot;,&quot;iso&quot;:&quot;0&quot;,&quot;shutter_speed&quot;:&quot;0&quot;,&quot;title&quot;:&quot;&quot;,&quot;orientation&quot;:&quot;0&quot;}\" data-image-title=\"elaboracion-marca-1\" data-image-description=\"\" data-image-caption=\"\" data-medium-file=\"https:\/\/i0.wp.com\/pmi-del.cebem.org\/wp-content\/uploads\/2019\/09\/elaboracion-marca-1.jpeg?fit=300%2C224&amp;ssl=1\" data-large-file=\"https:\/\/i0.wp.com\/pmi-del.cebem.org\/wp-content\/uploads\/2019\/09\/elaboracion-marca-1.jpeg?fit=750%2C561&amp;ssl=1\" loading=\"lazy\" width=\"750\" height=\"561\" src=\"https:\/\/i0.wp.com\/pmi-del.cebem.org\/wp-content\/uploads\/2019\/09\/elaboracion-marca-1.jpeg?resize=750%2C561&#038;ssl=1\" alt=\"\" data-id=\"1139\" data-link=\"https:\/\/pmi-del.cebem.org\/?attachment_id=1139\" class=\"wp-image-1139\" srcset=\"https:\/\/i0.wp.com\/pmi-del.cebem.org\/wp-content\/uploads\/2019\/09\/elaboracion-marca-1.jpeg?resize=1024%2C766&amp;ssl=1 1024w, https:\/\/i0.wp.com\/pmi-del.cebem.org\/wp-content\/uploads\/2019\/09\/elaboracion-marca-1.jpeg?resize=300%2C224&amp;ssl=1 300w, https:\/\/i0.wp.com\/pmi-del.cebem.org\/wp-content\/uploads\/2019\/09\/elaboracion-marca-1.jpeg?resize=768%2C574&amp;ssl=1 768w, https:\/\/i0.wp.com\/pmi-del.cebem.org\/wp-content\/uploads\/2019\/09\/elaboracion-marca-1.jpeg?resize=135%2C100&amp;ssl=1 135w, https:\/\/i0.wp.com\/pmi-del.cebem.org\/wp-content\/uploads\/2019\/09\/elaboracion-marca-1.jpeg?w=1280&amp;ssl=1 1280w\" sizes=\"(max-width: 750px) 100vw, 750px\" data-recalc-dims=\"1\" \/><\/figure><\/li><\/ul>\n","protected":false},"excerpt":{"rendered":"<p>Con la participaci\u00f3n de m\u00e1s de 40 personas, representantes de sectores como, educaci\u00f3n, deporte, transporte, alba\u00f1iles, productores, pasteler\u00edas, artesanas, OTBs, autoridades del ejecutivo y legislativo, hoy se llev\u00f3 a cabo el primer taller sobre elaboraci\u00f3n de la Marca Pail\u00f3n.<\/p>\n","protected":false},"author":3,"featured_media":1140,"comment_status":"closed","ping_status":"closed","sticky":false,"template":"","format":"standard","meta":{"jetpack_publicize_message":"","jetpack_is_tweetstorm":false,"jetpack_publicize_feature_enabled":true},"categories":[3],"tags":[5],"jetpack_publicize_connections":[],"jetpack_featured_media_url":"https:\/\/i0.wp.com\/pmi-del.cebem.org\/wp-content\/uploads\/2019\/09\/elaboracion-marca-2.jpeg?fit=1280%2C960&ssl=1","jetpack_sharing_enabled":true,"jetpack_shortlink":"https:\/\/wp.me\/p9d00R-im","_links":{"self":[{"href":"https:\/\/pmi-del.cebem.org\/index.php?rest_route=\/wp\/v2\/posts\/1138"}],"collection":[{"href":"https:\/\/pmi-del.cebem.org\/index.php?rest_route=\/wp\/v2\/posts"}],"about":[{"href":"https:\/\/pmi-del.cebem.org\/index.php?rest_route=\/wp\/v2\/types\/post"}],"author":[{"embeddable":true,"href":"https:\/\/pmi-del.cebem.org\/index.php?rest_route=\/wp\/v2\/users\/3"}],"replies":[{"embeddable":true,"href":"https:\/\/pmi-del.cebem.org\/index.php?rest_route=%2Fwp%2Fv2%2Fcomments&post=1138"}],"version-history":[{"count":1,"href":"https:\/\/pmi-del.cebem.org\/index.php?rest_route=\/wp\/v2\/posts\/1138\/revisions"}],"predecessor-version":[{"id":1145,"href":"https:\/\/pmi-del.cebem.org\/index.php?rest_route=\/wp\/v2\/posts\/1138\/revisions\/1145"}],"wp:featuredmedia":[{"embeddable":true,"href":"https:\/\/pmi-del.cebem.org\/index.php?rest_route=\/wp\/v2\/media\/1140"}],"wp:attachment":[{"href":"https:\/\/pmi-del.cebem.org\/index.php?rest_route=%2Fwp%2Fv2%2Fmedia&parent=1138"}],"wp:term":[{"taxonomy":"category","embeddable":true,"href":"https:\/\/pmi-del.cebem.org\/index.php?rest_route=%2Fwp%2Fv2%2Fcategories&post=1138"},{"taxonomy":"post_tag","embeddable":true,"href":"https:\/\/pmi-del.cebem.org\/index.php?rest_route=%2Fwp%2Fv2%2Ftags&post=1138"}],"curies":[{"name":"wp","href":"https:\/\/api.w.org\/{rel}","templated":true}]}}