{"id":1135,"date":"2019-09-30T11:45:06","date_gmt":"2019-09-30T15:45:06","guid":{"rendered":"http:\/\/pmi-del.cebem.org\/?p=1135"},"modified":"2019-09-30T11:45:08","modified_gmt":"2019-09-30T15:45:08","slug":"en-pailon-socializan-programa-municipal-de-empleo-para-jovenes","status":"publish","type":"post","link":"https:\/\/pmi-del.cebem.org\/?p=1135","title":{"rendered":"En Pail\u00f3n socializan programa Municipal de Empleo para J\u00f3venes"},"content":{"rendered":"\n<p style=\"text-align:right\"><strong>Por: <\/strong>Danny Mario Perez, comunicador del Municipio de Pail\u00f3n<\/p>\n\n\n\n<div class=\"wp-block-image\"><figure class=\"aligncenter\"><img data-attachment-id=\"1136\" data-permalink=\"https:\/\/pmi-del.cebem.org\/?attachment_id=1136\" data-orig-file=\"https:\/\/i0.wp.com\/pmi-del.cebem.org\/wp-content\/uploads\/2019\/09\/capacitacion-jovenes.jpeg?fit=1032%2C774&amp;ssl=1\" data-orig-size=\"1032,774\" data-comments-opened=\"1\" data-image-meta=\"{&quot;aperture&quot;:&quot;0&quot;,&quot;credit&quot;:&quot;&quot;,&quot;camera&quot;:&quot;&quot;,&quot;caption&quot;:&quot;&quot;,&quot;created_timestamp&quot;:&quot;0&quot;,&quot;copyright&quot;:&quot;&quot;,&quot;focal_length&quot;:&quot;0&quot;,&quot;iso&quot;:&quot;0&quot;,&quot;shutter_speed&quot;:&quot;0&quot;,&quot;title&quot;:&quot;&quot;,&quot;orientation&quot;:&quot;0&quot;}\" data-image-title=\"capacitacion-jovenes\" data-image-description=\"\" data-image-caption=\"\" data-medium-file=\"https:\/\/i0.wp.com\/pmi-del.cebem.org\/wp-content\/uploads\/2019\/09\/capacitacion-jovenes.jpeg?fit=300%2C225&amp;ssl=1\" data-large-file=\"https:\/\/i0.wp.com\/pmi-del.cebem.org\/wp-content\/uploads\/2019\/09\/capacitacion-jovenes.jpeg?fit=750%2C563&amp;ssl=1\" loading=\"lazy\" width=\"750\" height=\"563\" src=\"https:\/\/i0.wp.com\/pmi-del.cebem.org\/wp-content\/uploads\/2019\/09\/capacitacion-jovenes.jpeg?resize=750%2C563&#038;ssl=1\" alt=\"\" class=\"wp-image-1136\" srcset=\"https:\/\/i0.wp.com\/pmi-del.cebem.org\/wp-content\/uploads\/2019\/09\/capacitacion-jovenes.jpeg?resize=1024%2C768&amp;ssl=1 1024w, https:\/\/i0.wp.com\/pmi-del.cebem.org\/wp-content\/uploads\/2019\/09\/capacitacion-jovenes.jpeg?resize=300%2C225&amp;ssl=1 300w, https:\/\/i0.wp.com\/pmi-del.cebem.org\/wp-content\/uploads\/2019\/09\/capacitacion-jovenes.jpeg?resize=768%2C576&amp;ssl=1 768w, https:\/\/i0.wp.com\/pmi-del.cebem.org\/wp-content\/uploads\/2019\/09\/capacitacion-jovenes.jpeg?resize=135%2C100&amp;ssl=1 135w, https:\/\/i0.wp.com\/pmi-del.cebem.org\/wp-content\/uploads\/2019\/09\/capacitacion-jovenes.jpeg?w=1032&amp;ssl=1 1032w\" sizes=\"(max-width: 750px) 100vw, 750px\" data-recalc-dims=\"1\" \/><\/figure><\/div>\n\n\n\n<p>Representantes de la Cooperaci\u00f3n canadiense, en coordinaci\u00f3n\ncon t\u00e9cnicos del Gobierno Municipal de Pail\u00f3n, realizaron el paso mi\u00e9rcoles, el\nprimer taller de socializaci\u00f3n de bolsas de empleos para j\u00f3venes. La actividad\nque se llev\u00f3 a cabo en el sal\u00f3n del Concejo Municipal, cont\u00f3 con la presencia\nde m\u00e1s de 20 j\u00f3venes entre hombre y mujeres.<\/p>\n\n\n\n<p>Con datos solidos basados en una mejor calidad de vida,\nIsaac Alvares, coordinador nacional de la Federaci\u00f3n Canadiense de\nMunicipalidades, realiz\u00f3 una exposici\u00f3n cuyos pilares fundamentales fueron, una\neducaci\u00f3n de calidad, empleo digno y vivienda.<\/p>\n\n\n\n<p>El taller fue participativo y se recogi\u00f3 la percepci\u00f3n de\nlos j\u00f3venes sobre esta importante iniciativa. Seg\u00fan el plan de acci\u00f3n del\nequipo PMI- Pail\u00f3n, el pr\u00f3ximo taller se realizar\u00e1 con presencia de empresarios\n(posibles contratantes) y representantes del Gobierno Nacional.<\/p>\n","protected":false},"excerpt":{"rendered":"<p>Representantes de la Cooperaci\u00f3n canadiense, en coordinaci\u00f3n con t\u00e9cnicos del Gobierno Municipal de Pail\u00f3n, realizaron el paso mi\u00e9rcoles, el primer taller de socializaci\u00f3n de bolsas de empleos para j\u00f3venes.<\/p>\n","protected":false},"author":3,"featured_media":1136,"comment_status":"closed","ping_status":"closed","sticky":false,"template":"","format":"standard","meta":{"jetpack_publicize_message":"En #Pail\u00f3n socializan programa Municipal de #Empleo para #J\u00f3venes","jetpack_is_tweetstorm":false,"jetpack_publicize_feature_enabled":true},"categories":[3],"tags":[5],"jetpack_publicize_connections":[],"jetpack_featured_media_url":"https:\/\/i0.wp.com\/pmi-del.cebem.org\/wp-content\/uploads\/2019\/09\/capacitacion-jovenes.jpeg?fit=1032%2C774&ssl=1","jetpack_sharing_enabled":true,"jetpack_shortlink":"https:\/\/wp.me\/p9d00R-ij","_links":{"self":[{"href":"https:\/\/pmi-del.cebem.org\/index.php?rest_route=\/wp\/v2\/posts\/1135"}],"collection":[{"href":"https:\/\/pmi-del.cebem.org\/index.php?rest_route=\/wp\/v2\/posts"}],"about":[{"href":"https:\/\/pmi-del.cebem.org\/index.php?rest_route=\/wp\/v2\/types\/post"}],"author":[{"embeddable":true,"href":"https:\/\/pmi-del.cebem.org\/index.php?rest_route=\/wp\/v2\/users\/3"}],"replies":[{"embeddable":true,"href":"https:\/\/pmi-del.cebem.org\/index.php?rest_route=%2Fwp%2Fv2%2Fcomments&post=1135"}],"version-history":[{"count":1,"href":"https:\/\/pmi-del.cebem.org\/index.php?rest_route=\/wp\/v2\/posts\/1135\/revisions"}],"predecessor-version":[{"id":1137,"href":"https:\/\/pmi-del.cebem.org\/index.php?rest_route=\/wp\/v2\/posts\/1135\/revisions\/1137"}],"wp:featuredmedia":[{"embeddable":true,"href":"https:\/\/pmi-del.cebem.org\/index.php?rest_route=\/wp\/v2\/media\/1136"}],"wp:attachment":[{"href":"https:\/\/pmi-del.cebem.org\/index.php?rest_route=%2Fwp%2Fv2%2Fmedia&parent=1135"}],"wp:term":[{"taxonomy":"category","embeddable":true,"href":"https:\/\/pmi-del.cebem.org\/index.php?rest_route=%2Fwp%2Fv2%2Fcategories&post=1135"},{"taxonomy":"post_tag","embeddable":true,"href":"https:\/\/pmi-del.cebem.org\/index.php?rest_route=%2Fwp%2Fv2%2Ftags&post=1135"}],"curies":[{"name":"wp","href":"https:\/\/api.w.org\/{rel}","templated":true}]}}