{"id":1091,"date":"2019-08-26T14:00:38","date_gmt":"2019-08-26T18:00:38","guid":{"rendered":"http:\/\/pmi-del.cebem.org\/?p=1091"},"modified":"2019-08-26T16:46:22","modified_gmt":"2019-08-26T20:46:22","slug":"alcaldia-coloca-letrero-con-tematica-chiquitana","status":"publish","type":"post","link":"https:\/\/pmi-del.cebem.org\/?p=1091","title":{"rendered":"Alcald\u00eda coloca letrero con tem\u00e1tica chiquitana"},"content":{"rendered":"\n<p style=\"text-align:right\"><strong>Por:<\/strong> Danny Mario Perez, comunicador del Municipio de Pail\u00f3n<\/p>\n\n\n\n<div data-carousel-extra='{\"blog_id\":1,\"permalink\":\"https:\\\/\\\/pmi-del.cebem.org\\\/?p=1091\"}' class=\"wp-block-image\"><figure class=\"aligncenter\"><img data-attachment-id=\"1092\" data-permalink=\"https:\/\/pmi-del.cebem.org\/?attachment_id=1092\" data-orig-file=\"https:\/\/i0.wp.com\/pmi-del.cebem.org\/wp-content\/uploads\/2019\/08\/WhatsApp-Image-2019-08-23-at-19.42.10.jpeg?fit=1212%2C1080&amp;ssl=1\" data-orig-size=\"1212,1080\" data-comments-opened=\"1\" data-image-meta=\"{&quot;aperture&quot;:&quot;0&quot;,&quot;credit&quot;:&quot;&quot;,&quot;camera&quot;:&quot;&quot;,&quot;caption&quot;:&quot;&quot;,&quot;created_timestamp&quot;:&quot;0&quot;,&quot;copyright&quot;:&quot;&quot;,&quot;focal_length&quot;:&quot;0&quot;,&quot;iso&quot;:&quot;0&quot;,&quot;shutter_speed&quot;:&quot;0&quot;,&quot;title&quot;:&quot;&quot;,&quot;orientation&quot;:&quot;0&quot;}\" data-image-title=\"WhatsApp Image 2019-08-23 at 19.42.10\" data-image-description=\"\" data-image-caption=\"\" data-medium-file=\"https:\/\/i0.wp.com\/pmi-del.cebem.org\/wp-content\/uploads\/2019\/08\/WhatsApp-Image-2019-08-23-at-19.42.10.jpeg?fit=300%2C267&amp;ssl=1\" data-large-file=\"https:\/\/i0.wp.com\/pmi-del.cebem.org\/wp-content\/uploads\/2019\/08\/WhatsApp-Image-2019-08-23-at-19.42.10.jpeg?fit=750%2C668&amp;ssl=1\" loading=\"lazy\" width=\"750\" height=\"668\" src=\"https:\/\/i0.wp.com\/pmi-del.cebem.org\/wp-content\/uploads\/2019\/08\/WhatsApp-Image-2019-08-23-at-19.42.10.jpeg?resize=750%2C668&#038;ssl=1\" alt=\"\" class=\"wp-image-1092\" srcset=\"https:\/\/i0.wp.com\/pmi-del.cebem.org\/wp-content\/uploads\/2019\/08\/WhatsApp-Image-2019-08-23-at-19.42.10.jpeg?resize=1024%2C912&amp;ssl=1 1024w, https:\/\/i0.wp.com\/pmi-del.cebem.org\/wp-content\/uploads\/2019\/08\/WhatsApp-Image-2019-08-23-at-19.42.10.jpeg?resize=300%2C267&amp;ssl=1 300w, https:\/\/i0.wp.com\/pmi-del.cebem.org\/wp-content\/uploads\/2019\/08\/WhatsApp-Image-2019-08-23-at-19.42.10.jpeg?resize=768%2C684&amp;ssl=1 768w, https:\/\/i0.wp.com\/pmi-del.cebem.org\/wp-content\/uploads\/2019\/08\/WhatsApp-Image-2019-08-23-at-19.42.10.jpeg?w=1212&amp;ssl=1 1212w\" sizes=\"(max-width: 750px) 100vw, 750px\" data-recalc-dims=\"1\" \/><\/figure><\/div>\n\n\n\n<p style=\"text-align:justify\">La plaza de Pail\u00f3n suma puntos atractivos. Adem\u00e1s del\naltillo o chulito con madera tallada y los murales chiquitanos a su alrededor,\ny la elegancia de las verjas blancas, que protegen la renovada jardinera. Ahora\ncuenta con un elemento que le da un plus en el impacto visual al cuadro de su\nimponente iglesia.<\/p>\n\n\n\n<p style=\"text-align:justify\">Se trata de un letrero tallado en madera Guayacan, que\ndestaca en letras blancas \u201cPail\u00f3n, Portal de la Chiquitan\u00eda\u201d y sella con la\nfecha de creaci\u00f3n como municipio aut\u00f3nomo \u201c24 de noviembre de 1993\u201d. Esta\nhermosa estructura realizada por manos pailone\u00f1as, se encuentra frente a la\niglesia Nuestra Se\u00f1ora de F\u00e1tima.<\/p>\n\n\n\n<p style=\"text-align:justify\">El estrat\u00e9gico lugar donde fue colocado, permite tomarse\nhermosas fotograf\u00edas tiendo como fondo la iglesia que tambi\u00e9n es un icono de la\nregi\u00f3n chiquitana.<\/p>\n\n\n\n<ul data-carousel-extra='{\"blog_id\":1,\"permalink\":\"https:\\\/\\\/pmi-del.cebem.org\\\/?p=1091\"}' class=\"wp-container-2 wp-block-gallery-1 wp-block-gallery aligncenter columns-1 is-cropped\"><li class=\"blocks-gallery-item\"><figure><img data-attachment-id=\"1093\" data-permalink=\"https:\/\/pmi-del.cebem.org\/?attachment_id=1093\" data-orig-file=\"https:\/\/i0.wp.com\/pmi-del.cebem.org\/wp-content\/uploads\/2019\/08\/WhatsApp-Image-2019-08-23-at-19.43.03.jpeg?fit=1032%2C774&amp;ssl=1\" data-orig-size=\"1032,774\" data-comments-opened=\"1\" data-image-meta=\"{&quot;aperture&quot;:&quot;0&quot;,&quot;credit&quot;:&quot;&quot;,&quot;camera&quot;:&quot;&quot;,&quot;caption&quot;:&quot;&quot;,&quot;created_timestamp&quot;:&quot;0&quot;,&quot;copyright&quot;:&quot;&quot;,&quot;focal_length&quot;:&quot;0&quot;,&quot;iso&quot;:&quot;0&quot;,&quot;shutter_speed&quot;:&quot;0&quot;,&quot;title&quot;:&quot;&quot;,&quot;orientation&quot;:&quot;0&quot;}\" data-image-title=\"WhatsApp Image 2019-08-23 at 19.43.03\" data-image-description=\"\" data-image-caption=\"\" data-medium-file=\"https:\/\/i0.wp.com\/pmi-del.cebem.org\/wp-content\/uploads\/2019\/08\/WhatsApp-Image-2019-08-23-at-19.43.03.jpeg?fit=300%2C225&amp;ssl=1\" data-large-file=\"https:\/\/i0.wp.com\/pmi-del.cebem.org\/wp-content\/uploads\/2019\/08\/WhatsApp-Image-2019-08-23-at-19.43.03.jpeg?fit=750%2C563&amp;ssl=1\" loading=\"lazy\" width=\"750\" height=\"563\" src=\"https:\/\/i0.wp.com\/pmi-del.cebem.org\/wp-content\/uploads\/2019\/08\/WhatsApp-Image-2019-08-23-at-19.43.03.jpeg?resize=750%2C563&#038;ssl=1\" alt=\"\" data-id=\"1093\" data-link=\"https:\/\/pmi-del.cebem.org\/?attachment_id=1093\" class=\"wp-image-1093\" srcset=\"https:\/\/i0.wp.com\/pmi-del.cebem.org\/wp-content\/uploads\/2019\/08\/WhatsApp-Image-2019-08-23-at-19.43.03.jpeg?w=1032&amp;ssl=1 1032w, https:\/\/i0.wp.com\/pmi-del.cebem.org\/wp-content\/uploads\/2019\/08\/WhatsApp-Image-2019-08-23-at-19.43.03.jpeg?resize=300%2C225&amp;ssl=1 300w, https:\/\/i0.wp.com\/pmi-del.cebem.org\/wp-content\/uploads\/2019\/08\/WhatsApp-Image-2019-08-23-at-19.43.03.jpeg?resize=768%2C576&amp;ssl=1 768w, https:\/\/i0.wp.com\/pmi-del.cebem.org\/wp-content\/uploads\/2019\/08\/WhatsApp-Image-2019-08-23-at-19.43.03.jpeg?resize=1024%2C768&amp;ssl=1 1024w, https:\/\/i0.wp.com\/pmi-del.cebem.org\/wp-content\/uploads\/2019\/08\/WhatsApp-Image-2019-08-23-at-19.43.03.jpeg?resize=135%2C100&amp;ssl=1 135w\" sizes=\"(max-width: 750px) 100vw, 750px\" data-recalc-dims=\"1\" \/><\/figure><\/li><li class=\"blocks-gallery-item\"><figure><img data-attachment-id=\"1094\" data-permalink=\"https:\/\/pmi-del.cebem.org\/?attachment_id=1094\" data-orig-file=\"https:\/\/i0.wp.com\/pmi-del.cebem.org\/wp-content\/uploads\/2019\/08\/WhatsApp-Image-2019-08-23-at-19.43.031.jpeg?fit=1032%2C774&amp;ssl=1\" data-orig-size=\"1032,774\" data-comments-opened=\"1\" data-image-meta=\"{&quot;aperture&quot;:&quot;0&quot;,&quot;credit&quot;:&quot;&quot;,&quot;camera&quot;:&quot;&quot;,&quot;caption&quot;:&quot;&quot;,&quot;created_timestamp&quot;:&quot;0&quot;,&quot;copyright&quot;:&quot;&quot;,&quot;focal_length&quot;:&quot;0&quot;,&quot;iso&quot;:&quot;0&quot;,&quot;shutter_speed&quot;:&quot;0&quot;,&quot;title&quot;:&quot;&quot;,&quot;orientation&quot;:&quot;0&quot;}\" data-image-title=\"WhatsApp Image 2019-08-23 at 19.43.03(1)\" data-image-description=\"\" data-image-caption=\"&lt;p&gt;Alcald\u00eda coloca letrero con tem\u00e1tica chiquitana&lt;\/p&gt;\n\" data-medium-file=\"https:\/\/i0.wp.com\/pmi-del.cebem.org\/wp-content\/uploads\/2019\/08\/WhatsApp-Image-2019-08-23-at-19.43.031.jpeg?fit=300%2C225&amp;ssl=1\" data-large-file=\"https:\/\/i0.wp.com\/pmi-del.cebem.org\/wp-content\/uploads\/2019\/08\/WhatsApp-Image-2019-08-23-at-19.43.031.jpeg?fit=750%2C563&amp;ssl=1\" loading=\"lazy\" width=\"750\" height=\"563\" src=\"https:\/\/i0.wp.com\/pmi-del.cebem.org\/wp-content\/uploads\/2019\/08\/WhatsApp-Image-2019-08-23-at-19.43.031.jpeg?resize=750%2C563&#038;ssl=1\" alt=\"\" data-id=\"1094\" data-link=\"https:\/\/pmi-del.cebem.org\/?attachment_id=1094\" class=\"wp-image-1094\" srcset=\"https:\/\/i0.wp.com\/pmi-del.cebem.org\/wp-content\/uploads\/2019\/08\/WhatsApp-Image-2019-08-23-at-19.43.031.jpeg?w=1032&amp;ssl=1 1032w, https:\/\/i0.wp.com\/pmi-del.cebem.org\/wp-content\/uploads\/2019\/08\/WhatsApp-Image-2019-08-23-at-19.43.031.jpeg?resize=300%2C225&amp;ssl=1 300w, https:\/\/i0.wp.com\/pmi-del.cebem.org\/wp-content\/uploads\/2019\/08\/WhatsApp-Image-2019-08-23-at-19.43.031.jpeg?resize=768%2C576&amp;ssl=1 768w, https:\/\/i0.wp.com\/pmi-del.cebem.org\/wp-content\/uploads\/2019\/08\/WhatsApp-Image-2019-08-23-at-19.43.031.jpeg?resize=1024%2C768&amp;ssl=1 1024w, https:\/\/i0.wp.com\/pmi-del.cebem.org\/wp-content\/uploads\/2019\/08\/WhatsApp-Image-2019-08-23-at-19.43.031.jpeg?resize=135%2C100&amp;ssl=1 135w\" sizes=\"(max-width: 750px) 100vw, 750px\" data-recalc-dims=\"1\" \/><\/figure><\/li><\/ul>\n\n\n\n<p style=\"text-align:justify\">El alcalde de Pail\u00f3n, Marcial Cruz Ortiz, mencion\u00f3 tambi\u00e9n que\nse coloc\u00f3 una estructura similar al ingreso al Pueblo. \u201cPoco a poco estamos\nestampando la l\u00ednea chiquitana en nuestro municipio. Otra obra que sigue la\nmisma l\u00ednea es el parque ecotur\u00edstico que ya tiene un 20% de avance y que\ntambi\u00e9n abrazar\u00e1 la cultura chiquitana\u201d, dijo el alcalde.<\/p>\n","protected":false},"excerpt":{"rendered":"<p>Un letrero tallado en madera Guayacan destaca en letras blancas \u201cPail\u00f3n, Portal de la Chiquitan\u00eda\u201d y sella con la fecha de creaci\u00f3n como municipio aut\u00f3nomo \u201c24 de noviembre de 1993\u201d.<br \/>\nEsta hermosa estructura realizada por manos pailone\u00f1as, se encuentra frente a la iglesia Nuestra Se\u00f1ora de F\u00e1tima.<\/p>\n","protected":false},"author":3,"featured_media":1092,"comment_status":"closed","ping_status":"closed","sticky":false,"template":"","format":"standard","meta":{"jetpack_publicize_message":"Un letrero tallado en madera Guayacan destaca en letras blancas \u201c#Pail\u00f3n, Portal de la Chiquitan\u00eda\u201d y sella con la fecha de creaci\u00f3n como municipio aut\u00f3nomo \u201c24 de noviembre de 1993\u201d. Esta hermosa estructura fue realizada por manos pailone\u00f1as.","jetpack_is_tweetstorm":false,"jetpack_publicize_feature_enabled":true},"categories":[3],"tags":[5],"jetpack_publicize_connections":[],"jetpack_featured_media_url":"https:\/\/i0.wp.com\/pmi-del.cebem.org\/wp-content\/uploads\/2019\/08\/WhatsApp-Image-2019-08-23-at-19.42.10.jpeg?fit=1212%2C1080&ssl=1","jetpack_sharing_enabled":true,"jetpack_shortlink":"https:\/\/wp.me\/p9d00R-hB","_links":{"self":[{"href":"https:\/\/pmi-del.cebem.org\/index.php?rest_route=\/wp\/v2\/posts\/1091"}],"collection":[{"href":"https:\/\/pmi-del.cebem.org\/index.php?rest_route=\/wp\/v2\/posts"}],"about":[{"href":"https:\/\/pmi-del.cebem.org\/index.php?rest_route=\/wp\/v2\/types\/post"}],"author":[{"embeddable":true,"href":"https:\/\/pmi-del.cebem.org\/index.php?rest_route=\/wp\/v2\/users\/3"}],"replies":[{"embeddable":true,"href":"https:\/\/pmi-del.cebem.org\/index.php?rest_route=%2Fwp%2Fv2%2Fcomments&post=1091"}],"version-history":[{"count":2,"href":"https:\/\/pmi-del.cebem.org\/index.php?rest_route=\/wp\/v2\/posts\/1091\/revisions"}],"predecessor-version":[{"id":1100,"href":"https:\/\/pmi-del.cebem.org\/index.php?rest_route=\/wp\/v2\/posts\/1091\/revisions\/1100"}],"wp:featuredmedia":[{"embeddable":true,"href":"https:\/\/pmi-del.cebem.org\/index.php?rest_route=\/wp\/v2\/media\/1092"}],"wp:attachment":[{"href":"https:\/\/pmi-del.cebem.org\/index.php?rest_route=%2Fwp%2Fv2%2Fmedia&parent=1091"}],"wp:term":[{"taxonomy":"category","embeddable":true,"href":"https:\/\/pmi-del.cebem.org\/index.php?rest_route=%2Fwp%2Fv2%2Fcategories&post=1091"},{"taxonomy":"post_tag","embeddable":true,"href":"https:\/\/pmi-del.cebem.org\/index.php?rest_route=%2Fwp%2Fv2%2Ftags&post=1091"}],"curies":[{"name":"wp","href":"https:\/\/api.w.org\/{rel}","templated":true}]}}