{"id":1045,"date":"2019-08-23T10:27:06","date_gmt":"2019-08-23T14:27:06","guid":{"rendered":"http:\/\/pmi-del.cebem.org\/?p=1045"},"modified":"2019-08-26T11:41:14","modified_gmt":"2019-08-26T15:41:14","slug":"bolivia-boletin-numero-5-julio-2019","status":"publish","type":"post","link":"https:\/\/pmi-del.cebem.org\/?p=1045","title":{"rendered":"BOLIVIA | Bolet\u00edn n\u00famero 5 | Julio 2019"},"content":{"rendered":"\n<div class=\"wp-block-media-text\" style=\"background-color:#731b3d;grid-template-columns:40% auto\"><figure class=\"wp-block-media-text__media\"><img data-attachment-id=\"829\" data-permalink=\"https:\/\/pmi-del.cebem.org\/?attachment_id=829\" data-orig-file=\"https:\/\/i0.wp.com\/pmi-del.cebem.org\/wp-content\/uploads\/2019\/05\/logo-pmi-xl-fondo.jpg?fit=600%2C300&amp;ssl=1\" data-orig-size=\"600,300\" data-comments-opened=\"1\" data-image-meta=\"{&quot;aperture&quot;:&quot;0&quot;,&quot;credit&quot;:&quot;&quot;,&quot;camera&quot;:&quot;&quot;,&quot;caption&quot;:&quot;&quot;,&quot;created_timestamp&quot;:&quot;0&quot;,&quot;copyright&quot;:&quot;&quot;,&quot;focal_length&quot;:&quot;0&quot;,&quot;iso&quot;:&quot;0&quot;,&quot;shutter_speed&quot;:&quot;0&quot;,&quot;title&quot;:&quot;&quot;,&quot;orientation&quot;:&quot;0&quot;}\" data-image-title=\"logo-pmi-xl-fondo\" data-image-description=\"\" data-image-caption=\"\" data-medium-file=\"https:\/\/i0.wp.com\/pmi-del.cebem.org\/wp-content\/uploads\/2019\/05\/logo-pmi-xl-fondo.jpg?fit=300%2C150&amp;ssl=1\" data-large-file=\"https:\/\/i0.wp.com\/pmi-del.cebem.org\/wp-content\/uploads\/2019\/05\/logo-pmi-xl-fondo.jpg?fit=600%2C300&amp;ssl=1\" loading=\"lazy\" width=\"600\" height=\"300\" src=\"https:\/\/i0.wp.com\/pmi-del.cebem.org\/wp-content\/uploads\/2019\/05\/logo-pmi-xl-fondo.jpg?resize=600%2C300&#038;ssl=1\" alt=\"\" class=\"wp-image-829\" srcset=\"https:\/\/i0.wp.com\/pmi-del.cebem.org\/wp-content\/uploads\/2019\/05\/logo-pmi-xl-fondo.jpg?w=600&amp;ssl=1 600w, https:\/\/i0.wp.com\/pmi-del.cebem.org\/wp-content\/uploads\/2019\/05\/logo-pmi-xl-fondo.jpg?resize=300%2C150&amp;ssl=1 300w\" sizes=\"(max-width: 600px) 100vw, 600px\" data-recalc-dims=\"1\" \/><\/figure><div class=\"wp-block-media-text__content\">\n<p style=\"color:#ffffff;text-align:right\" class=\"has-text-color has-medium-font-size\"><strong>Partenariados Municipales para la Innovaci\u00f3n en Desarrollo Econ\u00f3mico Local<\/strong><\/p>\n<\/div><\/div>\n\n\n\n<p style=\"background-color:#dcede2;text-align:right\" class=\"has-background\"><strong>BOLIVIA | Bolet\u00edn n\u00famero 5 | Julio 2019<\/strong><\/p>\n\n\n\n<h2 style=\"text-align:center\">El programa de partenariado de Bolivia participa en<\/h2>\n\n\n\n<h3 style=\"text-align:center\" id=\"_ftnref1\"><strong>La Conferencia Global \u201cWomen Deliver \u2013 2019\u201d<\/strong><a href=\"#_ftn1\">[1]<\/a><\/h3>\n\n\n\n<p style=\"text-align:center\"><strong><em>Una cooperaci\u00f3n que globaliza las buenas pr\u00e1cticas\nlocales<\/em><\/strong><\/p>\n\n\n\n<p style=\"background-color:#d9ffff;text-align:center\" class=\"has-background has-medium-font-size\"><strong>Cooperaci\u00f3n que aporta al mundo muchas experiencias que resultan aprendizajes a trav\u00e9s de la lente de \u201cPoder &#8211; Progreso &#8211; Cambio\u201d.<\/strong><br><br><strong>Profundizando la ciudadan\u00eda con el aporte de la lente de g\u00e9nero.<\/strong> <\/p>\n\n\n\n<div class=\"wp-block-image\"><figure class=\"aligncenter\"><img data-attachment-id=\"1044\" data-permalink=\"https:\/\/pmi-del.cebem.org\/?attachment_id=1044\" data-orig-file=\"https:\/\/i0.wp.com\/pmi-del.cebem.org\/wp-content\/uploads\/2019\/08\/bol05-01.jpg?fit=1400%2C694&amp;ssl=1\" data-orig-size=\"1400,694\" data-comments-opened=\"1\" data-image-meta=\"{&quot;aperture&quot;:&quot;0&quot;,&quot;credit&quot;:&quot;&quot;,&quot;camera&quot;:&quot;&quot;,&quot;caption&quot;:&quot;&quot;,&quot;created_timestamp&quot;:&quot;0&quot;,&quot;copyright&quot;:&quot;&quot;,&quot;focal_length&quot;:&quot;0&quot;,&quot;iso&quot;:&quot;0&quot;,&quot;shutter_speed&quot;:&quot;0&quot;,&quot;title&quot;:&quot;&quot;,&quot;orientation&quot;:&quot;0&quot;}\" data-image-title=\"bol05-01\" data-image-description=\"\" data-image-caption=\"\" data-medium-file=\"https:\/\/i0.wp.com\/pmi-del.cebem.org\/wp-content\/uploads\/2019\/08\/bol05-01.jpg?fit=300%2C149&amp;ssl=1\" data-large-file=\"https:\/\/i0.wp.com\/pmi-del.cebem.org\/wp-content\/uploads\/2019\/08\/bol05-01.jpg?fit=750%2C372&amp;ssl=1\" loading=\"lazy\" width=\"750\" height=\"372\" src=\"https:\/\/i0.wp.com\/pmi-del.cebem.org\/wp-content\/uploads\/2019\/08\/bol05-01.jpg?resize=750%2C372&#038;ssl=1\" alt=\"\" class=\"wp-image-1044\" srcset=\"https:\/\/i0.wp.com\/pmi-del.cebem.org\/wp-content\/uploads\/2019\/08\/bol05-01.jpg?resize=1024%2C508&amp;ssl=1 1024w, https:\/\/i0.wp.com\/pmi-del.cebem.org\/wp-content\/uploads\/2019\/08\/bol05-01.jpg?resize=300%2C149&amp;ssl=1 300w, https:\/\/i0.wp.com\/pmi-del.cebem.org\/wp-content\/uploads\/2019\/08\/bol05-01.jpg?resize=768%2C381&amp;ssl=1 768w, https:\/\/i0.wp.com\/pmi-del.cebem.org\/wp-content\/uploads\/2019\/08\/bol05-01.jpg?w=1400&amp;ssl=1 1400w\" sizes=\"(max-width: 750px) 100vw, 750px\" data-recalc-dims=\"1\" \/><\/figure><\/div>\n\n\n\n<p style=\"text-align:justify\" id=\"_ftnref2\">La FCM, que implementa el programa Partenariados Municipales para la\nInnovaci\u00f3n en el Desarrollo Econ\u00f3mico Local (PMI-LED) en 7 pa\u00edses <a href=\"#_ftn2\">[2]<\/a>,\nno pod\u00eda estar ausente en un evento como este, ni ignorar los aportes que hoy\nd\u00eda profundizan el concepto de ciudadan\u00eda de mano de los liderazgos de la\nmujer. <\/p>\n\n\n\n<div class=\"wp-block-image\"><figure class=\"aligncenter\"><img data-attachment-id=\"1047\" data-permalink=\"https:\/\/pmi-del.cebem.org\/?attachment_id=1047\" data-orig-file=\"https:\/\/i0.wp.com\/pmi-del.cebem.org\/wp-content\/uploads\/2019\/08\/bol05-02.jpg?fit=1280%2C957&amp;ssl=1\" data-orig-size=\"1280,957\" data-comments-opened=\"1\" data-image-meta=\"{&quot;aperture&quot;:&quot;0&quot;,&quot;credit&quot;:&quot;&quot;,&quot;camera&quot;:&quot;&quot;,&quot;caption&quot;:&quot;&quot;,&quot;created_timestamp&quot;:&quot;0&quot;,&quot;copyright&quot;:&quot;&quot;,&quot;focal_length&quot;:&quot;0&quot;,&quot;iso&quot;:&quot;0&quot;,&quot;shutter_speed&quot;:&quot;0&quot;,&quot;title&quot;:&quot;&quot;,&quot;orientation&quot;:&quot;0&quot;}\" data-image-title=\"bol05-02\" data-image-description=\"\" data-image-caption=\"\" data-medium-file=\"https:\/\/i0.wp.com\/pmi-del.cebem.org\/wp-content\/uploads\/2019\/08\/bol05-02.jpg?fit=300%2C224&amp;ssl=1\" data-large-file=\"https:\/\/i0.wp.com\/pmi-del.cebem.org\/wp-content\/uploads\/2019\/08\/bol05-02.jpg?fit=750%2C561&amp;ssl=1\" loading=\"lazy\" width=\"750\" height=\"561\" src=\"https:\/\/i0.wp.com\/pmi-del.cebem.org\/wp-content\/uploads\/2019\/08\/bol05-02.jpg?resize=750%2C561&#038;ssl=1\" alt=\"\" class=\"wp-image-1047\" srcset=\"https:\/\/i0.wp.com\/pmi-del.cebem.org\/wp-content\/uploads\/2019\/08\/bol05-02.jpg?resize=1024%2C766&amp;ssl=1 1024w, https:\/\/i0.wp.com\/pmi-del.cebem.org\/wp-content\/uploads\/2019\/08\/bol05-02.jpg?resize=300%2C224&amp;ssl=1 300w, https:\/\/i0.wp.com\/pmi-del.cebem.org\/wp-content\/uploads\/2019\/08\/bol05-02.jpg?resize=768%2C574&amp;ssl=1 768w, https:\/\/i0.wp.com\/pmi-del.cebem.org\/wp-content\/uploads\/2019\/08\/bol05-02.jpg?resize=135%2C100&amp;ssl=1 135w, https:\/\/i0.wp.com\/pmi-del.cebem.org\/wp-content\/uploads\/2019\/08\/bol05-02.jpg?w=1280&amp;ssl=1 1280w\" sizes=\"(max-width: 750px) 100vw, 750px\" data-recalc-dims=\"1\" \/><\/figure><\/div>\n\n\n\n<p style=\"text-align:justify\" id=\"_ftnref3\">La Project Manager Katherine\nMurillo, y la Dra. Mar\u00eda Patricia Arce Guzm\u00e1n, honorable alcaldesa de Vinto y\nel t\u00e9cnico Erik Meier <a href=\"#_ftn3\">[3]<\/a>del\nProyecto en Bolivia, junto a participantes seleccionadas de los otros pa\u00edses que\nimplementan el Programa, participaron activamente en el Evento. La Alcaldesa de\nVinto, particip\u00f3 como autoridad electa, l\u00edder y miembro de la Asociaci\u00f3n de\nMunicipios Departamental de Cochabamba (AMDECO) y de la Asociaci\u00f3n\nDepartamental de Concejalas de Bolivia (ACOBOL). La Dra. Patricia comparti\u00f3 sus\nexperiencias de liderazgo, como actor en decisiones pol\u00edticas bajo el lente\nequidad a inclusi\u00f3n de g\u00e9nero en este evento que reuni\u00f3 a m\u00e1s de 6,000 l\u00edderes\nmundiales, personas influyentes, defensores, acad\u00e9micos, activistas y\nperiodistas que se centran en la igualdad de g\u00e9nero. <\/p>\n\n\n\n<figure class=\"wp-block-pullquote is-style-default\"><blockquote><p>La Conferencia se centr\u00f3 en el poder y en c\u00f3mo puede impulsar o dificultar el progreso y el cambio. Con especial \u00e9nfasis en el acceso de las mujeres y las barreras al poder estructural. <\/p><\/blockquote><\/figure>\n\n\n\n<div style=\"height:50px\" aria-hidden=\"true\" class=\"wp-block-spacer\"><\/div>\n\n\n\n<div class=\"wp-block-image\"><figure class=\"aligncenter\"><img data-attachment-id=\"1048\" data-permalink=\"https:\/\/pmi-del.cebem.org\/?attachment_id=1048\" data-orig-file=\"https:\/\/i0.wp.com\/pmi-del.cebem.org\/wp-content\/uploads\/2019\/08\/bol05-03.jpg?fit=1280%2C957&amp;ssl=1\" data-orig-size=\"1280,957\" data-comments-opened=\"1\" data-image-meta=\"{&quot;aperture&quot;:&quot;0&quot;,&quot;credit&quot;:&quot;&quot;,&quot;camera&quot;:&quot;&quot;,&quot;caption&quot;:&quot;&quot;,&quot;created_timestamp&quot;:&quot;0&quot;,&quot;copyright&quot;:&quot;&quot;,&quot;focal_length&quot;:&quot;0&quot;,&quot;iso&quot;:&quot;0&quot;,&quot;shutter_speed&quot;:&quot;0&quot;,&quot;title&quot;:&quot;&quot;,&quot;orientation&quot;:&quot;0&quot;}\" data-image-title=\"bol05-03\" data-image-description=\"\" data-image-caption=\"\" data-medium-file=\"https:\/\/i0.wp.com\/pmi-del.cebem.org\/wp-content\/uploads\/2019\/08\/bol05-03.jpg?fit=300%2C224&amp;ssl=1\" data-large-file=\"https:\/\/i0.wp.com\/pmi-del.cebem.org\/wp-content\/uploads\/2019\/08\/bol05-03.jpg?fit=750%2C561&amp;ssl=1\" loading=\"lazy\" width=\"750\" height=\"561\" src=\"https:\/\/i0.wp.com\/pmi-del.cebem.org\/wp-content\/uploads\/2019\/08\/bol05-03.jpg?resize=750%2C561&#038;ssl=1\" alt=\"\" class=\"wp-image-1048\" srcset=\"https:\/\/i0.wp.com\/pmi-del.cebem.org\/wp-content\/uploads\/2019\/08\/bol05-03.jpg?resize=1024%2C766&amp;ssl=1 1024w, https:\/\/i0.wp.com\/pmi-del.cebem.org\/wp-content\/uploads\/2019\/08\/bol05-03.jpg?resize=300%2C224&amp;ssl=1 300w, https:\/\/i0.wp.com\/pmi-del.cebem.org\/wp-content\/uploads\/2019\/08\/bol05-03.jpg?resize=768%2C574&amp;ssl=1 768w, https:\/\/i0.wp.com\/pmi-del.cebem.org\/wp-content\/uploads\/2019\/08\/bol05-03.jpg?resize=135%2C100&amp;ssl=1 135w, https:\/\/i0.wp.com\/pmi-del.cebem.org\/wp-content\/uploads\/2019\/08\/bol05-03.jpg?w=1280&amp;ssl=1 1280w\" sizes=\"(max-width: 750px) 100vw, 750px\" data-recalc-dims=\"1\" \/><\/figure><\/div>\n\n\n\n<p style=\"text-align:justify\">La participaci\u00f3n de las mujeres en la pol\u00edtica ayuda a promover la\nigualdad de g\u00e9nero y afecta a una enorme gama de temas de pol\u00edtica y a los\ntipos de soluciones que se proponen.<\/p>\n\n\n\n<p style=\"background-color:#d9ffff\" class=\"has-background has-medium-font-size\" id=\"bol5-1\"><strong>Entre las expectativas de la\nparticipaci\u00f3n destacaban <\/strong><\/p>\n\n\n\n<p style=\"text-align:justify\" class=\"has-background has-very-light-gray-background-color\">\u27a5 Promover conciencia sobre el camino a la paridad y sobre los proyectos internacionales de la FCM en la promoci\u00f3n de g\u00e9nero y su impacto y valor;<br>\u27a5 Promover la construcci\u00f3n de relaciones y networking entre los  delegados de los programas internacionales y los representantes de  municipios canadienses que participan de la Conferencia Women Deliver; <br>\u27a5 Incrementar la base de conocimientos de la FCM y las redes municipales  de l\u00edderes canadienses en la tem\u00e1tica de equidad de g\u00e9nero como  recursos para la futura programaci\u00f3n de otras iniciativas;<br>\u27a5 Comprender c\u00f3mo la programaci\u00f3n de la Federaci\u00f3n Canadiense de  Municipalidades muestra y refleja la importancia y la influencia de la  pol\u00edtica municipal como un cambio en el juego del poder y tambi\u00e9n  promueve los esfuerzos y el \u00e9xito de sus socios para lograr mayor  inclusi\u00f3n de la mujer en la gesti\u00f3n municipal y en puestos de toma de  decisiones;<br>\u27a5 La participaci\u00f3n en la Conferencia ayudar\u00e1 a mostrar el compromiso  continuo de FCM y las contribuciones concretas a la igualdad de g\u00e9nero; y  avanzar en la pol\u00edtica de Asuntos Globales Canad\u00e1 (GAC) sobre igualdad  de g\u00e9nero dentro de Bolivia y espec\u00edficamente dentro del Municipio de  Vinto;<br>\u27a5 Compartir e intercambiar las experiencias entre mujeres lideres,  activistas, j\u00f3venes, acad\u00e9micos y representantes de organismos  nacionales e internacionales y c\u00f3mo la visi\u00f3n de mujer l\u00edder contribuye a  la transparencia, la gobernabilidad y la gesti\u00f3n municipal.<\/p>\n\n\n\n<div class=\"wp-block-image\"><figure class=\"aligncenter\"><img data-attachment-id=\"1049\" data-permalink=\"https:\/\/pmi-del.cebem.org\/?attachment_id=1049\" data-orig-file=\"https:\/\/i0.wp.com\/pmi-del.cebem.org\/wp-content\/uploads\/2019\/08\/bol05-04.jpg?fit=1280%2C957&amp;ssl=1\" data-orig-size=\"1280,957\" data-comments-opened=\"1\" data-image-meta=\"{&quot;aperture&quot;:&quot;0&quot;,&quot;credit&quot;:&quot;&quot;,&quot;camera&quot;:&quot;&quot;,&quot;caption&quot;:&quot;&quot;,&quot;created_timestamp&quot;:&quot;0&quot;,&quot;copyright&quot;:&quot;&quot;,&quot;focal_length&quot;:&quot;0&quot;,&quot;iso&quot;:&quot;0&quot;,&quot;shutter_speed&quot;:&quot;0&quot;,&quot;title&quot;:&quot;&quot;,&quot;orientation&quot;:&quot;0&quot;}\" data-image-title=\"bol05-04\" data-image-description=\"\" data-image-caption=\"\" data-medium-file=\"https:\/\/i0.wp.com\/pmi-del.cebem.org\/wp-content\/uploads\/2019\/08\/bol05-04.jpg?fit=300%2C224&amp;ssl=1\" data-large-file=\"https:\/\/i0.wp.com\/pmi-del.cebem.org\/wp-content\/uploads\/2019\/08\/bol05-04.jpg?fit=750%2C561&amp;ssl=1\" loading=\"lazy\" width=\"750\" height=\"561\" src=\"https:\/\/i0.wp.com\/pmi-del.cebem.org\/wp-content\/uploads\/2019\/08\/bol05-04.jpg?resize=750%2C561&#038;ssl=1\" alt=\"\" class=\"wp-image-1049\" srcset=\"https:\/\/i0.wp.com\/pmi-del.cebem.org\/wp-content\/uploads\/2019\/08\/bol05-04.jpg?resize=1024%2C766&amp;ssl=1 1024w, https:\/\/i0.wp.com\/pmi-del.cebem.org\/wp-content\/uploads\/2019\/08\/bol05-04.jpg?resize=300%2C224&amp;ssl=1 300w, https:\/\/i0.wp.com\/pmi-del.cebem.org\/wp-content\/uploads\/2019\/08\/bol05-04.jpg?resize=768%2C574&amp;ssl=1 768w, https:\/\/i0.wp.com\/pmi-del.cebem.org\/wp-content\/uploads\/2019\/08\/bol05-04.jpg?resize=135%2C100&amp;ssl=1 135w, https:\/\/i0.wp.com\/pmi-del.cebem.org\/wp-content\/uploads\/2019\/08\/bol05-04.jpg?w=1280&amp;ssl=1 1280w\" sizes=\"(max-width: 750px) 100vw, 750px\" data-recalc-dims=\"1\" \/><\/figure><\/div>\n\n\n\n<div style=\"height:50px\" aria-hidden=\"true\" class=\"wp-block-spacer\"><\/div>\n\n\n\n<div class=\"wp-block-media-text\" style=\"grid-template-columns:52% auto\"><figure class=\"wp-block-media-text__media\"><img data-attachment-id=\"1050\" data-permalink=\"https:\/\/pmi-del.cebem.org\/?attachment_id=1050\" data-orig-file=\"https:\/\/i0.wp.com\/pmi-del.cebem.org\/wp-content\/uploads\/2019\/08\/bol05-05.jpg?fit=1280%2C957&amp;ssl=1\" data-orig-size=\"1280,957\" data-comments-opened=\"1\" data-image-meta=\"{&quot;aperture&quot;:&quot;0&quot;,&quot;credit&quot;:&quot;&quot;,&quot;camera&quot;:&quot;&quot;,&quot;caption&quot;:&quot;&quot;,&quot;created_timestamp&quot;:&quot;0&quot;,&quot;copyright&quot;:&quot;&quot;,&quot;focal_length&quot;:&quot;0&quot;,&quot;iso&quot;:&quot;0&quot;,&quot;shutter_speed&quot;:&quot;0&quot;,&quot;title&quot;:&quot;&quot;,&quot;orientation&quot;:&quot;0&quot;}\" data-image-title=\"bol05-05\" data-image-description=\"\" data-image-caption=\"\" data-medium-file=\"https:\/\/i0.wp.com\/pmi-del.cebem.org\/wp-content\/uploads\/2019\/08\/bol05-05.jpg?fit=300%2C224&amp;ssl=1\" data-large-file=\"https:\/\/i0.wp.com\/pmi-del.cebem.org\/wp-content\/uploads\/2019\/08\/bol05-05.jpg?fit=750%2C561&amp;ssl=1\" loading=\"lazy\" width=\"750\" height=\"561\" src=\"https:\/\/i0.wp.com\/pmi-del.cebem.org\/wp-content\/uploads\/2019\/08\/bol05-05.jpg?resize=750%2C561&#038;ssl=1\" alt=\"\" class=\"wp-image-1050\" srcset=\"https:\/\/i0.wp.com\/pmi-del.cebem.org\/wp-content\/uploads\/2019\/08\/bol05-05.jpg?resize=1024%2C766&amp;ssl=1 1024w, https:\/\/i0.wp.com\/pmi-del.cebem.org\/wp-content\/uploads\/2019\/08\/bol05-05.jpg?resize=300%2C224&amp;ssl=1 300w, https:\/\/i0.wp.com\/pmi-del.cebem.org\/wp-content\/uploads\/2019\/08\/bol05-05.jpg?resize=768%2C574&amp;ssl=1 768w, https:\/\/i0.wp.com\/pmi-del.cebem.org\/wp-content\/uploads\/2019\/08\/bol05-05.jpg?resize=135%2C100&amp;ssl=1 135w, https:\/\/i0.wp.com\/pmi-del.cebem.org\/wp-content\/uploads\/2019\/08\/bol05-05.jpg?w=1280&amp;ssl=1 1280w\" sizes=\"(max-width: 750px) 100vw, 750px\" data-recalc-dims=\"1\" \/><\/figure><div class=\"wp-block-media-text__content\">\n<p style=\"text-align:justify\">Dra. Patricia Arce Guzm\u00e1n, Alcaldesa de GAM Vinto comparti\u00f3 sus experiencias sobre c\u00f3mo est\u00e1 desarrollando habilidades de liderazgo en mujeres j\u00f3venes de su comunidad.<\/p>\n\n\n\n<p style=\"text-align:justify\">Experiencias compartidas como salir a trabajar junto a hombres en sus trabajos (para llamar su atenci\u00f3n y obtener su \u00abpermiso\u00bb para que sus esposas e hijas participen). Siempre explicando los beneficios a la familia. Importancia de trabajar con la unidad familiar y no hacer que suene como si se tratara de apoyar a las mujeres en lugar de a los hombres.<\/p>\n<\/div><\/div>\n\n\n\n<p style=\"background-color:#d9ffff\" class=\"has-background has-medium-font-size\" id=\"bol5-2\"><strong>Agenda de Trabajo<\/strong><\/p>\n\n\n\n<p style=\"text-align:justify\">La participaci\u00f3n de la Dra. Arce en la Conferencia se enfoc\u00f3 a atender y asistir a paneles oficiales, eventos paralelos, visitas de campo y viajes de estudio a municipios cercanos.<\/p>\n\n\n\n<p style=\"text-align:center\"><strong>* <\/strong><strong>\u201cMujeres por el Cambio;\nLiderazgo e Incidencia\u201d- <\/strong>&nbsp;Pabell\u00f3n Canad\u00e1<\/p>\n\n\n\n<p style=\"text-align:center\"><strong>Discusi\u00f3n conjunta sobre las\nactividades que se est\u00e1n realizando para abordar las barreras sistem\u00e1ticas\nsobre la participaci\u00f3n de las mujeres en el escenario de la pol\u00edtica municipal.<\/strong><\/p>\n\n\n\n<p style=\"text-align:justify\">Herramientas\ny buenas pr\u00e1cticas, planes de acci\u00f3n hacia la paridad, la perspectiva\ncanadiense. Posteriormente, el desaf\u00edo de Ciudades Amigables con las Mujeres \u2013 Exposici\u00f3n\nde las y los panelistas sobre Buenas Pr\u00e1cticas\/ Pr\u00e1cticas Inteligentes. <\/p>\n\n\n\n<p style=\"text-align:justify\">Las\npr\u00e1cticas o iniciativas inteligentes de las que est\u00e1n m\u00e1s orgullosos desde su\ncontexto y las que podr\u00edan ser un aprendizaje valioso para otros. <\/p>\n\n\n\n<hr class=\"wp-block-separator is-style-wide\"\/>\n\n\n\n<p style=\"text-align:center\"><strong>*Reuni\u00f3n entre los programas internacionales de la FCM<\/strong><\/p>\n\n\n\n<p style=\"text-align:center\"><strong>(PMI-DEL, CISAL, PLEDGG, entro otros)<\/strong><\/p>\n\n\n\n<p style=\"text-align:justify\">Compartiendo\ne intercambiando experiencias del departamento internacional de la FCM y los\nsocios canadienses para establecer criterios frente a la Conferencia. <\/p>\n\n\n\n<p style=\"text-align:justify\">Espacio orientado\nal networking entre los delegados internacionales y la interacci\u00f3n con sus\ncontrapartes canadienses, compartiendo experiencias y conocimientos con otras\nmujeres de todo el mundo. <\/p>\n\n\n\n<hr class=\"wp-block-separator is-style-wide\"\/>\n\n\n\n<p style=\"text-align:center\"><strong>*Evento paralelo de la FCM: Visita al Gobierno\nMunicipal de Vancouver<\/strong><\/p>\n\n\n\n<p style=\"text-align:justify\"><strong>Objetivo:<\/strong>\nVisita Oficial a la Alcald\u00eda Municipal y Sala del Concejo Municipal de la\nCiudad de Vancouver, seguida por una discusi\u00f3n sobre el Liderazgo de las\nMujeres, el papel color rosa oscuro, la estrategia de equidad de la ciudad de\nVancouver y compartir las lecciones aprendidas. Patrocinado por Alcalde Kennedy\ny Lauren Reid (asesora pol\u00edtica del Alcalde Kennedy).&nbsp; <\/p>\n\n\n\n<p style=\"text-align:justify\">Vancouver sancion\u00f3 la\nEstrategia de Equidad de G\u00e9nero bas\u00e1ndose en el desaf\u00edo del papel color rosa\noscuro para la equidad de g\u00e9nero en Vancouver.<\/p>\n\n\n\n<hr class=\"wp-block-separator is-style-wide\"\/>\n\n\n\n<p style=\"text-align:center\"><strong>*Conferencia: \u201cEjerciendo el poder para un buen\ngobierno local: Una conversaci\u00f3n con mujeres l\u00edderes en el \u00e1mbito municipal en\ntodo el mundo\u201d<\/strong><\/p>\n\n\n\n<p style=\"text-align:center\"><strong>Discutir y\nAnalizar El Rol de las Mujeres en el\nLiderazgo<\/strong><\/p>\n\n\n\n<p style=\"text-align:justify\">Las mujeres l\u00edderes tienen un impacto positivo sobre\nla gobernanza, el crecimiento econ\u00f3mico, la equidad de g\u00e9nero y el desarrollo\nsostenible con inclusi\u00f3n. Cuando las instituciones incluyen e involucran a mujeres\nest\u00e1n mejorando e incrementando la honestidad, la transparencia, la equidad, la\ninclusi\u00f3n y la empat\u00eda dentro del lugar de trabajo y en los resultados de la\ninstituci\u00f3n. <\/p>\n\n\n\n<p style=\"background-color:#d9ffff\" class=\"has-background has-medium-font-size\" id=\"bol5-3\"><strong>Recuerdos\ndel evento<\/strong><\/p>\n\n\n\n<div class=\"wp-container-3 wp-block-columns has-2-columns\">\n<div class=\"wp-container-1 wp-block-column\">\n<div class=\"wp-block-image\"><figure class=\"aligncenter is-resized\"><img data-attachment-id=\"1053\" data-permalink=\"https:\/\/pmi-del.cebem.org\/?attachment_id=1053\" data-orig-file=\"https:\/\/i0.wp.com\/pmi-del.cebem.org\/wp-content\/uploads\/2019\/08\/bol05-08.jpg?fit=1024%2C1413&amp;ssl=1\" data-orig-size=\"1024,1413\" data-comments-opened=\"1\" data-image-meta=\"{&quot;aperture&quot;:&quot;2.4&quot;,&quot;credit&quot;:&quot;&quot;,&quot;camera&quot;:&quot;iPhone X&quot;,&quot;caption&quot;:&quot;&quot;,&quot;created_timestamp&quot;:&quot;1559826996&quot;,&quot;copyright&quot;:&quot;&quot;,&quot;focal_length&quot;:&quot;6&quot;,&quot;iso&quot;:&quot;160&quot;,&quot;shutter_speed&quot;:&quot;0.05&quot;,&quot;title&quot;:&quot;&quot;,&quot;orientation&quot;:&quot;1&quot;}\" data-image-title=\"bol05-08\" data-image-description=\"&lt;p&gt;Taryn Russell, Directora de Campa\u00f1as de RESULTS Canad\u00e1&lt;\/p&gt;\n\" data-image-caption=\"&lt;p&gt;Fuente: RESULTS Canada&lt;\/p&gt;\n\" data-medium-file=\"https:\/\/i0.wp.com\/pmi-del.cebem.org\/wp-content\/uploads\/2019\/08\/bol05-08.jpg?fit=217%2C300&amp;ssl=1\" data-large-file=\"https:\/\/i0.wp.com\/pmi-del.cebem.org\/wp-content\/uploads\/2019\/08\/bol05-08.jpg?fit=742%2C1024&amp;ssl=1\" loading=\"lazy\" src=\"https:\/\/i0.wp.com\/pmi-del.cebem.org\/wp-content\/uploads\/2019\/08\/bol05-08.jpg?resize=200%2C256&#038;ssl=1\" alt=\"\" class=\"wp-image-1053\" width=\"200\" height=\"256\" data-recalc-dims=\"1\" \/><figcaption><a href=\"https:\/\/www.results-resultats.ca\/en\/2019\/07\/looking-back-at-women-deliver\/\" target=\"_blank\" rel=\"noreferrer noopener\" aria-label=\"Fuente: RESULTS Canada (opens in a new tab)\">Fuente: RESULTS Canada<\/a><\/figcaption><\/figure><\/div>\n<\/div>\n\n\n\n<div class=\"wp-container-2 wp-block-column\">\n<p style=\"text-align:justify\">\u00abEl tema del poder destac\u00f3 realmente en todos los aspectos de la     conferencia\u00bb \u00abIdeas diversas e innovadoras sobre c\u00f3mo podemos usar     nuestro poder para hablar y defender el progreso y el cambio surgieron     una y otra vez en la conferencia.\u00bb<br><em>(<\/em><a rel=\"noreferrer noopener\" href=\"https:\/\/www.results-resultats.ca\/en\/2019\/07\/looking-back-at-women-deliver\/\" target=\"_blank\"><em>Taryn Russell<\/em><\/a><em>, Directora de Campa\u00f1as de RESULTS Canad\u00e1) <\/em><\/p>\n<\/div>\n<\/div>\n\n\n\n<div style=\"height:50px\" aria-hidden=\"true\" class=\"wp-block-spacer\"><\/div>\n\n\n\n<div class=\"wp-container-6 wp-block-columns has-2-columns\">\n<div class=\"wp-container-4 wp-block-column\">\n<p>\n\u00abWomen Deliver Event &nbsp;dio a luz m\u00e1s de lo que esperaba. Muchas mujeres  \ncon las que habl\u00e9, as\u00ed como las que escuch\u00e9 hablar cuando asist\u00edan a las\n  sesiones sobre defensa y promoci\u00f3n y sobre c\u00f3mo usar nuestro poder,  \neran brillantes y talentosas. Tambi\u00e9n fueron valientes al compartir sus \n historias, a menudo dolorosas, sobre la desigualdad de g\u00e9nero. La  \nsabidur\u00eda de las mujeres mayores fue bienvenida, pero fue la pasi\u00f3n y el\n  activismo de las mujeres m\u00e1s j\u00f3venes lo que me dej\u00f3 sin aliento  \nmientras me llenaba de gran esperanza para el futuro\u00bb<br><a rel=\"noreferrer noopener\" href=\"https:\/\/www.results-resultats.ca\/en\/2019\/07\/looking-back-at-women-deliver\/\" target=\"_blank\"><em>Sherry Moran<\/em><\/a><em>, Defensora de los derechos de los ciudadanos, Ottawa.  <\/em><\/p>\n<\/div>\n\n\n\n<div class=\"wp-container-5 wp-block-column\">\n<div class=\"wp-block-image\"><figure class=\"aligncenter\"><img data-attachment-id=\"1051\" data-permalink=\"https:\/\/pmi-del.cebem.org\/?attachment_id=1051\" data-orig-file=\"https:\/\/i0.wp.com\/pmi-del.cebem.org\/wp-content\/uploads\/2019\/08\/bol05-06.jpg?fit=308%2C238&amp;ssl=1\" data-orig-size=\"308,238\" data-comments-opened=\"1\" data-image-meta=\"{&quot;aperture&quot;:&quot;1.8&quot;,&quot;credit&quot;:&quot;&quot;,&quot;camera&quot;:&quot;iPhone 8&quot;,&quot;caption&quot;:&quot;&quot;,&quot;created_timestamp&quot;:&quot;1559817317&quot;,&quot;copyright&quot;:&quot;&quot;,&quot;focal_length&quot;:&quot;3.99&quot;,&quot;iso&quot;:&quot;40&quot;,&quot;shutter_speed&quot;:&quot;0.0625&quot;,&quot;title&quot;:&quot;&quot;,&quot;orientation&quot;:&quot;1&quot;}\" data-image-title=\"bol05-06\" data-image-description=\"&lt;p&gt;Sherry Moran&lt;br \/&gt;\nDefensora de los derechos de los ciudadanos, Ottawa. &lt;\/p&gt;\n\" data-image-caption=\"&lt;p&gt;Fuente: RESULTS Canada&lt;\/p&gt;\n\" data-medium-file=\"https:\/\/i0.wp.com\/pmi-del.cebem.org\/wp-content\/uploads\/2019\/08\/bol05-06.jpg?fit=300%2C232&amp;ssl=1\" data-large-file=\"https:\/\/i0.wp.com\/pmi-del.cebem.org\/wp-content\/uploads\/2019\/08\/bol05-06.jpg?fit=308%2C238&amp;ssl=1\" loading=\"lazy\" width=\"308\" height=\"238\" src=\"https:\/\/i0.wp.com\/pmi-del.cebem.org\/wp-content\/uploads\/2019\/08\/bol05-06.jpg?resize=308%2C238&#038;ssl=1\" alt=\"\" class=\"wp-image-1051\" srcset=\"https:\/\/i0.wp.com\/pmi-del.cebem.org\/wp-content\/uploads\/2019\/08\/bol05-06.jpg?w=308&amp;ssl=1 308w, https:\/\/i0.wp.com\/pmi-del.cebem.org\/wp-content\/uploads\/2019\/08\/bol05-06.jpg?resize=300%2C232&amp;ssl=1 300w\" sizes=\"(max-width: 308px) 100vw, 308px\" data-recalc-dims=\"1\" \/><figcaption><a href=\"https:\/\/www.results-resultats.ca\/en\/2019\/07\/looking-back-at-women-deliver\/\" target=\"_blank\" rel=\"noreferrer noopener\" aria-label=\"Fuente: RESULTS Canada (opens in a new tab)\">Fuente: RESULTS Canada<\/a><\/figcaption><\/figure><\/div>\n<\/div>\n<\/div>\n\n\n\n<p style=\"background-color:#d9ffff\" class=\"has-background has-medium-font-size\" id=\"bol5-4\"><strong>Del\ncuaderno de notas de Katherine Murillo<\/strong><\/p>\n\n\n\n<div class=\"wp-block-image\"><figure class=\"aligncenter is-resized\"><img data-attachment-id=\"1052\" data-permalink=\"https:\/\/pmi-del.cebem.org\/?attachment_id=1052\" data-orig-file=\"https:\/\/i0.wp.com\/pmi-del.cebem.org\/wp-content\/uploads\/2019\/08\/bol05-07.jpg?fit=400%2C400&amp;ssl=1\" data-orig-size=\"400,400\" data-comments-opened=\"1\" data-image-meta=\"{&quot;aperture&quot;:&quot;0&quot;,&quot;credit&quot;:&quot;&quot;,&quot;camera&quot;:&quot;&quot;,&quot;caption&quot;:&quot;&quot;,&quot;created_timestamp&quot;:&quot;0&quot;,&quot;copyright&quot;:&quot;&quot;,&quot;focal_length&quot;:&quot;0&quot;,&quot;iso&quot;:&quot;0&quot;,&quot;shutter_speed&quot;:&quot;0&quot;,&quot;title&quot;:&quot;&quot;,&quot;orientation&quot;:&quot;0&quot;}\" data-image-title=\"bol05-07\" data-image-description=\"\" data-image-caption=\"\" data-medium-file=\"https:\/\/i0.wp.com\/pmi-del.cebem.org\/wp-content\/uploads\/2019\/08\/bol05-07.jpg?fit=300%2C300&amp;ssl=1\" data-large-file=\"https:\/\/i0.wp.com\/pmi-del.cebem.org\/wp-content\/uploads\/2019\/08\/bol05-07.jpg?fit=400%2C400&amp;ssl=1\" loading=\"lazy\" src=\"https:\/\/i0.wp.com\/pmi-del.cebem.org\/wp-content\/uploads\/2019\/08\/bol05-07.jpg?resize=300%2C300&#038;ssl=1\" alt=\"\" class=\"wp-image-1052\" width=\"300\" height=\"300\" srcset=\"https:\/\/i0.wp.com\/pmi-del.cebem.org\/wp-content\/uploads\/2019\/08\/bol05-07.jpg?w=400&amp;ssl=1 400w, https:\/\/i0.wp.com\/pmi-del.cebem.org\/wp-content\/uploads\/2019\/08\/bol05-07.jpg?resize=150%2C150&amp;ssl=1 150w, https:\/\/i0.wp.com\/pmi-del.cebem.org\/wp-content\/uploads\/2019\/08\/bol05-07.jpg?resize=300%2C300&amp;ssl=1 300w\" sizes=\"(max-width: 300px) 100vw, 300px\" data-recalc-dims=\"1\" \/><\/figure><\/div>\n\n\n\n<ul class=\"justext\"><li> Ser aut\u00e9ntico, tener valores, creer en algo, tener pasi\u00f3n y tus sue\u00f1os te llevar\u00e1n a d\u00f3nde quieres ir (Alcalde de Ucrania &#8211; hablando de liderazgo pol\u00edtico femenino).<\/li><li>Necesidad de contar con mujeres en puestos de toma de decisiones (\u00e9nfasis en el puesto de toma de decisiones. No s\u00f3lo las ONG, las OSC y los comit\u00e9s. Una vez all\u00ed, es necesario apoyar a la tutor\u00eda, la formaci\u00f3n u otras mujeres (mujeres j\u00f3venes). <\/li><li>\u00abSi nosotros [los hombres] somos parte del problema, entonces tienes que permitirnos ser parte de la soluci\u00f3n\u00bb. (Erik).  Importancia de involucrar a maridos, hermanos, familias &#8211; en la discusi\u00f3n del empoderamiento econ\u00f3mico y pol\u00edtico de las mujeres &#8211; beneficios para toda la familia.<\/li><li>\u00abNecesito trabajar con los j\u00f3venes y ayudarles a encontrar algo que les apasione\u00bb<\/li><li>\u201cSi est\u00e1s en una posici\u00f3n de poder, est\u00e1s en posici\u00f3n de empoderar a otros\u00bb<\/li><li>\u201cEl poder se trata de abordar las desigualdades &#8211; se trata de ser parte del equipo\u00bb<\/li><li>\u00abEl poder del silencio &#8211; se trata de dar poder a los dem\u00e1s\u00bb Alegr\u00eda <\/li><li>El compromiso real consiste en crear el espacio para abrir la palabra a las personas m\u00e1s vulnerables y ayudarlas a hablar (uno de los organizadores de Idle No More).<br>o Trabajando en el empoderamiento econ\u00f3mico, pero reforzamos los trabajos estereotipados &#8211; las mujeres como panaderas, artesanas, costureras &#8211; nos gustar\u00eda tener estrategias sobre c\u00f3mo promover los trabajos no tradicionales.<\/li><li>Camboya: \u00abLas mujeres son controladas por sus maridos\u00bb. A menudo no se les permite ir a trabajar<\/li><li>Erik dijo: \u00abSi nosotros somos parte del problema, entonces tienes que dejarnos ser parte de la soluci\u00f3n\u00bb. <\/li><\/ul>\n\n\n\n<p><strong>Compartiendo\nsu experiencia en Bolivia<\/strong><\/p>\n\n\n\n<p style=\"text-align:justify\">Tras la presentaci\u00f3n de su informe de participaci\u00f3n en el evento internacional ante el Concejo del municipio de Vinto y los t\u00e9cnicos del mismo, se destaca que la participaci\u00f3n en el evento de la Dra. Patricia Arce Guzm\u00e1n, Alcaldesa de GAM Vinto contribuir\u00e1 al fortalecimiento de las pol\u00edticas municipales con enfoque de g\u00e9nero. <\/p>\n\n\n\n<p style=\"text-align:justify\">Pr\u00f3ximamente se llevar\u00e1 a cabo en la ciudad de Cochabamba un importante curso de capacitaci\u00f3n en Desarrollo Econ\u00f3mico Local y G\u00e9nero (DELGEN).&nbsp; Concurren al desarrollo de este taller, junto al aporte del Programa Partenariados, el apoyo del programa ART-PNUD de Bolivia- Panam\u00e1 y ACOBOL. Dra. Arce es miembro actual del Directorio de la Asociaci\u00f3n de Autoridades electas y Concejalas de Bolivia.<\/p>\n\n\n\n<hr class=\"wp-block-separator is-style-wide\"\/>\n\n\n\n<p id=\"_ftn1\"><a href=\"#_ftnref1\">[1]<\/a> <em>Vancouver, Columbia Brit\u00e1nica, Canad\u00e1, 31 de mayo al 08 de junio de 2019<\/em><\/p>\n\n\n\n<p id=\"_ftn2\"><a href=\"#_ftnref2\">[2]<\/a> <em>P<\/em><em>rograma multinacional que busca del crecimiento econ\u00f3mico\nsostenible a nivel local, mediante el fortalecimiento de la capacidad de los\ngobiernos municipales y asociaciones de gobiernos locales en Bolivia, Burkina Faso,\nCosta de Marfil, Mali, Camboya y Vietnam. <\/em><\/p>\n\n\n\n<p id=\"_ftn3\"><a href=\"#_ftnref3\"><em>[3]<\/em><\/a><em> <\/em><em>Dra. Mar\u00eda Patricia\nArce Guzm\u00e1n es la Honorable Alcaldesa Municipal del Gobierno Aut\u00f3nomo Municipal\nde Vinto, Cochabamba, Bolivia, que participa activamente en el Programa de\nPartenariados<\/em><em>. <\/em><em><\/em><\/p>\n","protected":false},"excerpt":{"rendered":"<p>Partenariados Municipales para la Innovaci\u00f3n en Desarrollo Econ\u00f3mico Local BOLIVIA | Bolet\u00edn n\u00famero 5 | Julio 2019 El programa de partenariado de Bolivia participa en La Conferencia Global \u201cWomen Deliver \u2013 2019\u201d[1] Una cooperaci\u00f3n que globaliza las buenas pr\u00e1cticas locales Cooperaci\u00f3n que aporta al mundo muchas experiencias que resultan aprendizajes a trav\u00e9s de la lente [&hellip;]<\/p>\n","protected":false},"author":3,"featured_media":1044,"comment_status":"open","ping_status":"closed","sticky":false,"template":"","format":"standard","meta":{"jetpack_publicize_message":"","jetpack_is_tweetstorm":false,"jetpack_publicize_feature_enabled":true},"categories":[10],"tags":[19],"jetpack_publicize_connections":[],"jetpack_featured_media_url":"https:\/\/i0.wp.com\/pmi-del.cebem.org\/wp-content\/uploads\/2019\/08\/bol05-01.jpg?fit=1400%2C694&ssl=1","jetpack_sharing_enabled":true,"jetpack_shortlink":"https:\/\/wp.me\/p9d00R-gR","_links":{"self":[{"href":"https:\/\/pmi-del.cebem.org\/index.php?rest_route=\/wp\/v2\/posts\/1045"}],"collection":[{"href":"https:\/\/pmi-del.cebem.org\/index.php?rest_route=\/wp\/v2\/posts"}],"about":[{"href":"https:\/\/pmi-del.cebem.org\/index.php?rest_route=\/wp\/v2\/types\/post"}],"author":[{"embeddable":true,"href":"https:\/\/pmi-del.cebem.org\/index.php?rest_route=\/wp\/v2\/users\/3"}],"replies":[{"embeddable":true,"href":"https:\/\/pmi-del.cebem.org\/index.php?rest_route=%2Fwp%2Fv2%2Fcomments&post=1045"}],"version-history":[{"count":28,"href":"https:\/\/pmi-del.cebem.org\/index.php?rest_route=\/wp\/v2\/posts\/1045\/revisions"}],"predecessor-version":[{"id":1160,"href":"https:\/\/pmi-del.cebem.org\/index.php?rest_route=\/wp\/v2\/posts\/1045\/revisions\/1160"}],"wp:featuredmedia":[{"embeddable":true,"href":"https:\/\/pmi-del.cebem.org\/index.php?rest_route=\/wp\/v2\/media\/1044"}],"wp:attachment":[{"href":"https:\/\/pmi-del.cebem.org\/index.php?rest_route=%2Fwp%2Fv2%2Fmedia&parent=1045"}],"wp:term":[{"taxonomy":"category","embeddable":true,"href":"https:\/\/pmi-del.cebem.org\/index.php?rest_route=%2Fwp%2Fv2%2Fcategories&post=1045"},{"taxonomy":"post_tag","embeddable":true,"href":"https:\/\/pmi-del.cebem.org\/index.php?rest_route=%2Fwp%2Fv2%2Ftags&post=1045"}],"curies":[{"name":"wp","href":"https:\/\/api.w.org\/{rel}","templated":true}]}}