{"id":1034,"date":"2019-08-15T17:19:45","date_gmt":"2019-08-15T21:19:45","guid":{"rendered":"http:\/\/pmi-del.cebem.org\/?p=1034"},"modified":"2019-08-15T17:55:37","modified_gmt":"2019-08-15T21:55:37","slug":"presentacion-del-compendio-normativo-municipal-instrumento-juridico-elaborado-por-la-fam-bolivia-y-el-sea","status":"publish","type":"post","link":"https:\/\/pmi-del.cebem.org\/?p=1034","title":{"rendered":"Presentaci\u00f3n del \u201cCompendio Normativo Municipal\u201d instrumento jur\u00eddico elaborado por la FAM-Bolivia y \u00e9l SEA"},"content":{"rendered":"\n<div class=\"wp-block-image\"><figure class=\"aligncenter is-resized\"><img data-attachment-id=\"1035\" data-permalink=\"https:\/\/pmi-del.cebem.org\/?attachment_id=1035\" data-orig-file=\"https:\/\/i0.wp.com\/pmi-del.cebem.org\/wp-content\/uploads\/2019\/08\/Compendio-Normativo-FAM-1.jpg?fit=1280%2C960&amp;ssl=1\" data-orig-size=\"1280,960\" data-comments-opened=\"1\" data-image-meta=\"{&quot;aperture&quot;:&quot;0&quot;,&quot;credit&quot;:&quot;&quot;,&quot;camera&quot;:&quot;SNE-LX3&quot;,&quot;caption&quot;:&quot;&quot;,&quot;created_timestamp&quot;:&quot;0&quot;,&quot;copyright&quot;:&quot;&quot;,&quot;focal_length&quot;:&quot;0&quot;,&quot;iso&quot;:&quot;0&quot;,&quot;shutter_speed&quot;:&quot;0&quot;,&quot;title&quot;:&quot;&quot;,&quot;orientation&quot;:&quot;1&quot;}\" data-image-title=\"Compendio Normativo FAM 1\" data-image-description=\"\" data-image-caption=\"\" data-medium-file=\"https:\/\/i0.wp.com\/pmi-del.cebem.org\/wp-content\/uploads\/2019\/08\/Compendio-Normativo-FAM-1.jpg?fit=300%2C225&amp;ssl=1\" data-large-file=\"https:\/\/i0.wp.com\/pmi-del.cebem.org\/wp-content\/uploads\/2019\/08\/Compendio-Normativo-FAM-1.jpg?fit=750%2C563&amp;ssl=1\" loading=\"lazy\" src=\"https:\/\/i0.wp.com\/pmi-del.cebem.org\/wp-content\/uploads\/2019\/08\/Compendio-Normativo-FAM-1.jpg?resize=512%2C384&#038;ssl=1\" alt=\"\" class=\"wp-image-1035\" width=\"512\" height=\"384\" srcset=\"https:\/\/i0.wp.com\/pmi-del.cebem.org\/wp-content\/uploads\/2019\/08\/Compendio-Normativo-FAM-1.jpg?resize=1024%2C768&amp;ssl=1 1024w, https:\/\/i0.wp.com\/pmi-del.cebem.org\/wp-content\/uploads\/2019\/08\/Compendio-Normativo-FAM-1.jpg?resize=300%2C225&amp;ssl=1 300w, https:\/\/i0.wp.com\/pmi-del.cebem.org\/wp-content\/uploads\/2019\/08\/Compendio-Normativo-FAM-1.jpg?resize=768%2C576&amp;ssl=1 768w, https:\/\/i0.wp.com\/pmi-del.cebem.org\/wp-content\/uploads\/2019\/08\/Compendio-Normativo-FAM-1.jpg?resize=135%2C100&amp;ssl=1 135w, https:\/\/i0.wp.com\/pmi-del.cebem.org\/wp-content\/uploads\/2019\/08\/Compendio-Normativo-FAM-1.jpg?w=1280&amp;ssl=1 1280w\" sizes=\"(max-width: 512px) 100vw, 512px\" data-recalc-dims=\"1\" \/><\/figure><\/div>\n\n\n\n<p>La Federaci\u00f3n de Asociaciones Municipales (FAM Bolivia) representante del Sistema Asociativo Municipal (SAM), juntos al Servicio Estatal de Autonom\u00edas (SEA), presentaron el d\u00eda de hoy jueves 15 de agosto de 2019, el <strong>Compendio Normativo Municipal<\/strong> en la Aula Magna de la Carrera de Ciencias Pol\u00edticas y Gesti\u00f3n P\u00fablica de la Universidad Mayor de San Andr\u00e9s (UMSA) en La Paz Bolivia.<\/p>\n\n\n\n<p>Es una compilaci\u00f3n de quince leyes que tiende a ser <strong>un instrumento que permita el an\u00e1lisis, debate y comprensi\u00f3n<\/strong> al momento de implementar pol\u00edticas municipales, que profundicen el proceso de descentralizaci\u00f3n y por ende las autonom\u00edas municipales; a su vez posibilitar\u00e1 observar los avances que se realizaron en el \u00e1mbito municipal y tambi\u00e9n brindar\u00e1 pautas para la reflexi\u00f3n sobre los nuevos desaf\u00edos que quedan para seguir perfeccionando el trabajo y la gesti\u00f3n de los Gobiernos Auton\u00f3micos Municipales del Estado Plurinacional de Bolivia, tal como resalta su Presidente y Alcalde del GAM de Uriondo &#8211; Tarija,&nbsp; Alvaro Horacio Ruiz Garcia.<\/p>\n\n\n\n<div class=\"wp-block-image\"><figure class=\"aligncenter is-resized\"><img data-attachment-id=\"1037\" data-permalink=\"https:\/\/pmi-del.cebem.org\/?attachment_id=1037\" data-orig-file=\"https:\/\/i0.wp.com\/pmi-del.cebem.org\/wp-content\/uploads\/2019\/08\/Compendio-Normativo-FAM-3.jpg?fit=1280%2C960&amp;ssl=1\" data-orig-size=\"1280,960\" data-comments-opened=\"1\" data-image-meta=\"{&quot;aperture&quot;:&quot;0&quot;,&quot;credit&quot;:&quot;&quot;,&quot;camera&quot;:&quot;SNE-LX3&quot;,&quot;caption&quot;:&quot;&quot;,&quot;created_timestamp&quot;:&quot;0&quot;,&quot;copyright&quot;:&quot;&quot;,&quot;focal_length&quot;:&quot;0&quot;,&quot;iso&quot;:&quot;0&quot;,&quot;shutter_speed&quot;:&quot;0&quot;,&quot;title&quot;:&quot;&quot;,&quot;orientation&quot;:&quot;1&quot;}\" data-image-title=\"Compendio Normativo FAM 3\" data-image-description=\"\" data-image-caption=\"\" data-medium-file=\"https:\/\/i0.wp.com\/pmi-del.cebem.org\/wp-content\/uploads\/2019\/08\/Compendio-Normativo-FAM-3.jpg?fit=300%2C225&amp;ssl=1\" data-large-file=\"https:\/\/i0.wp.com\/pmi-del.cebem.org\/wp-content\/uploads\/2019\/08\/Compendio-Normativo-FAM-3.jpg?fit=750%2C563&amp;ssl=1\" loading=\"lazy\" src=\"https:\/\/i0.wp.com\/pmi-del.cebem.org\/wp-content\/uploads\/2019\/08\/Compendio-Normativo-FAM-3.jpg?resize=512%2C384&#038;ssl=1\" alt=\"\" class=\"wp-image-1037\" width=\"512\" height=\"384\" srcset=\"https:\/\/i0.wp.com\/pmi-del.cebem.org\/wp-content\/uploads\/2019\/08\/Compendio-Normativo-FAM-3.jpg?resize=1024%2C768&amp;ssl=1 1024w, https:\/\/i0.wp.com\/pmi-del.cebem.org\/wp-content\/uploads\/2019\/08\/Compendio-Normativo-FAM-3.jpg?resize=300%2C225&amp;ssl=1 300w, https:\/\/i0.wp.com\/pmi-del.cebem.org\/wp-content\/uploads\/2019\/08\/Compendio-Normativo-FAM-3.jpg?resize=768%2C576&amp;ssl=1 768w, https:\/\/i0.wp.com\/pmi-del.cebem.org\/wp-content\/uploads\/2019\/08\/Compendio-Normativo-FAM-3.jpg?resize=135%2C100&amp;ssl=1 135w, https:\/\/i0.wp.com\/pmi-del.cebem.org\/wp-content\/uploads\/2019\/08\/Compendio-Normativo-FAM-3.jpg?w=1280&amp;ssl=1 1280w\" sizes=\"(max-width: 512px) 100vw, 512px\" data-recalc-dims=\"1\" \/><\/figure><\/div>\n\n\n\n<p>Por su parte el Director del Servicio Estatal de Autonom\u00edas Rodrigo Puerta Orellana, se\u00f1ala que el objetivo del compendio es que las autoridades y personal t\u00e9cnico de los Gobiernos Aut\u00f3nomos Municipales <strong>cuenten con normativa que ayude al fortalecimiento de sus respectivas entidades.<\/strong> Por lo tanto, el documento pretende generar impacto en la cualificaci\u00f3n normativa y, con ello, aportar en la mejora del ejercicio competencial.<\/p>\n\n\n\n<div class=\"wp-block-image\"><figure class=\"aligncenter is-resized\"><img data-attachment-id=\"1036\" data-permalink=\"https:\/\/pmi-del.cebem.org\/?attachment_id=1036\" data-orig-file=\"https:\/\/i0.wp.com\/pmi-del.cebem.org\/wp-content\/uploads\/2019\/08\/Compendio-Normativo-FAM-2.jpg?fit=1280%2C1706&amp;ssl=1\" data-orig-size=\"1280,1706\" data-comments-opened=\"1\" data-image-meta=\"{&quot;aperture&quot;:&quot;0&quot;,&quot;credit&quot;:&quot;&quot;,&quot;camera&quot;:&quot;SNE-LX3&quot;,&quot;caption&quot;:&quot;&quot;,&quot;created_timestamp&quot;:&quot;0&quot;,&quot;copyright&quot;:&quot;&quot;,&quot;focal_length&quot;:&quot;0&quot;,&quot;iso&quot;:&quot;0&quot;,&quot;shutter_speed&quot;:&quot;0&quot;,&quot;title&quot;:&quot;&quot;,&quot;orientation&quot;:&quot;1&quot;}\" data-image-title=\"Compendio Normativo FAM 2\" data-image-description=\"\" data-image-caption=\"\" data-medium-file=\"https:\/\/i0.wp.com\/pmi-del.cebem.org\/wp-content\/uploads\/2019\/08\/Compendio-Normativo-FAM-2.jpg?fit=225%2C300&amp;ssl=1\" data-large-file=\"https:\/\/i0.wp.com\/pmi-del.cebem.org\/wp-content\/uploads\/2019\/08\/Compendio-Normativo-FAM-2.jpg?fit=750%2C1000&amp;ssl=1\" loading=\"lazy\" src=\"https:\/\/i0.wp.com\/pmi-del.cebem.org\/wp-content\/uploads\/2019\/08\/Compendio-Normativo-FAM-2.jpg?resize=384%2C512&#038;ssl=1\" alt=\"\" class=\"wp-image-1036\" width=\"384\" height=\"512\" srcset=\"https:\/\/i0.wp.com\/pmi-del.cebem.org\/wp-content\/uploads\/2019\/08\/Compendio-Normativo-FAM-2.jpg?resize=768%2C1024&amp;ssl=1 768w, https:\/\/i0.wp.com\/pmi-del.cebem.org\/wp-content\/uploads\/2019\/08\/Compendio-Normativo-FAM-2.jpg?resize=225%2C300&amp;ssl=1 225w, https:\/\/i0.wp.com\/pmi-del.cebem.org\/wp-content\/uploads\/2019\/08\/Compendio-Normativo-FAM-2.jpg?w=1280&amp;ssl=1 1280w\" sizes=\"(max-width: 384px) 100vw, 384px\" data-recalc-dims=\"1\" \/><\/figure><\/div>\n\n\n\n<p><strong>El Programa PMI-DEL Bolivia de la Federaci\u00f3n Canadiense de Municipalidades (FCM) saluda y felicita esta iniciativa<\/strong> esperada por quienes tienen que ver con el quehacer municipal y la propia academia; al mismo tiempo, indicar que es intenci\u00f3n de la FAM Bolivia y la FCM trabajar un otro instrumento que haga posible conocer y comprender la normativa sobre Desarrollo Econ\u00f3mico Local Municipal (DEL) en nuestro pa\u00eds.<\/p>\n\n\n\n<div class=\"wp-block-button aligncenter\"><a class=\"wp-block-button__link\" href=\"http:\/\/sea.gob.bo\/compendioNormativo\/CN.pdf\" target=\"_blank\" rel=\"noopener noreferrer\">Descargar  el Compendio Normativo Municipal<\/a><\/div>\n","protected":false},"excerpt":{"rendered":"<p>La FAM Bolivia representante del Sistema Asociativo Municipal (SAM), junto al SEA, presentaron el d\u00eda de hoy jueves 15 de agosto de 2019, el Compendio Normativo Municipal en la Universidad Mayor de San Andr\u00e9s (UMSA) en La Paz Bolivia.<\/p>\n","protected":false},"author":3,"featured_media":1035,"comment_status":"closed","ping_status":"closed","sticky":false,"template":"","format":"standard","meta":{"jetpack_publicize_message":"#Presentaci\u00f3n del \u201cCompendio Normativo Municipal\u201d instrumento jur\u00eddico elaborado por la FAM-Bolivia y \u00e9l SEA","jetpack_is_tweetstorm":false,"jetpack_publicize_feature_enabled":true},"categories":[3],"tags":[],"jetpack_publicize_connections":[],"jetpack_featured_media_url":"https:\/\/i0.wp.com\/pmi-del.cebem.org\/wp-content\/uploads\/2019\/08\/Compendio-Normativo-FAM-1.jpg?fit=1280%2C960&ssl=1","jetpack_sharing_enabled":true,"jetpack_shortlink":"https:\/\/wp.me\/p9d00R-gG","_links":{"self":[{"href":"https:\/\/pmi-del.cebem.org\/index.php?rest_route=\/wp\/v2\/posts\/1034"}],"collection":[{"href":"https:\/\/pmi-del.cebem.org\/index.php?rest_route=\/wp\/v2\/posts"}],"about":[{"href":"https:\/\/pmi-del.cebem.org\/index.php?rest_route=\/wp\/v2\/types\/post"}],"author":[{"embeddable":true,"href":"https:\/\/pmi-del.cebem.org\/index.php?rest_route=\/wp\/v2\/users\/3"}],"replies":[{"embeddable":true,"href":"https:\/\/pmi-del.cebem.org\/index.php?rest_route=%2Fwp%2Fv2%2Fcomments&post=1034"}],"version-history":[{"count":4,"href":"https:\/\/pmi-del.cebem.org\/index.php?rest_route=\/wp\/v2\/posts\/1034\/revisions"}],"predecessor-version":[{"id":1042,"href":"https:\/\/pmi-del.cebem.org\/index.php?rest_route=\/wp\/v2\/posts\/1034\/revisions\/1042"}],"wp:featuredmedia":[{"embeddable":true,"href":"https:\/\/pmi-del.cebem.org\/index.php?rest_route=\/wp\/v2\/media\/1035"}],"wp:attachment":[{"href":"https:\/\/pmi-del.cebem.org\/index.php?rest_route=%2Fwp%2Fv2%2Fmedia&parent=1034"}],"wp:term":[{"taxonomy":"category","embeddable":true,"href":"https:\/\/pmi-del.cebem.org\/index.php?rest_route=%2Fwp%2Fv2%2Fcategories&post=1034"},{"taxonomy":"post_tag","embeddable":true,"href":"https:\/\/pmi-del.cebem.org\/index.php?rest_route=%2Fwp%2Fv2%2Ftags&post=1034"}],"curies":[{"name":"wp","href":"https:\/\/api.w.org\/{rel}","templated":true}]}}